{"id":5574,"date":"2017-09-22T16:40:24","date_gmt":"2017-09-22T16:40:24","guid":{"rendered":"https:\/\/blogs.transparent.com\/icelandic\/?p=5574"},"modified":"2017-09-30T16:49:09","modified_gmt":"2017-09-30T16:49:09","slug":"the-week-of-exercises-passive","status":"publish","type":"post","link":"https:\/\/blogs.transparent.com\/icelandic\/2017\/09\/22\/the-week-of-exercises-passive\/","title":{"rendered":"The Week of Exercises! (Passive)"},"content":{"rendered":"<p>Today I&#8217;m going to share a few practices with you for the passive voice, which we went over in July. I hope you find these helpful. I&#8217;ll post additional exercises over the next week, for you to get used to the passive before we finish the topic up.<\/p>\n<p>&nbsp;<\/p>\n<p>Also, as a note: I\u2019ve been having trouble keeping up with things lately, and I want to apologize for the sparse pages of my blog. I\u2019ve received kind emails and comments from a number of you &#8211; and I want to thank for your that. The next few entries, I&#8217;m going to spend on exercises as a follow-up to July&#8217;s entries on passive voice. Then I want to wrap up passive voice (we still haven&#8217;t talked about modeling it using -st verbs).<\/p>\n<p>&nbsp;<\/p>\n<p>Here are the blogs I&#8217;m referring to:<\/p>\n<p><a href=\"https:\/\/blogs.transparent.com\/icelandic\/2017\/07\/18\/the-passive-voice-as-straightforward-as-it-seems\/\" target=\"_blank\" rel=\"noopener\">Part I<\/a><\/p>\n<p><a href=\"https:\/\/blogs.transparent.com\/icelandic\/2017\/07\/27\/passive-voice-part-ii-dative-v-accusativeadditional-cases-mingling-with-passive\/\" target=\"_blank\" rel=\"noopener\">Part II<\/a><\/p>\n<p><a href=\"https:\/\/blogs.transparent.com\/icelandic\/2017\/07\/31\/passive-part-iii-strong-and-weak-past-participles\/\" target=\"_blank\" rel=\"noopener\">Part III <\/a><\/p>\n<p>&nbsp;<\/p>\n<span class=\"shortcode-typography\" style=\"font-family: Arial, Helvetica, sans-serif; font-size: 24px; color: #000000;\">JUST THE BASICS<\/span>\n<p>*<em>For the record, these are not exercises of my own making: they are pulled from one of my Icelandic language books. <\/em><\/p>\n<p><em><div class=\"woo-sc-hr\"><\/div>\u00a0<\/em><\/p>\n<p><em>Like so:<\/em><\/p>\n<p>X bor\u00f0ar allt brau\u00f0i\u00f0 = <strong>allt brau<\/strong><strong>\u00f0i\u00f0 er bor\u00f0a\u00f0<\/strong><\/p>\n<p>X sag\u00f0i s\u00f6guna \u00ed g\u00e6r = <strong>Sagan var s\u00f6g\u00f0 \u00ed g\u00e6r <\/strong><\/p>\n<p><strong><div class=\"woo-sc-hr\"><\/div>\u00a0<\/strong><\/p>\n<ul>\n<li>X leyfir ekki reykingar<\/li>\n<li>X r\u00e6\u00f0ir m\u00e1li\u00f0<\/li>\n<li>X vei\u00f0ir laxinn \u00ed net<\/li>\n<li>X sendir br\u00e9fin \u00ed p\u00f3sti<\/li>\n<li>X skreytir h\u00fasi\u00f0 fyrir j\u00f3lin<\/li>\n<li>X notar b\u00e6kurnar til gjafa<\/li>\n<li>X grunar hana um lygi<\/li>\n<li>X s\u00fdnir myndirnar \u00ed listasafninu<\/li>\n<li>X flengir b\u00f6rnin ef \u00feau l\u00e1ta illa<\/li>\n<li>X \u00feynnir s\u00fapuna me\u00f0 vatni<\/li>\n<\/ul>\n<p>&nbsp;<\/p>\n<p><strong>Don\u2019t forget to use BIN if you need to:\u00a0<a href=\"http:\/\/bin.arnastofnun.is\/forsida\/\">http:\/\/bin.arnastofnun.is\/forsida\/<\/a><\/strong><\/p>\n<p><strong>And another useful tool is:\u00a0<a href=\"http:\/\/malid.is\">http:\/\/malid.is<\/a>. There, you can access a number of different dictionaries and resources \u2013 including monolingual dictionaries to some extent, etymology, and declension machines. <\/strong><\/p>\n<p>&nbsp;<\/p>\n<p>And once you\u2019ve completed them, here are the answers:<\/p>\n<div class=\"shortcode-toggle toggle-open-me closed default border\"><h4 class=\"toggle-trigger\"><a href=\"#\">Open Me<\/a><\/h4>\n<div class=\"toggle-content\"><\/p>\n<p>(1) Reykingar eru ekki leyf\u00f0ar<\/p>\n<p>(2) M\u00e1li\u00f0 er r\u00e6tt.<\/p>\n<p>(3) Laxinn er veiddur \u00ed net<\/p>\n<p>(4) Br\u00e9fin er send \u00ed p\u00f3sti<\/p>\n<p>(5) H\u00fasi\u00f0 er skreytt fyrir j\u00f3lin<\/p>\n<p>(6) B\u00e6kurnar voru nota\u00f0ar til gjafa<\/p>\n<p>(7) H\u00fan er grunu\u00f0 um lygi<\/p>\n<p>(8) Myndirnar eru s\u00fdndar \u00ed listasafninu<\/p>\n<p>(9) B\u00f6rnin eru flengd ef \u00feau l\u00e1ta illa<\/p>\n<p>(10) S\u00fapan er \u00fe\u00fdnnt me\u00f0 vatni<\/p>\n<p><\/div><!--\/.toggle-content-->\n<input type=\"hidden\" name=\"title_open\" value=\"Close Me\" \/><input type=\"hidden\" name=\"title_closed\" value=\"Open Me\" \/><\/div><!--\/.shortcode-toggle-->\n<p>&nbsp;<\/p>\n<span class=\"shortcode-typography\" style=\"font-family: 'Freehand'; font-size: 24px; color: #000000;\">A LITTLE MORE COMPLEXITY<\/span>\n<div class=\"woo-sc-hr\"><\/div>\n<p>X tamdi hestana = Hestarnir voru tamdir<\/p>\n<p>X samdi s\u00f6guna \u00e1 s\u00ed\u00f0asta \u00e1ri = Sagan var samin \u00e1 s\u00ed\u00f0asta \u00e1ri.<\/p>\n<div class=\"woo-sc-hr\"><\/div>\n<ul>\n<li>X vekur Steinu klukkan sj\u00f6 \u00e1 hverjum morgni<\/li>\n<li>X lemur hundinn<\/li>\n<li>X semur m\u00f6rg l\u00f6g \u00e1 \u00e1ri<\/li>\n<li>X temur lj\u00f3ni\u00f0<\/li>\n<li>X velur alltaf besta bitann fyrst<\/li>\n<li>X telur peningana tvisvar<\/li>\n<li>X skildi krakkana eftir \u00e1 leikvellinum<\/li>\n<\/ul>\n<p>&nbsp;<\/p>\n<p>Answer key:<\/p>\n<div class=\"shortcode-toggle toggle-answer-key closed default border\"><h4 class=\"toggle-trigger\"><a href=\"#\">Answer Key<\/a><\/h4>\n<div class=\"toggle-content\"><\/p>\n<p>(1) Steina er vakin klukkan sj\u00f6 \u00e1 hverjum morgni<\/p>\n<p>(2) Hundurinn er laminn<\/p>\n<p>(3) M\u00f6rg l\u00f6g eru samin \u00e1 \u00e1ri<\/p>\n<p>(4) Lj\u00f3ni\u00f0 er tami\u00f0<\/p>\n<p>(5) Besti bitinn er alltaf valinn fyrst<\/p>\n<p>(6) Peningarnir eru taldi tvisvar<\/p>\n<p>(7) Krakkarnir voru skildir eftir \u00e1 leikvellinum<\/div><!--\/.toggle-content-->\n<input type=\"hidden\" name=\"title_open\" value=\"Close Me\" \/><input type=\"hidden\" name=\"title_closed\" value=\"Answer Key\" \/><\/div><!--\/.shortcode-toggle-->\n<p>&nbsp;<\/p>\n<p>&nbsp;<\/p>\n","protected":false},"excerpt":{"rendered":"<p>Today I&#8217;m going to share a few practices with you for the passive voice, which we went over in July. I hope you find these helpful. I&#8217;ll post additional exercises over the next week, for you to get used to the passive before we finish the topic up. &nbsp; Also, as a note: I\u2019ve been&hellip;<\/p>\n<p class=\"post-item__readmore\"><a class=\"btn btn--md\" href=\"https:\/\/blogs.transparent.com\/icelandic\/2017\/09\/22\/the-week-of-exercises-passive\/\">Continue Reading<\/a><\/p>","protected":false},"author":145,"featured_media":0,"comment_status":"open","ping_status":"open","sticky":false,"template":"","format":"standard","meta":{"content-type":""},"categories":[91175],"tags":[12722],"class_list":["post-5574","post","type-post","status-publish","hentry","category-icelandic-grammar","tag-exercises"],"aioseo_notices":[],"aioseo_head":"\n\t\t<!-- All in One SEO 5.0.0.1 - aioseo.com -->\n\t<meta name=\"description\" content=\"Today I&#039;m going to share a few practices with you for the passive voice, which we went over in July. I hope you find these helpful. I&#039;ll post additional exercises over the next week, for you to get used to the passive before we finish the topic up. Also, as a note: I\u2019ve been\" \/>\n\t<meta name=\"robots\" content=\"max-image-preview:large\" \/>\n\t<meta name=\"author\" content=\"Meg\"\/>\n\t<meta name=\"keywords\" content=\"exercises!\" \/>\n\t<link rel=\"canonical\" href=\"https:\/\/blogs.transparent.com\/icelandic\/2017\/09\/22\/the-week-of-exercises-passive\/\" \/>\n\t<meta name=\"generator\" content=\"All in One SEO (AIOSEO) 5.0.0.1\" \/>\n\t\t<meta property=\"og:locale\" content=\"en_US\" \/>\n\t\t<meta property=\"og:site_name\" content=\"Icelandic Language  Blog | Language and Culture of the Icelandic-Speaking World\" \/>\n\t\t<meta property=\"og:type\" content=\"article\" \/>\n\t\t<meta property=\"og:title\" content=\"The Week of Exercises! (Passive) | Icelandic Language Blog\" \/>\n\t\t<meta property=\"og:description\" content=\"Today I&#039;m going to share a few practices with you for the passive voice, which we went over in July. I hope you find these helpful. I&#039;ll post additional exercises over the next week, for you to get used to the passive before we finish the topic up. Also, as a note: I\u2019ve been\" \/>\n\t\t<meta property=\"og:url\" content=\"https:\/\/blogs.transparent.com\/icelandic\/2017\/09\/22\/the-week-of-exercises-passive\/\" \/>\n\t\t<meta property=\"article:published_time\" content=\"2017-09-22T16:40:24+00:00\" \/>\n\t\t<meta property=\"article:modified_time\" content=\"2017-09-30T16:49:09+00:00\" \/>\n\t\t<meta name=\"twitter:card\" content=\"summary_large_image\" \/>\n\t\t<meta name=\"twitter:title\" content=\"The Week of Exercises! (Passive) | Icelandic Language Blog\" \/>\n\t\t<meta name=\"twitter:description\" content=\"Today I&#039;m going to share a few practices with you for the passive voice, which we went over in July. I hope you find these helpful. I&#039;ll post additional exercises over the next week, for you to get used to the passive before we finish the topic up. Also, as a note: I\u2019ve been\" \/>\n\t\t<script type=\"application\/ld+json\" class=\"aioseo-schema\">\n\t\t\t{\"@context\":\"https:\\\/\\\/schema.org\",\"@graph\":[{\"@type\":\"Article\",\"@id\":\"https:\\\/\\\/blogs.transparent.com\\\/icelandic\\\/2017\\\/09\\\/22\\\/the-week-of-exercises-passive\\\/#article\",\"name\":\"The Week of Exercises! (Passive) | Icelandic Language Blog\",\"headline\":\"The Week of Exercises! (Passive)\",\"author\":{\"@id\":\"https:\\\/\\\/blogs.transparent.com\\\/icelandic\\\/author\\\/megmatich\\\/#author\"},\"publisher\":{\"@id\":\"https:\\\/\\\/blogs.transparent.com\\\/icelandic\\\/#organization\"},\"datePublished\":\"2017-09-22T16:40:24+00:00\",\"dateModified\":\"2017-09-30T16:49:09+00:00\",\"inLanguage\":\"en-US\",\"commentCount\":4,\"mainEntityOfPage\":{\"@id\":\"https:\\\/\\\/blogs.transparent.com\\\/icelandic\\\/2017\\\/09\\\/22\\\/the-week-of-exercises-passive\\\/#webpage\"},\"isPartOf\":{\"@id\":\"https:\\\/\\\/blogs.transparent.com\\\/icelandic\\\/2017\\\/09\\\/22\\\/the-week-of-exercises-passive\\\/#webpage\"},\"articleSection\":\"Icelandic grammar, exercises!\"},{\"@type\":\"BreadcrumbList\",\"@id\":\"https:\\\/\\\/blogs.transparent.com\\\/icelandic\\\/2017\\\/09\\\/22\\\/the-week-of-exercises-passive\\\/#breadcrumblist\",\"itemListElement\":[{\"@type\":\"ListItem\",\"@id\":\"https:\\\/\\\/blogs.transparent.com\\\/icelandic#listItem\",\"position\":1,\"name\":\"Home\",\"item\":\"https:\\\/\\\/blogs.transparent.com\\\/icelandic\",\"nextItem\":{\"@type\":\"ListItem\",\"@id\":\"https:\\\/\\\/blogs.transparent.com\\\/icelandic\\\/category\\\/icelandic-grammar\\\/#listItem\",\"name\":\"Icelandic grammar\"}},{\"@type\":\"ListItem\",\"@id\":\"https:\\\/\\\/blogs.transparent.com\\\/icelandic\\\/category\\\/icelandic-grammar\\\/#listItem\",\"position\":2,\"name\":\"Icelandic grammar\",\"item\":\"https:\\\/\\\/blogs.transparent.com\\\/icelandic\\\/category\\\/icelandic-grammar\\\/\",\"nextItem\":{\"@type\":\"ListItem\",\"@id\":\"https:\\\/\\\/blogs.transparent.com\\\/icelandic\\\/2017\\\/09\\\/22\\\/the-week-of-exercises-passive\\\/#listItem\",\"name\":\"The Week of Exercises! (Passive)\"},\"previousItem\":{\"@type\":\"ListItem\",\"@id\":\"https:\\\/\\\/blogs.transparent.com\\\/icelandic#listItem\",\"name\":\"Home\"}},{\"@type\":\"ListItem\",\"@id\":\"https:\\\/\\\/blogs.transparent.com\\\/icelandic\\\/2017\\\/09\\\/22\\\/the-week-of-exercises-passive\\\/#listItem\",\"position\":3,\"name\":\"The Week of Exercises! (Passive)\",\"previousItem\":{\"@type\":\"ListItem\",\"@id\":\"https:\\\/\\\/blogs.transparent.com\\\/icelandic\\\/category\\\/icelandic-grammar\\\/#listItem\",\"name\":\"Icelandic grammar\"}}]},{\"@type\":\"Organization\",\"@id\":\"https:\\\/\\\/blogs.transparent.com\\\/icelandic\\\/#organization\",\"name\":\"Icelandic Language  Blog\",\"description\":\"Language and Culture of the Icelandic-Speaking World\",\"url\":\"https:\\\/\\\/blogs.transparent.com\\\/icelandic\\\/\"},{\"@type\":\"Person\",\"@id\":\"https:\\\/\\\/blogs.transparent.com\\\/icelandic\\\/author\\\/megmatich\\\/#author\",\"url\":\"https:\\\/\\\/blogs.transparent.com\\\/icelandic\\\/author\\\/megmatich\\\/\",\"name\":\"Meg\",\"image\":{\"@type\":\"ImageObject\",\"@id\":\"https:\\\/\\\/blogs.transparent.com\\\/icelandic\\\/2017\\\/09\\\/22\\\/the-week-of-exercises-passive\\\/#authorImage\",\"url\":\"https:\\\/\\\/secure.gravatar.com\\\/avatar\\\/15c936fcb4a95f09a1f3615ab3ab09ff1f56d229008034759ac28da98983f4bc?s=96&d=mm&r=g\",\"width\":96,\"height\":96,\"caption\":\"Meg\"}},{\"@type\":\"WebPage\",\"@id\":\"https:\\\/\\\/blogs.transparent.com\\\/icelandic\\\/2017\\\/09\\\/22\\\/the-week-of-exercises-passive\\\/#webpage\",\"url\":\"https:\\\/\\\/blogs.transparent.com\\\/icelandic\\\/2017\\\/09\\\/22\\\/the-week-of-exercises-passive\\\/\",\"name\":\"The Week of Exercises! (Passive) | Icelandic Language Blog\",\"description\":\"Today I'm going to share a few practices with you for the passive voice, which we went over in July. I hope you find these helpful. I'll post additional exercises over the next week, for you to get used to the passive before we finish the topic up. Also, as a note: I\\u2019ve been\",\"inLanguage\":\"en-US\",\"isPartOf\":{\"@id\":\"https:\\\/\\\/blogs.transparent.com\\\/icelandic\\\/#website\"},\"breadcrumb\":{\"@id\":\"https:\\\/\\\/blogs.transparent.com\\\/icelandic\\\/2017\\\/09\\\/22\\\/the-week-of-exercises-passive\\\/#breadcrumblist\"},\"author\":{\"@id\":\"https:\\\/\\\/blogs.transparent.com\\\/icelandic\\\/author\\\/megmatich\\\/#author\"},\"creator\":{\"@id\":\"https:\\\/\\\/blogs.transparent.com\\\/icelandic\\\/author\\\/megmatich\\\/#author\"},\"datePublished\":\"2017-09-22T16:40:24+00:00\",\"dateModified\":\"2017-09-30T16:49:09+00:00\"},{\"@type\":\"WebSite\",\"@id\":\"https:\\\/\\\/blogs.transparent.com\\\/icelandic\\\/#website\",\"url\":\"https:\\\/\\\/blogs.transparent.com\\\/icelandic\\\/\",\"name\":\"Icelandic Language  Blog\",\"description\":\"Language and Culture of the Icelandic-Speaking World\",\"inLanguage\":\"en-US\",\"publisher\":{\"@id\":\"https:\\\/\\\/blogs.transparent.com\\\/icelandic\\\/#organization\"}}]}\n\t\t<\/script>\n\t\t<!-- All in One SEO -->\n\n","aioseo_head_json":{"title":"The Week of Exercises! (Passive) | Icelandic Language Blog","description":"Today I'm going to share a few practices with you for the passive voice, which we went over in July. I hope you find these helpful. I'll post additional exercises over the next week, for you to get used to the passive before we finish the topic up. Also, as a note: I\u2019ve been","canonical_url":"https:\/\/blogs.transparent.com\/icelandic\/2017\/09\/22\/the-week-of-exercises-passive\/","robots":"max-image-preview:large","keywords":"exercises!","webmasterTools":{"miscellaneous":""},"schema":{"@context":"https:\/\/schema.org","@graph":[{"@type":"Article","@id":"https:\/\/blogs.transparent.com\/icelandic\/2017\/09\/22\/the-week-of-exercises-passive\/#article","name":"The Week of Exercises! (Passive) | Icelandic Language Blog","headline":"The Week of Exercises! (Passive)","author":{"@id":"https:\/\/blogs.transparent.com\/icelandic\/author\/megmatich\/#author"},"publisher":{"@id":"https:\/\/blogs.transparent.com\/icelandic\/#organization"},"datePublished":"2017-09-22T16:40:24+00:00","dateModified":"2017-09-30T16:49:09+00:00","inLanguage":"en-US","commentCount":4,"mainEntityOfPage":{"@id":"https:\/\/blogs.transparent.com\/icelandic\/2017\/09\/22\/the-week-of-exercises-passive\/#webpage"},"isPartOf":{"@id":"https:\/\/blogs.transparent.com\/icelandic\/2017\/09\/22\/the-week-of-exercises-passive\/#webpage"},"articleSection":"Icelandic grammar, exercises!"},{"@type":"BreadcrumbList","@id":"https:\/\/blogs.transparent.com\/icelandic\/2017\/09\/22\/the-week-of-exercises-passive\/#breadcrumblist","itemListElement":[{"@type":"ListItem","@id":"https:\/\/blogs.transparent.com\/icelandic#listItem","position":1,"name":"Home","item":"https:\/\/blogs.transparent.com\/icelandic","nextItem":{"@type":"ListItem","@id":"https:\/\/blogs.transparent.com\/icelandic\/category\/icelandic-grammar\/#listItem","name":"Icelandic grammar"}},{"@type":"ListItem","@id":"https:\/\/blogs.transparent.com\/icelandic\/category\/icelandic-grammar\/#listItem","position":2,"name":"Icelandic grammar","item":"https:\/\/blogs.transparent.com\/icelandic\/category\/icelandic-grammar\/","nextItem":{"@type":"ListItem","@id":"https:\/\/blogs.transparent.com\/icelandic\/2017\/09\/22\/the-week-of-exercises-passive\/#listItem","name":"The Week of Exercises! (Passive)"},"previousItem":{"@type":"ListItem","@id":"https:\/\/blogs.transparent.com\/icelandic#listItem","name":"Home"}},{"@type":"ListItem","@id":"https:\/\/blogs.transparent.com\/icelandic\/2017\/09\/22\/the-week-of-exercises-passive\/#listItem","position":3,"name":"The Week of Exercises! (Passive)","previousItem":{"@type":"ListItem","@id":"https:\/\/blogs.transparent.com\/icelandic\/category\/icelandic-grammar\/#listItem","name":"Icelandic grammar"}}]},{"@type":"Organization","@id":"https:\/\/blogs.transparent.com\/icelandic\/#organization","name":"Icelandic Language  Blog","description":"Language and Culture of the Icelandic-Speaking World","url":"https:\/\/blogs.transparent.com\/icelandic\/"},{"@type":"Person","@id":"https:\/\/blogs.transparent.com\/icelandic\/author\/megmatich\/#author","url":"https:\/\/blogs.transparent.com\/icelandic\/author\/megmatich\/","name":"Meg","image":{"@type":"ImageObject","@id":"https:\/\/blogs.transparent.com\/icelandic\/2017\/09\/22\/the-week-of-exercises-passive\/#authorImage","url":"https:\/\/secure.gravatar.com\/avatar\/15c936fcb4a95f09a1f3615ab3ab09ff1f56d229008034759ac28da98983f4bc?s=96&d=mm&r=g","width":96,"height":96,"caption":"Meg"}},{"@type":"WebPage","@id":"https:\/\/blogs.transparent.com\/icelandic\/2017\/09\/22\/the-week-of-exercises-passive\/#webpage","url":"https:\/\/blogs.transparent.com\/icelandic\/2017\/09\/22\/the-week-of-exercises-passive\/","name":"The Week of Exercises! (Passive) | Icelandic Language Blog","description":"Today I'm going to share a few practices with you for the passive voice, which we went over in July. I hope you find these helpful. I'll post additional exercises over the next week, for you to get used to the passive before we finish the topic up. Also, as a note: I\u2019ve been","inLanguage":"en-US","isPartOf":{"@id":"https:\/\/blogs.transparent.com\/icelandic\/#website"},"breadcrumb":{"@id":"https:\/\/blogs.transparent.com\/icelandic\/2017\/09\/22\/the-week-of-exercises-passive\/#breadcrumblist"},"author":{"@id":"https:\/\/blogs.transparent.com\/icelandic\/author\/megmatich\/#author"},"creator":{"@id":"https:\/\/blogs.transparent.com\/icelandic\/author\/megmatich\/#author"},"datePublished":"2017-09-22T16:40:24+00:00","dateModified":"2017-09-30T16:49:09+00:00"},{"@type":"WebSite","@id":"https:\/\/blogs.transparent.com\/icelandic\/#website","url":"https:\/\/blogs.transparent.com\/icelandic\/","name":"Icelandic Language  Blog","description":"Language and Culture of the Icelandic-Speaking World","inLanguage":"en-US","publisher":{"@id":"https:\/\/blogs.transparent.com\/icelandic\/#organization"}}]},"og:locale":"en_US","og:site_name":"Icelandic Language  Blog | Language and Culture of the Icelandic-Speaking World","og:type":"article","og:title":"The Week of Exercises! (Passive) | Icelandic Language Blog","og:description":"Today I'm going to share a few practices with you for the passive voice, which we went over in July. I hope you find these helpful. I'll post additional exercises over the next week, for you to get used to the passive before we finish the topic up. Also, as a note: I\u2019ve been","og:url":"https:\/\/blogs.transparent.com\/icelandic\/2017\/09\/22\/the-week-of-exercises-passive\/","article:published_time":"2017-09-22T16:40:24+00:00","article:modified_time":"2017-09-30T16:49:09+00:00","twitter:card":"summary_large_image","twitter:title":"The Week of Exercises! (Passive) | Icelandic Language Blog","twitter:description":"Today I'm going to share a few practices with you for the passive voice, which we went over in July. I hope you find these helpful. I'll post additional exercises over the next week, for you to get used to the passive before we finish the topic up. Also, as a note: I\u2019ve been"},"aioseo_meta_data":{"post_id":"5574","title":null,"description":null,"keywords":null,"keyphrases":null,"primary_term":null,"canonical_url":null,"og_title":null,"og_description":null,"og_object_type":"default","og_image_type":"default","og_image_url":null,"og_image_width":null,"og_image_height":null,"og_image_custom_url":null,"og_image_custom_fields":null,"og_video":null,"og_custom_url":null,"og_article_section":null,"og_article_tags":null,"twitter_use_og":false,"twitter_card":"default","twitter_image_type":"default","twitter_image_url":null,"twitter_image_custom_url":null,"twitter_image_custom_fields":null,"twitter_title":null,"twitter_description":null,"schema":{"blockGraphs":[],"customGraphs":[],"default":{"data":{"Article":[],"Course":[],"Dataset":[],"FAQPage":[],"Movie":[],"Person":[],"Product":[],"ProductReview":[],"Car":[],"Recipe":[],"Service":[],"SoftwareApplication":[],"WebPage":[]},"graphName":"WebPage","isEnabled":true},"graphs":[]},"schema_type":null,"schema_type_options":null,"pillar_content":false,"robots_default":true,"robots_noindex":false,"robots_noarchive":false,"robots_nosnippet":false,"robots_nofollow":false,"robots_noimageindex":false,"robots_noodp":false,"robots_notranslate":false,"robots_max_snippet":null,"robots_max_videopreview":null,"robots_max_imagepreview":"large","priority":null,"frequency":null,"location":null,"local_seo":null,"breadcrumb_settings":null,"limit_modified_date":false,"ai":null,"created":"2020-12-21 16:04:16","updated":"2025-07-10 14:34:44","focus_keyword":null,"additional_keywords":null,"truseo_locale":null,"seo_analyzer_scan_date":null},"_links":{"self":[{"href":"https:\/\/blogs.transparent.com\/icelandic\/wp-json\/wp\/v2\/posts\/5574","targetHints":{"allow":["GET"]}}],"collection":[{"href":"https:\/\/blogs.transparent.com\/icelandic\/wp-json\/wp\/v2\/posts"}],"about":[{"href":"https:\/\/blogs.transparent.com\/icelandic\/wp-json\/wp\/v2\/types\/post"}],"author":[{"embeddable":true,"href":"https:\/\/blogs.transparent.com\/icelandic\/wp-json\/wp\/v2\/users\/145"}],"replies":[{"embeddable":true,"href":"https:\/\/blogs.transparent.com\/icelandic\/wp-json\/wp\/v2\/comments?post=5574"}],"version-history":[{"count":7,"href":"https:\/\/blogs.transparent.com\/icelandic\/wp-json\/wp\/v2\/posts\/5574\/revisions"}],"predecessor-version":[{"id":5582,"href":"https:\/\/blogs.transparent.com\/icelandic\/wp-json\/wp\/v2\/posts\/5574\/revisions\/5582"}],"wp:attachment":[{"href":"https:\/\/blogs.transparent.com\/icelandic\/wp-json\/wp\/v2\/media?parent=5574"}],"wp:term":[{"taxonomy":"category","embeddable":true,"href":"https:\/\/blogs.transparent.com\/icelandic\/wp-json\/wp\/v2\/categories?post=5574"},{"taxonomy":"post_tag","embeddable":true,"href":"https:\/\/blogs.transparent.com\/icelandic\/wp-json\/wp\/v2\/tags?post=5574"}],"curies":[{"name":"wp","href":"https:\/\/api.w.org\/{rel}","templated":true}]}}