{"id":2201,"date":"2016-05-01T12:54:11","date_gmt":"2016-05-01T12:54:11","guid":{"rendered":"https:\/\/blogs.transparent.com\/norwegian\/?p=2201"},"modified":"2016-05-01T12:54:11","modified_gmt":"2016-05-01T12:54:11","slug":"may-1st-and-norwegian-politics","status":"publish","type":"post","link":"https:\/\/blogs.transparent.com\/norwegian\/may-1st-and-norwegian-politics\/","title":{"rendered":"May 1st and Norwegian Politics"},"content":{"rendered":"<div id=\"attachment_2202\" style=\"width: 310px\" class=\"wp-caption alignleft post-item__attachment\"><a href=\"https:\/\/blogs.transparent.com\/norwegian\/wp-content\/uploads\/sites\/14\/2016\/05\/4684005843_9b3229e83b_z.jpg\" aria-label=\"4684005843 9b3229e83b Z 300x200\"><img loading=\"lazy\" decoding=\"async\" aria-describedby=\"caption-attachment-2202\" class=\"size-medium wp-image-2202\"  alt=\"&quot;Mom deserves the same wage (as Dad).&quot; From a 1. mai parade in Oslo. Photo by GGAADD at Flickr, CC License.)\" width=\"300\" height=\"200\" \/ src=\"https:\/\/blogs.transparent.com\/norwegian\/wp-content\/uploads\/sites\/14\/2016\/05\/4684005843_9b3229e83b_z-300x200.jpg\"><\/a><p id=\"caption-attachment-2202\" class=\"wp-caption-text\">&#8220;Mom deserves the same wage (as Dad).&#8221; From a <strong>1. mai<\/strong> parade in Oslo. (Photo by GGAADD at <a href=\"https:\/\/www.flickr.com\/photos\/rodtnytt\/4684005843\/in\/photolist-88UMei-88Y1r5-88UKKr-88XYBY-88XXFA-88XWBQ-88UFBk-88XV7u-88XUdw-88UDmv-83njRZ-83njz4-83qqF1-83nj1t-83mTD4-83mR3H-83pX5d-83pWQ3-83pWAA-83mPua-83mPet-83mNEZ-813NUb-7Zi7XJ-7TVYtS-7AmtLD-7AmoaK-7jEdRD-7cJtiB-74dy7H-71K6nX-6NvbNh-6Nvbnf-6Nv9SQ-6NqYGe-6xZbgQ-6xZb8u-6xZb2E-6xV32p-6xZaM5-6xZaEs-6vuYVT-6nPiqQ-6hkgvj-5jHPRj-5jHPHJ-5bG6m8-5bKUDG-59BhDQ-4QQHaa\">Flickr<\/a>, CC License.)<\/p><\/div>\n<p align=\"justify\"><span style=\"color: #000000\"><span style=\"font-family: Palatino-Roman,serif\"><span style=\"font-size: large\"><b>Liker du politikk? <\/b><\/span><\/span><\/span><span style=\"color: #000000\"><span style=\"font-family: Palatino-Roman,serif\"><span style=\"font-size: large\">(Do you like politics?) Even though a lot of Norwegians, like people elsewhere,<\/span><\/span><\/span><span style=\"color: #000000\"><span style=\"font-family: Palatino-Roman,serif\"><span style=\"font-size: large\"><b> synes politikk er kjedelig<\/b><\/span><\/span><\/span><span style=\"color: #000000\"><span style=\"font-family: Palatino-Roman,serif\"><span style=\"font-size: large\"> (think politics are boring), <\/span><\/span><\/span><span style=\"color: #000000\"><span style=\"font-family: Palatino-Roman,serif\"><span style=\"font-size: large\"><b>f\u00f8rste mai<\/b><\/span><\/span><\/span><span style=\"color: #000000\"><span style=\"font-family: Palatino-Roman,serif\"><span style=\"font-size: large\"> (May 1st) is a day when many are eager to hit the street and voice their <\/span><\/span><\/span><span style=\"color: #000000\"><span style=\"font-family: Palatino-Roman,serif\"><span style=\"font-size: large\"><b>mening<\/b><\/span><\/span><\/span><span style=\"color: #000000\"><span style=\"font-family: Palatino-Roman,serif\"><span style=\"font-size: large\"> (opinion). Traditionally known as <\/span><\/span><\/span><span style=\"color: #000000\"><span style=\"font-family: Palatino-Roman,serif\"><span style=\"font-size: large\"><b>arbeidernes internasjonale kampdag<\/b><\/span><\/span><\/span><span style=\"color: #000000\"><span style=\"font-family: Palatino-Roman,serif\"><span style=\"font-size: large\"> (the <\/span><\/span><\/span><span style=\"color: #000000\"><span style=\"font-family: Palatino-Roman,serif\"><span style=\"font-size: large\">workers&#8217; <\/span><\/span><\/span><span style=\"color: #000000\"><span style=\"font-family: Palatino-Roman,serif\"><span style=\"font-size: large\">international <\/span><\/span><\/span><span style=\"color: #000000\"><span style=\"font-family: Palatino-Roman,serif\"><span style=\"font-size: large\">struggle <\/span><\/span><\/span><span style=\"color: #000000\"><span style=\"font-family: Palatino-Roman,serif\"><span style=\"font-size: large\">day), <\/span><\/span><\/span><span style=\"color: #000000\"><span style=\"font-family: Palatino-Roman,serif\"><span style=\"font-size: large\"><b>f\u00f8rste mai<\/b><\/span><\/span><\/span><span style=\"color: #000000\"><span style=\"font-family: Palatino-Roman,serif\"><span style=\"font-size: large\"> remains a public holiday in Norway.<\/span><\/span><\/span><\/p>\n<p align=\"justify\"><span style=\"color: #000000\"><span style=\"font-family: Palatino-Roman,serif\"><span style=\"font-size: large\">Visit a Norwegian town or major village in the morning hours on <\/span><\/span><\/span><span style=\"color: #000000\"><span style=\"font-family: Palatino-Roman,serif\"><span style=\"font-size: large\"><b>f\u00f8rste mai<\/b><\/span><\/span><\/span><span style=\"color: #000000\"><span style=\"font-family: Palatino-Roman,serif\"><span style=\"font-size: large\">, and you\u2019ll probably see a lot of people who <\/span><\/span><\/span><span style=\"color: #000000\"><span style=\"font-family: Palatino-Roman,serif\"><span style=\"font-size: large\"><b>g\u00e5r i tog<\/b><\/span><\/span><\/span><span style=\"color: #000000\"><span style=\"font-family: Palatino-Roman,serif\"><span style=\"font-size: large\"> (march in a procession). It\u2019s like a warm-up for <\/span><\/span><\/span><span style=\"color: #000000\"><span style=\"font-family: Palatino-Roman,serif\"><span style=\"font-size: large\"><b>17. mai<\/b><\/span><\/span><\/span><span style=\"color: #000000\"><span style=\"font-family: Palatino-Roman,serif\"><span style=\"font-size: large\">, the national day. But instead of wearing national costumes and showing their love for Norway, the marchers in <\/span><\/span><\/span><span style=\"color: #000000\"><span style=\"font-family: Palatino-Roman,serif\"><span style=\"font-size: large\"><b>f\u00f8rste mai-toget<\/b><\/span><\/span><\/span><span style=\"color: #000000\"><span style=\"font-family: Palatino-Roman,serif\"><span style=\"font-size: large\"> carry banners and slogans that showcase their viewpoints. Very often people march in groups, such as the nurses\u2019 organization marching together, or the <\/span><\/span><\/span><span style=\"color: #000000\"><span style=\"font-family: Palatino-Roman,serif\"><span style=\"font-size: large\"><b>fagforening<\/b><\/span><\/span><\/span><span style=\"color: #000000\"><span style=\"font-family: Palatino-Roman,serif\"><span style=\"font-size: large\"> (trade union) of the industry workers showing off their smiles.<\/span><\/span><\/span><\/p>\n<p align=\"justify\"><span style=\"color: #000000\"><span style=\"font-family: Palatino-Roman,serif\"><span style=\"font-size: large\">After the march, there\u2019s very often a public gathering, maybe at a <\/span><\/span><\/span><span style=\"color: #000000\"><span style=\"font-family: Palatino-Roman,serif\"><span style=\"font-size: large\"><b>kulturhus<\/b><\/span><\/span><\/span><span style=\"color: #000000\"><span style=\"font-family: Palatino-Roman,serif\"><span style=\"font-size: large\"> (culture house) or in a <\/span><\/span><\/span><span style=\"color: #000000\"><span style=\"font-family: Palatino-Roman,serif\"><span style=\"font-size: large\"><b>park<\/b><\/span><\/span><\/span><span style=\"color: #000000\"><span style=\"font-family: Palatino-Roman,serif\"><span style=\"font-size: large\">. <\/span><\/span><\/span><span style=\"color: #000000\"><span style=\"font-family: Palatino-Roman,serif\"><span style=\"font-size: large\"><b>Politikere<\/b><\/span><\/span><\/span><span style=\"color: #000000\"><span style=\"font-family: Palatino-Roman,serif\"><span style=\"font-size: large\"> (politicians) and other persons, such as students, <\/span><\/span><\/span><span style=\"color: #000000\"><span style=\"font-family: Palatino-Roman,serif\"><span style=\"font-size: large\"><b>holder tale<\/b><\/span><\/span><\/span><span style=\"color: #000000\"><span style=\"font-family: Palatino-Roman,serif\"><span style=\"font-size: large\"> (give a speech). The speech is often about <\/span><\/span><\/span><span style=\"color: #000000\"><span style=\"font-family: Palatino-Roman,serif\"><span style=\"font-size: large\"><b>verdier<\/b><\/span><\/span><\/span><span style=\"color: #000000\"><span style=\"font-family: Palatino-Roman,serif\"><span style=\"font-size: large\"> (values) and things that people would like to improve <\/span><\/span><\/span><span style=\"color: #000000\"><span style=\"font-family: Palatino-Roman,serif\"><span style=\"font-size: large\"><b>i framtiden <\/b><\/span><\/span><\/span><span style=\"color: #000000\"><span style=\"font-family: Palatino-Roman,serif\"><span style=\"font-size: large\">(in the future). Even though many still connect <\/span><\/span><\/span><span style=\"color: #000000\"><span style=\"font-family: Palatino-Roman,serif\"><span style=\"font-size: large\"><b>f\u00f8rste mai<\/b><\/span><\/span><\/span><span style=\"color: #000000\"><span style=\"font-family: Palatino-Roman,serif\"><span style=\"font-size: large\"> with socialism, it\u2019s really a day for all political parties in Norway, and you also see a lot of right-wing <\/span><\/span><\/span><span style=\"color: #000000\"><span style=\"font-family: Palatino-Roman,serif\"><span style=\"font-size: large\"><b>politikere<\/b><\/span><\/span><\/span><span style=\"color: #000000\"><span style=\"font-family: Palatino-Roman,serif\"><span style=\"font-size: large\"> giving speeches.<\/span><\/span><\/span><\/p>\n<div id=\"attachment_2203\" style=\"width: 211px\" class=\"wp-caption alignright post-item__attachment\"><a href=\"https:\/\/blogs.transparent.com\/norwegian\/wp-content\/uploads\/sites\/14\/2016\/05\/385px-Erna.jpg\" aria-label=\"385px Erna 241x300\"><img loading=\"lazy\" decoding=\"async\" aria-describedby=\"caption-attachment-2203\" class=\"wp-image-2203\"  alt=\"Norwegian PM Erna Solberg is from the H\u00f8yre party. (Wikimedia Commons, CC License.)\" width=\"201\" height=\"250\" \/ src=\"https:\/\/blogs.transparent.com\/norwegian\/wp-content\/uploads\/sites\/14\/2016\/05\/385px-Erna-241x300.jpg\"><\/a><p id=\"caption-attachment-2203\" class=\"wp-caption-text\">Norwegian PM Erna Solberg is from the H\u00f8yre party. (Wikimedia Commons, CC License.)<\/p><\/div>\n<p align=\"justify\"><span style=\"color: #000000\"><span style=\"font-family: Palatino-Roman,serif\"><span style=\"font-size: large\"><b>Norge er et demokrati<\/b><\/span><\/span><\/span><span style=\"color: #000000\"><span style=\"font-family: Palatino-Roman,serif\"><span style=\"font-size: large\"> (Norway is a democracy) with a lot of <\/span><\/span><\/span><span style=\"color: #000000\"><span style=\"font-family: Palatino-Roman,serif\"><span style=\"font-size: large\"><b>politiske partier<\/b><\/span><\/span><\/span><span style=\"color: #000000\"><span style=\"font-family: Palatino-Roman,serif\"><span style=\"font-size: large\"> (political parties), so it can often be confusing! Here are the parties present at <\/span><\/span><\/span><span style=\"color: #000000\"><span style=\"font-family: Palatino-Roman,serif\"><span style=\"font-size: large\"><b>Stortinget<\/b><\/span><\/span><\/span><span style=\"color: #000000\"><span style=\"font-family: Palatino-Roman,serif\"><span style=\"font-size: large\"> (the parliament), from \u201dleft\u201d to \u201dright\u201d: <\/span><\/span><\/span><span style=\"color: #000000\"><span style=\"font-family: Palatino-Roman,serif\"><span style=\"font-size: large\"><b>Sosialistisk Venstreparti, Arbeiderpartiet, Milj\u00f8partiet De Gr\u00f8nne, Senterpartiet, Kristelig Folkeparti, Venstre, H\u00f8yre <\/b><\/span><\/span><\/span><span style=\"color: #000000\"><span style=\"font-family: Palatino-Roman,serif\"><span style=\"font-size: large\">and <\/span><\/span><\/span><span style=\"color: #000000\"><span style=\"font-family: Palatino-Roman,serif\"><span style=\"font-size: large\"><b>Fremskrittspartiet<\/b><\/span><\/span><\/span><span style=\"color: #000000\"><span style=\"font-family: Palatino-Roman,serif\"><span style=\"font-size: large\">. <\/span><\/span><\/span><span style=\"color: #000000\"><span style=\"font-family: Palatino-Roman,serif\"><span style=\"font-size: large\"><b>SV<\/b><\/span><\/span><\/span><span style=\"color: #000000\"><span style=\"font-family: Palatino-Roman,serif\"><span style=\"font-size: large\"> is \u201dsocialist\u201d, while <\/span><\/span><\/span><span style=\"color: #000000\"><span style=\"font-family: Palatino-Roman,serif\"><span style=\"font-size: large\"><b>AP <\/b><\/span><\/span><\/span><span style=\"color: #000000\"><span style=\"font-family: Palatino-Roman,serif\"><span style=\"font-size: large\">\u2013 who\u2019s run Norway more than any other party \u2013 is \u201dsocial-democratic\u201d. <\/span><\/span><\/span><span style=\"color: #000000\"><span style=\"font-family: Palatino-Roman,serif\"><span style=\"font-size: large\"><b>V, H<\/b><\/span><\/span><\/span><span style=\"color: #000000\"><span style=\"font-family: Palatino-Roman,serif\"><span style=\"font-size: large\"> and <\/span><\/span><\/span><span style=\"color: #000000\"><span style=\"font-family: Palatino-Roman,serif\"><span style=\"font-size: large\"><b>FrP<\/b><\/span><\/span><\/span><span style=\"color: #000000\"><span style=\"font-family: Palatino-Roman,serif\"><span style=\"font-size: large\"> are \u201dright-wing\u201d (conservative and\/or liberal). The other parties are somewhere in-between. <\/span><\/span><\/span><\/p>\n<p align=\"justify\"><span style=\"color: #000000\"><span style=\"font-family: Palatino-Roman,serif\"><span style=\"font-size: large\">Currently, the country is run by the parties <\/span><\/span><\/span><span style=\"color: #000000\"><span style=\"font-family: Palatino-Roman,serif\"><span style=\"font-size: large\"><b>H\u00f8yre <\/b><\/span><\/span><\/span><span style=\"color: #000000\"><span style=\"font-family: Palatino-Roman,serif\"><span style=\"font-size: large\">and<\/span><\/span><\/span><span style=\"color: #000000\"><span style=\"font-family: Palatino-Roman,serif\"><span style=\"font-size: large\"><b> Fremskrittspartiet<\/b><\/span><\/span><\/span><span style=\"color: #000000\"><span style=\"font-family: Palatino-Roman,serif\"><span style=\"font-size: large\">. The PM is Erna Solberg from <\/span><\/span><\/span><span style=\"color: #000000\"><span style=\"font-family: Palatino-Roman,serif\"><span style=\"font-size: large\"><b>H\u00f8yre<\/b><\/span><\/span><\/span><span style=\"color: #000000\"><span style=\"font-family: Palatino-Roman,serif\"><span style=\"font-size: large\">. <\/span><\/span><\/span><span style=\"color: #000000\"><span style=\"font-family: Palatino-Roman,serif\"><span style=\"font-size: large\"><b>God f\u00f8rste mai! <\/b><\/span><\/span><\/span><span style=\"color: #000000\"><span style=\"font-family: Palatino-Roman,serif\"><span style=\"font-size: large\">(Happy May 1<\/span><\/span><\/span><span style=\"color: #000000\"><sup><span style=\"font-family: Palatino-Roman,serif\"><span style=\"font-size: small\">st<\/span><\/span><\/sup><\/span><span style=\"color: #000000\"><span style=\"font-family: Palatino-Roman,serif\"><span style=\"font-size: large\">!) \ud83d\ude42<\/span><\/span><\/span><\/p>\n","protected":false},"excerpt":{"rendered":"<img width=\"281\" height=\"350\" src=\"https:\/\/blogs.transparent.com\/norwegian\/wp-content\/uploads\/sites\/14\/2016\/05\/385px-Erna-281x350.jpg\" class=\"attachment-post-thumbnail size-post-thumbnail wp-post-image tmp-hide-img\" alt=\"\" decoding=\"async\" loading=\"lazy\" srcset=\"https:\/\/blogs.transparent.com\/norwegian\/wp-content\/uploads\/sites\/14\/2016\/05\/385px-Erna-281x350.jpg 281w, https:\/\/blogs.transparent.com\/norwegian\/wp-content\/uploads\/sites\/14\/2016\/05\/385px-Erna.jpg 385w\" sizes=\"auto, (max-width: 281px) 100vw, 281px\" \/><p>Liker du politikk? (Do you like politics?) Even though a lot of Norwegians, like people elsewhere, synes politikk er kjedelig (think politics are boring), f\u00f8rste mai (May 1st) is a day when many are eager to hit the street and voice their mening (opinion). Traditionally known as arbeidernes internasjonale kampdag (the workers&#8217; international struggle day)&hellip;<\/p>\n<p class=\"post-item__readmore\"><a class=\"btn btn--md\" href=\"https:\/\/blogs.transparent.com\/norwegian\/may-1st-and-norwegian-politics\/\">Continue Reading<\/a><\/p>","protected":false},"author":76,"featured_media":2203,"comment_status":"open","ping_status":"open","sticky":false,"template":"","format":"standard","meta":{"content-type":""},"categories":[913],"tags":[386261,386265,386269,967,2808,8450,386263,386264,386267],"class_list":["post-2201","post","type-post","status-publish","has-post-thumbnail","hentry","category-traditions","tag-1-mai","tag-erna-solberg","tag-left","tag-may-1st","tag-parade","tag-right","tag-social-democracy","tag-stortinget","tag-trade-union"],"aioseo_notices":[],"_links":{"self":[{"href":"https:\/\/blogs.transparent.com\/norwegian\/wp-json\/wp\/v2\/posts\/2201","targetHints":{"allow":["GET"]}}],"collection":[{"href":"https:\/\/blogs.transparent.com\/norwegian\/wp-json\/wp\/v2\/posts"}],"about":[{"href":"https:\/\/blogs.transparent.com\/norwegian\/wp-json\/wp\/v2\/types\/post"}],"author":[{"embeddable":true,"href":"https:\/\/blogs.transparent.com\/norwegian\/wp-json\/wp\/v2\/users\/76"}],"replies":[{"embeddable":true,"href":"https:\/\/blogs.transparent.com\/norwegian\/wp-json\/wp\/v2\/comments?post=2201"}],"version-history":[{"count":2,"href":"https:\/\/blogs.transparent.com\/norwegian\/wp-json\/wp\/v2\/posts\/2201\/revisions"}],"predecessor-version":[{"id":2205,"href":"https:\/\/blogs.transparent.com\/norwegian\/wp-json\/wp\/v2\/posts\/2201\/revisions\/2205"}],"wp:featuredmedia":[{"embeddable":true,"href":"https:\/\/blogs.transparent.com\/norwegian\/wp-json\/wp\/v2\/media\/2203"}],"wp:attachment":[{"href":"https:\/\/blogs.transparent.com\/norwegian\/wp-json\/wp\/v2\/media?parent=2201"}],"wp:term":[{"taxonomy":"category","embeddable":true,"href":"https:\/\/blogs.transparent.com\/norwegian\/wp-json\/wp\/v2\/categories?post=2201"},{"taxonomy":"post_tag","embeddable":true,"href":"https:\/\/blogs.transparent.com\/norwegian\/wp-json\/wp\/v2\/tags?post=2201"}],"curies":[{"name":"wp","href":"https:\/\/api.w.org\/{rel}","templated":true}]}}