{"id":3003,"date":"2012-03-26T23:02:59","date_gmt":"2012-03-26T23:02:59","guid":{"rendered":"https:\/\/blogs.transparent.com\/polish\/?p=3003"},"modified":"2012-03-26T23:02:59","modified_gmt":"2012-03-26T23:02:59","slug":"national-day-of-wrath","status":"publish","type":"post","link":"https:\/\/blogs.transparent.com\/polish\/national-day-of-wrath\/","title":{"rendered":"National day of wrath&#8230;?"},"content":{"rendered":"<p style=\"text-align: justify\">Sounds strange?It did to me and I did not know what to think about it&#8230;<\/p>\n<div class=\"mceTemp\" style=\"text-align: justify\">\n<dl>\n<dt><a href=\"https:\/\/blogs.transparent.com\/polish\/wp-content\/uploads\/sites\/18\/2012\/03\/day_of_wrath.jpg\" aria-label=\"Day Of Wrath\"><img loading=\"lazy\" decoding=\"async\" class=\"size-full wp-image-3004 \"  alt=\"\" width=\"300\" height=\"200\" \/ src=\"https:\/\/blogs.transparent.com\/polish\/wp-content\/uploads\/sites\/18\/2012\/03\/day_of_wrath.jpg\"><\/a><\/dt>\n<dd>Confused about the date?In Europe people write the day of the month first, then month and year:)<\/dd>\n<\/dl>\n<\/div>\n<p style=\"text-align: justify\">A number of small demonstrations took place across the country last Wednesday as groups of people hit the streets to show their discontent for Donald Tusk and his coalition government.<\/p>\n<p>The so-called \u2018Day of Anger\u2019 (\u2018<strong>Dzie\u0144\u00a0Gniewu<\/strong>\u2019), promoted on various internet sites such as Facebook, urged people to join the protests which took place in several Polish cities including Warsaw,\u0141\u00f3d\u017a, Krak\u00f3w, Wroc\u0142aw and Pozna\u0144.<\/p>\n<p style=\"text-align: justify\">Using a mixture of anti-government chants (<strong>antyrz\u0105dowe\u00a0okrzyki<\/strong>), banners (<strong>banery<\/strong>) and burning effigies (<strong>palenie\u00a0kuk\u0142y<\/strong>) of the Prime Minister, demonstrators rallied against a number of current issues such as the ACTA agreement, the recent signing of the EU fiscal pact and plans to raise the retirement age to 67.<\/p>\n<p>However, despite much promotion on the social networking site &#8211; which used the slogan \u2018PO and PSL cabinet, the government of incompetence, the government of defeat, confusion and lies\u2019 &#8211; the event failed to attract the same numbers as January\u2019s ACTA demonstrations.<\/p>\n<p>Several hundred gathered in the capital, while cities like Katowice, Bielsko-Biala and Gda\u0144sk witnessed over 100 people each.\u00a0One of the poorest attendances was in Krakow, which reportedly saw only a dozen or so people turn up.<\/p>\n<p style=\"text-align: justify\">So don&#8217;t worry, it is not a national holiday in Polish calendar&#8230;.just recent news.<\/p>\n<p style=\"text-align: justify\"><strong>Do nast<\/strong><strong>\u0119pnego razu&#8230; <\/strong>(Till next time&#8230;)<\/p>\n","protected":false},"excerpt":{"rendered":"<p>Sounds strange?It did to me and I did not know what to think about it&#8230; Confused about the date?In Europe people write the day of the month first, then month and year:) A number of small demonstrations took place across the country last Wednesday as groups of people hit the streets to show their discontent&hellip;<\/p>\n<p class=\"post-item__readmore\"><a class=\"btn btn--md\" href=\"https:\/\/blogs.transparent.com\/polish\/national-day-of-wrath\/\">Continue Reading<\/a><\/p>","protected":false},"author":56,"featured_media":0,"comment_status":"open","ping_status":"open","sticky":false,"template":"","format":"standard","meta":{"content-type":""},"categories":[3,10166],"tags":[],"class_list":["post-3003","post","type-post","status-publish","hentry","category-culture","category-current-news"],"aioseo_notices":[],"aioseo_head":"\n\t\t<!-- All in One SEO 5.0.0.1 - aioseo.com -->\n\t<meta name=\"description\" content=\"Day of demonstrations against Donald Tusk and his coalition government.\" \/>\n\t<meta name=\"robots\" content=\"max-image-preview:large\" \/>\n\t<meta name=\"author\" content=\"Kasia\"\/>\n\t<meta name=\"keywords\" content=\"national day of wrath,donald tusk,government,dzie\u0144 gniewu\" \/>\n\t<link rel=\"canonical\" href=\"https:\/\/blogs.transparent.com\/polish\/national-day-of-wrath\/\" \/>\n\t<meta name=\"generator\" content=\"All in One SEO (AIOSEO) 5.0.0.1\" \/>\n\t\t<meta property=\"og:locale\" content=\"en_US\" \/>\n\t\t<meta property=\"og:site_name\" content=\"Polish Language Blog | Language and Culture of the Polish-Speaking World\" \/>\n\t\t<meta property=\"og:type\" content=\"article\" \/>\n\t\t<meta property=\"og:title\" content=\"National day of wrath...? | Polish Language Blog\" \/>\n\t\t<meta property=\"og:description\" content=\"Day of demonstrations against Donald Tusk and his coalition government.\" \/>\n\t\t<meta property=\"og:url\" content=\"https:\/\/blogs.transparent.com\/polish\/national-day-of-wrath\/\" \/>\n\t\t<meta property=\"article:published_time\" content=\"2012-03-26T23:02:59+00:00\" \/>\n\t\t<meta property=\"article:modified_time\" content=\"2012-03-26T23:02:59+00:00\" \/>\n\t\t<meta name=\"twitter:card\" content=\"summary_large_image\" \/>\n\t\t<meta name=\"twitter:title\" content=\"National day of wrath...? | Polish Language Blog\" \/>\n\t\t<meta name=\"twitter:description\" content=\"Day of demonstrations against Donald Tusk and his coalition government.\" \/>\n\t\t<script type=\"application\/ld+json\" class=\"aioseo-schema\">\n\t\t\t{\"@context\":\"https:\\\/\\\/schema.org\",\"@graph\":[{\"@type\":\"Article\",\"@id\":\"https:\\\/\\\/blogs.transparent.com\\\/polish\\\/national-day-of-wrath\\\/#article\",\"name\":\"National day of wrath...? | Polish Language Blog\",\"headline\":\"National day of wrath&#8230;?\",\"author\":{\"@id\":\"https:\\\/\\\/blogs.transparent.com\\\/polish\\\/author\\\/kasia\\\/#author\"},\"publisher\":{\"@id\":\"https:\\\/\\\/blogs.transparent.com\\\/polish\\\/#organization\"},\"image\":{\"@type\":\"ImageObject\",\"url\":\"https:\\\/\\\/blogs.transparent.com\\\/polish\\\/wp-content\\\/uploads\\\/sites\\\/18\\\/2012\\\/03\\\/day_of_wrath.jpg\",\"@id\":\"https:\\\/\\\/blogs.transparent.com\\\/polish\\\/national-day-of-wrath\\\/#articleImage\"},\"datePublished\":\"2012-03-26T23:02:59+00:00\",\"dateModified\":\"2012-03-26T23:02:59+00:00\",\"inLanguage\":\"en-US\",\"mainEntityOfPage\":{\"@id\":\"https:\\\/\\\/blogs.transparent.com\\\/polish\\\/national-day-of-wrath\\\/#webpage\"},\"isPartOf\":{\"@id\":\"https:\\\/\\\/blogs.transparent.com\\\/polish\\\/national-day-of-wrath\\\/#webpage\"},\"articleSection\":\"Culture, Current News\"},{\"@type\":\"BreadcrumbList\",\"@id\":\"https:\\\/\\\/blogs.transparent.com\\\/polish\\\/national-day-of-wrath\\\/#breadcrumblist\",\"itemListElement\":[{\"@type\":\"ListItem\",\"@id\":\"https:\\\/\\\/blogs.transparent.com\\\/polish#listItem\",\"position\":1,\"name\":\"Home\",\"item\":\"https:\\\/\\\/blogs.transparent.com\\\/polish\",\"nextItem\":{\"@type\":\"ListItem\",\"@id\":\"https:\\\/\\\/blogs.transparent.com\\\/polish\\\/category\\\/culture\\\/#listItem\",\"name\":\"Culture\"}},{\"@type\":\"ListItem\",\"@id\":\"https:\\\/\\\/blogs.transparent.com\\\/polish\\\/category\\\/culture\\\/#listItem\",\"position\":2,\"name\":\"Culture\",\"item\":\"https:\\\/\\\/blogs.transparent.com\\\/polish\\\/category\\\/culture\\\/\",\"nextItem\":{\"@type\":\"ListItem\",\"@id\":\"https:\\\/\\\/blogs.transparent.com\\\/polish\\\/national-day-of-wrath\\\/#listItem\",\"name\":\"National day of wrath&#8230;?\"},\"previousItem\":{\"@type\":\"ListItem\",\"@id\":\"https:\\\/\\\/blogs.transparent.com\\\/polish#listItem\",\"name\":\"Home\"}},{\"@type\":\"ListItem\",\"@id\":\"https:\\\/\\\/blogs.transparent.com\\\/polish\\\/national-day-of-wrath\\\/#listItem\",\"position\":3,\"name\":\"National day of wrath&#8230;?\",\"previousItem\":{\"@type\":\"ListItem\",\"@id\":\"https:\\\/\\\/blogs.transparent.com\\\/polish\\\/category\\\/culture\\\/#listItem\",\"name\":\"Culture\"}}]},{\"@type\":\"Organization\",\"@id\":\"https:\\\/\\\/blogs.transparent.com\\\/polish\\\/#organization\",\"name\":\"Polish Language Blog\",\"description\":\"Language and Culture of the Polish-Speaking World\",\"url\":\"https:\\\/\\\/blogs.transparent.com\\\/polish\\\/\"},{\"@type\":\"Person\",\"@id\":\"https:\\\/\\\/blogs.transparent.com\\\/polish\\\/author\\\/kasia\\\/#author\",\"url\":\"https:\\\/\\\/blogs.transparent.com\\\/polish\\\/author\\\/kasia\\\/\",\"name\":\"Kasia\",\"image\":{\"@type\":\"ImageObject\",\"@id\":\"https:\\\/\\\/blogs.transparent.com\\\/polish\\\/national-day-of-wrath\\\/#authorImage\",\"url\":\"https:\\\/\\\/secure.gravatar.com\\\/avatar\\\/60a29967d3e35d37f800ddf81412a6e799823c971aa690b8bf4f35c1284793e4?s=96&d=mm&r=g\",\"width\":96,\"height\":96,\"caption\":\"Kasia\"}},{\"@type\":\"WebPage\",\"@id\":\"https:\\\/\\\/blogs.transparent.com\\\/polish\\\/national-day-of-wrath\\\/#webpage\",\"url\":\"https:\\\/\\\/blogs.transparent.com\\\/polish\\\/national-day-of-wrath\\\/\",\"name\":\"National day of wrath...? | Polish Language Blog\",\"description\":\"Day of demonstrations against Donald Tusk and his coalition government.\",\"inLanguage\":\"en-US\",\"isPartOf\":{\"@id\":\"https:\\\/\\\/blogs.transparent.com\\\/polish\\\/#website\"},\"breadcrumb\":{\"@id\":\"https:\\\/\\\/blogs.transparent.com\\\/polish\\\/national-day-of-wrath\\\/#breadcrumblist\"},\"author\":{\"@id\":\"https:\\\/\\\/blogs.transparent.com\\\/polish\\\/author\\\/kasia\\\/#author\"},\"creator\":{\"@id\":\"https:\\\/\\\/blogs.transparent.com\\\/polish\\\/author\\\/kasia\\\/#author\"},\"datePublished\":\"2012-03-26T23:02:59+00:00\",\"dateModified\":\"2012-03-26T23:02:59+00:00\"},{\"@type\":\"WebSite\",\"@id\":\"https:\\\/\\\/blogs.transparent.com\\\/polish\\\/#website\",\"url\":\"https:\\\/\\\/blogs.transparent.com\\\/polish\\\/\",\"name\":\"Polish Language Blog\",\"description\":\"Language and Culture of the Polish-Speaking World\",\"inLanguage\":\"en-US\",\"publisher\":{\"@id\":\"https:\\\/\\\/blogs.transparent.com\\\/polish\\\/#organization\"}}]}\n\t\t<\/script>\n\t\t<!-- All in One SEO -->\n\n","aioseo_head_json":{"title":"National day of wrath...? | Polish Language Blog","description":"Day of demonstrations against Donald Tusk and his coalition government.","canonical_url":"https:\/\/blogs.transparent.com\/polish\/national-day-of-wrath\/","robots":"max-image-preview:large","keywords":"national day of wrath,donald tusk,government,dzie\u0144 gniewu","webmasterTools":{"miscellaneous":""},"schema":{"@context":"https:\/\/schema.org","@graph":[{"@type":"Article","@id":"https:\/\/blogs.transparent.com\/polish\/national-day-of-wrath\/#article","name":"National day of wrath...? | Polish Language Blog","headline":"National day of wrath&#8230;?","author":{"@id":"https:\/\/blogs.transparent.com\/polish\/author\/kasia\/#author"},"publisher":{"@id":"https:\/\/blogs.transparent.com\/polish\/#organization"},"image":{"@type":"ImageObject","url":"https:\/\/blogs.transparent.com\/polish\/wp-content\/uploads\/sites\/18\/2012\/03\/day_of_wrath.jpg","@id":"https:\/\/blogs.transparent.com\/polish\/national-day-of-wrath\/#articleImage"},"datePublished":"2012-03-26T23:02:59+00:00","dateModified":"2012-03-26T23:02:59+00:00","inLanguage":"en-US","mainEntityOfPage":{"@id":"https:\/\/blogs.transparent.com\/polish\/national-day-of-wrath\/#webpage"},"isPartOf":{"@id":"https:\/\/blogs.transparent.com\/polish\/national-day-of-wrath\/#webpage"},"articleSection":"Culture, Current News"},{"@type":"BreadcrumbList","@id":"https:\/\/blogs.transparent.com\/polish\/national-day-of-wrath\/#breadcrumblist","itemListElement":[{"@type":"ListItem","@id":"https:\/\/blogs.transparent.com\/polish#listItem","position":1,"name":"Home","item":"https:\/\/blogs.transparent.com\/polish","nextItem":{"@type":"ListItem","@id":"https:\/\/blogs.transparent.com\/polish\/category\/culture\/#listItem","name":"Culture"}},{"@type":"ListItem","@id":"https:\/\/blogs.transparent.com\/polish\/category\/culture\/#listItem","position":2,"name":"Culture","item":"https:\/\/blogs.transparent.com\/polish\/category\/culture\/","nextItem":{"@type":"ListItem","@id":"https:\/\/blogs.transparent.com\/polish\/national-day-of-wrath\/#listItem","name":"National day of wrath&#8230;?"},"previousItem":{"@type":"ListItem","@id":"https:\/\/blogs.transparent.com\/polish#listItem","name":"Home"}},{"@type":"ListItem","@id":"https:\/\/blogs.transparent.com\/polish\/national-day-of-wrath\/#listItem","position":3,"name":"National day of wrath&#8230;?","previousItem":{"@type":"ListItem","@id":"https:\/\/blogs.transparent.com\/polish\/category\/culture\/#listItem","name":"Culture"}}]},{"@type":"Organization","@id":"https:\/\/blogs.transparent.com\/polish\/#organization","name":"Polish Language Blog","description":"Language and Culture of the Polish-Speaking World","url":"https:\/\/blogs.transparent.com\/polish\/"},{"@type":"Person","@id":"https:\/\/blogs.transparent.com\/polish\/author\/kasia\/#author","url":"https:\/\/blogs.transparent.com\/polish\/author\/kasia\/","name":"Kasia","image":{"@type":"ImageObject","@id":"https:\/\/blogs.transparent.com\/polish\/national-day-of-wrath\/#authorImage","url":"https:\/\/secure.gravatar.com\/avatar\/60a29967d3e35d37f800ddf81412a6e799823c971aa690b8bf4f35c1284793e4?s=96&d=mm&r=g","width":96,"height":96,"caption":"Kasia"}},{"@type":"WebPage","@id":"https:\/\/blogs.transparent.com\/polish\/national-day-of-wrath\/#webpage","url":"https:\/\/blogs.transparent.com\/polish\/national-day-of-wrath\/","name":"National day of wrath...? | Polish Language Blog","description":"Day of demonstrations against Donald Tusk and his coalition government.","inLanguage":"en-US","isPartOf":{"@id":"https:\/\/blogs.transparent.com\/polish\/#website"},"breadcrumb":{"@id":"https:\/\/blogs.transparent.com\/polish\/national-day-of-wrath\/#breadcrumblist"},"author":{"@id":"https:\/\/blogs.transparent.com\/polish\/author\/kasia\/#author"},"creator":{"@id":"https:\/\/blogs.transparent.com\/polish\/author\/kasia\/#author"},"datePublished":"2012-03-26T23:02:59+00:00","dateModified":"2012-03-26T23:02:59+00:00"},{"@type":"WebSite","@id":"https:\/\/blogs.transparent.com\/polish\/#website","url":"https:\/\/blogs.transparent.com\/polish\/","name":"Polish Language Blog","description":"Language and Culture of the Polish-Speaking World","inLanguage":"en-US","publisher":{"@id":"https:\/\/blogs.transparent.com\/polish\/#organization"}}]},"og:locale":"en_US","og:site_name":"Polish Language Blog | Language and Culture of the Polish-Speaking World","og:type":"article","og:title":"National day of wrath...? | Polish Language Blog","og:description":"Day of demonstrations against Donald Tusk and his coalition government.","og:url":"https:\/\/blogs.transparent.com\/polish\/national-day-of-wrath\/","article:published_time":"2012-03-26T23:02:59+00:00","article:modified_time":"2012-03-26T23:02:59+00:00","twitter:card":"summary_large_image","twitter:title":"National day of wrath...? | Polish Language Blog","twitter:description":"Day of demonstrations against Donald Tusk and his coalition government."},"aioseo_meta_data":{"post_id":"3003","title":"National day of wrath...? | #site_title","description":"Day of demonstrations against Donald Tusk and his coalition government.","keywords":[{"label":"National day of wrath","value":"National day of wrath"},{"label":"Donald Tusk","value":"Donald Tusk"},{"label":"government","value":"government"},{"label":"Dzie\u0144 Gniewu","value":"Dzie\u0144 Gniewu"}],"keyphrases":null,"primary_term":null,"canonical_url":null,"og_title":null,"og_description":null,"og_object_type":"default","og_image_type":"default","og_image_url":null,"og_image_width":null,"og_image_height":null,"og_image_custom_url":null,"og_image_custom_fields":null,"og_video":null,"og_custom_url":null,"og_article_section":null,"og_article_tags":null,"twitter_use_og":false,"twitter_card":"default","twitter_image_type":"default","twitter_image_url":null,"twitter_image_custom_url":null,"twitter_image_custom_fields":null,"twitter_title":null,"twitter_description":null,"schema":{"blockGraphs":[],"customGraphs":[],"default":{"data":{"Article":[],"Course":[],"Dataset":[],"FAQPage":[],"Movie":[],"Person":[],"Product":[],"ProductReview":[],"Car":[],"Recipe":[],"Service":[],"SoftwareApplication":[],"WebPage":[]},"graphName":"Article","isEnabled":true},"graphs":[]},"schema_type":null,"schema_type_options":null,"pillar_content":false,"robots_default":true,"robots_noindex":false,"robots_noarchive":false,"robots_nosnippet":false,"robots_nofollow":false,"robots_noimageindex":false,"robots_noodp":false,"robots_notranslate":false,"robots_max_snippet":null,"robots_max_videopreview":null,"robots_max_imagepreview":"large","priority":null,"frequency":null,"location":null,"local_seo":null,"limit_modified_date":false,"created":"2020-12-21 16:14:51","updated":"2022-12-21 06:16:24","focus_keyword":null,"additional_keywords":null,"truseo_locale":null,"ai":null,"breadcrumb_settings":null,"seo_analyzer_scan_date":null},"_links":{"self":[{"href":"https:\/\/blogs.transparent.com\/polish\/wp-json\/wp\/v2\/posts\/3003","targetHints":{"allow":["GET"]}}],"collection":[{"href":"https:\/\/blogs.transparent.com\/polish\/wp-json\/wp\/v2\/posts"}],"about":[{"href":"https:\/\/blogs.transparent.com\/polish\/wp-json\/wp\/v2\/types\/post"}],"author":[{"embeddable":true,"href":"https:\/\/blogs.transparent.com\/polish\/wp-json\/wp\/v2\/users\/56"}],"replies":[{"embeddable":true,"href":"https:\/\/blogs.transparent.com\/polish\/wp-json\/wp\/v2\/comments?post=3003"}],"version-history":[{"count":2,"href":"https:\/\/blogs.transparent.com\/polish\/wp-json\/wp\/v2\/posts\/3003\/revisions"}],"predecessor-version":[{"id":3006,"href":"https:\/\/blogs.transparent.com\/polish\/wp-json\/wp\/v2\/posts\/3003\/revisions\/3006"}],"wp:attachment":[{"href":"https:\/\/blogs.transparent.com\/polish\/wp-json\/wp\/v2\/media?parent=3003"}],"wp:term":[{"taxonomy":"category","embeddable":true,"href":"https:\/\/blogs.transparent.com\/polish\/wp-json\/wp\/v2\/categories?post=3003"},{"taxonomy":"post_tag","embeddable":true,"href":"https:\/\/blogs.transparent.com\/polish\/wp-json\/wp\/v2\/tags?post=3003"}],"curies":[{"name":"wp","href":"https:\/\/api.w.org\/{rel}","templated":true}]}}