{"id":5600,"date":"2014-09-21T22:01:35","date_gmt":"2014-09-21T22:01:35","guid":{"rendered":"https:\/\/blogs.transparent.com\/polish\/?p=5600"},"modified":"2014-09-22T00:24:41","modified_gmt":"2014-09-22T00:24:41","slug":"international-day-of-action-on-climate-change","status":"publish","type":"post","link":"https:\/\/blogs.transparent.com\/polish\/international-day-of-action-on-climate-change\/","title":{"rendered":"International day of action on climate change"},"content":{"rendered":"<p style=\"text-align: justify\">An international day of action on climate change (<strong>Mi\u0119dzynarodowy Dzie\u0144 dzia\u0142a\u0144 w sprawie zmian klimatu<\/strong>) brought tens of thousands onto the streets of New York City today, with organizers predicting the biggest protest on the issue in five years.<\/p>\n<p style=\"text-align: justify\">About 100,000 people, including United Nations Secretary-General Ban Ki-moon, former U.S. vice president Al Gore, actor Leonardo DiCaprio and elected officials from the United States and abroad joined the People&#8217;s Climate March, ahead of Tuesday&#8217;s United Nations hosted summit in the city to discuss reducing carbon emissions that threaten the environment (<strong>redukcja emisji dwutlenku w\u0119gla, kt\u00f3re zagra\u017caj\u0105 \u015brodowisku<\/strong>).<\/p>\n<div style=\"width: 510px\" class=\"wp-caption alignleft\"><a title=\"Joanna with a homemade Stop Climate Chaos banner by Stop Climate Chaos Coalition, on Flickr\" href=\"https:\/\/www.flickr.com\/photos\/stopclimatechaos\/3095127169\/\" aria-label=\"3095127169 F60980c648\"><img loading=\"lazy\" decoding=\"async\"  alt=\"Image by Stop Climate Chaos Coalition on Flickr.com\" width=\"500\" height=\"375\" \/ src=\"https:\/\/farm4.staticflickr.com\/3140\/3095127169_f60980c648.jpg\"><\/a><p class=\"wp-caption-text\">Image by Stop Climate Chaos Coalition on Flickr.com<\/p><\/div>\n<p style=\"text-align: justify\">Organizers billed the event as the largest gathering (<strong>najwi\u0119ksze zgromadzenie<\/strong>) focused on climate change since 2009, when tens of thousands gathered in Copenhagen in a sometime raucous demonstration that resulted in the detention of 2,000 protesters.<\/p>\n<p style=\"text-align: justify\">The march comes days after the U.S. National Oceanic and Atmospheric Administration reported that August 2014 was the warmest on record (<strong>Sierpie\u0144 2014 by\u0142 najcieplejszy w historii<\/strong>), some 1.35 degrees Fahrenheit (0.75 C) above the 20th century global average of 60.1 F (15.6 C).<\/p>\n<p style=\"text-align: justify\">The Global Day of Action (or GDA) is the collective name (<strong>nazwa zbiorowa<\/strong>) given to all the organisations, groups and individuals around the world who come together for the Global Day of Action on climate. It has occurred every year since 2005 at the time of the annual United Nations Talks on climate change (the COP or &#8220;Conference of Parties&#8221; to the United Nations Framework Convention on Climate Change or UNFCCC). People from all around the world have come together on the same day to demand urgent action on climate, and climate justice, from the governments of the world meeting at the annual climate talks. Obviously it&#8217;s not possible for thousands of people from all around the world to come together literally in the same place so the Global Day of Action has consisted of demonstrations and events all around the world on the same day &#8211; or as near as possible to that as circumstances allow.<\/p>\n<p style=\"text-align: justify\">Over 100 countries and even more organisations have already taken part in the GDA. Poland is one of these countries!<\/p>\n<p><strong>Do nast\u0119pnego razu&#8230;<\/strong> (Till next time&#8230;)<\/p>\n","protected":false},"excerpt":{"rendered":"<img width=\"350\" height=\"263\" src=\"https:\/\/blogs.transparent.com\/polish\/wp-content\/uploads\/sites\/18\/2014\/09\/3095127169_f60980c648-350x263.jpg\" class=\"attachment-post-thumbnail size-post-thumbnail wp-post-image tmp-hide-img\" alt=\"\" decoding=\"async\" loading=\"lazy\" srcset=\"https:\/\/blogs.transparent.com\/polish\/wp-content\/uploads\/sites\/18\/2014\/09\/3095127169_f60980c648-350x263.jpg 350w, https:\/\/blogs.transparent.com\/polish\/wp-content\/uploads\/sites\/18\/2014\/09\/3095127169_f60980c648.jpg 500w\" sizes=\"auto, (max-width: 350px) 100vw, 350px\" \/><p>An international day of action on climate change (Mi\u0119dzynarodowy Dzie\u0144 dzia\u0142a\u0144 w sprawie zmian klimatu) brought tens of thousands onto the streets of New York City today, with organizers predicting the biggest protest on the issue in five years. About 100,000 people, including United Nations Secretary-General Ban Ki-moon, former U.S. vice president Al Gore, actor&hellip;<\/p>\n<p class=\"post-item__readmore\"><a class=\"btn btn--md\" href=\"https:\/\/blogs.transparent.com\/polish\/international-day-of-action-on-climate-change\/\">Continue Reading<\/a><\/p>","protected":false},"author":56,"featured_media":6578,"comment_status":"open","ping_status":"open","sticky":false,"template":"","format":"standard","meta":{"content-type":""},"categories":[3,2332],"tags":[],"class_list":["post-5600","post","type-post","status-publish","has-post-thumbnail","hentry","category-culture","category-nature"],"aioseo_notices":[],"_links":{"self":[{"href":"https:\/\/blogs.transparent.com\/polish\/wp-json\/wp\/v2\/posts\/5600","targetHints":{"allow":["GET"]}}],"collection":[{"href":"https:\/\/blogs.transparent.com\/polish\/wp-json\/wp\/v2\/posts"}],"about":[{"href":"https:\/\/blogs.transparent.com\/polish\/wp-json\/wp\/v2\/types\/post"}],"author":[{"embeddable":true,"href":"https:\/\/blogs.transparent.com\/polish\/wp-json\/wp\/v2\/users\/56"}],"replies":[{"embeddable":true,"href":"https:\/\/blogs.transparent.com\/polish\/wp-json\/wp\/v2\/comments?post=5600"}],"version-history":[{"count":1,"href":"https:\/\/blogs.transparent.com\/polish\/wp-json\/wp\/v2\/posts\/5600\/revisions"}],"predecessor-version":[{"id":5602,"href":"https:\/\/blogs.transparent.com\/polish\/wp-json\/wp\/v2\/posts\/5600\/revisions\/5602"}],"wp:featuredmedia":[{"embeddable":true,"href":"https:\/\/blogs.transparent.com\/polish\/wp-json\/wp\/v2\/media\/6578"}],"wp:attachment":[{"href":"https:\/\/blogs.transparent.com\/polish\/wp-json\/wp\/v2\/media?parent=5600"}],"wp:term":[{"taxonomy":"category","embeddable":true,"href":"https:\/\/blogs.transparent.com\/polish\/wp-json\/wp\/v2\/categories?post=5600"},{"taxonomy":"post_tag","embeddable":true,"href":"https:\/\/blogs.transparent.com\/polish\/wp-json\/wp\/v2\/tags?post=5600"}],"curies":[{"name":"wp","href":"https:\/\/api.w.org\/{rel}","templated":true}]}}