{"id":183,"date":"2008-03-26T19:40:33","date_gmt":"2008-03-26T23:40:33","guid":{"rendered":"https:\/\/blogs.transparent.com\/portuguese\/?p=183"},"modified":"2014-07-18T18:08:45","modified_gmt":"2014-07-18T18:08:45","slug":"brazilian-city-spotlight-petropolis-the-imperial-city","status":"publish","type":"post","link":"https:\/\/blogs.transparent.com\/portuguese\/brazilian-city-spotlight-petropolis-the-imperial-city\/","title":{"rendered":"Brazilian City Spotlight: Petr\u00f3polis, the Imperial City"},"content":{"rendered":"<p>Located an hour from the city of Rio de Janeiro, Petr\u00f3polis is a city nestled in the mountains of the Serra dos \u00d3rg\u00e3os, with a population of about 306,000. The city was the summer home of the Brazilian emperor, Dom Pedro II, who founded the city in 1843 after buying a farm in the area. The city developed with the help of a new road connecting Minas Gerais to Rio de Janeiro, as well as the settlement of Brazilian aristocrats and German immigrants in the area. The city is named after the emperor.<\/p>\n<div align=\"right\"><\/div>\n<p>Petr\u00f3polis is now a popular summer destination for Brazilian tourists, with a number of tourist attractions including the emperor&#8217;s palace, now a museum featuring priceless artifacts from the royal family, the home of Alberto Santos-Dumont, the Brazilian who invented the world&#8217;s first functional airplane, as well as canal-lined streets with numerous mansions of the Brazilian elite.\u00a0 It&#8217;s also the home of the Laborat\u00f3rio Nacional de Computa\u00e7\u00e3o Cient\u00edfica, a government-based organization that researches technology. The newer section of the city is home to outlet shopping popular with Cariocas.<\/p>\n<p>A number of historic events took place in Petr\u00f3polis, including the inauguration of the first paved highway in Brazil in 1861, the signing of a treaty with Bolivia that gave Brazil control over the state of Acre, the death of famous Brazilian politician and thinker Ruy Barbosa, and the suicide of Austrian novelist Stephen Zweig. Famous visitors to the city include Jorge Amado, Errol Flynn, Greta Garbo, Carmen Miranda, Walt Disney, Bing Crosby, and Orson Welles.<\/p>\n<p>The city has a decidedly European feel, and some consider it the Brazilian version of Versailles.<\/p>\n","protected":false},"excerpt":{"rendered":"<p>Located an hour from the city of Rio de Janeiro, Petr\u00f3polis is a city nestled in the mountains of the Serra dos \u00d3rg\u00e3os, with a population of about 306,000. The city was the summer home of the Brazilian emperor, Dom Pedro II, who founded the city in 1843 after buying a farm in the area&hellip;<\/p>\n<p class=\"post-item__readmore\"><a class=\"btn btn--md\" href=\"https:\/\/blogs.transparent.com\/portuguese\/brazilian-city-spotlight-petropolis-the-imperial-city\/\">Continue Reading<\/a><\/p>","protected":false},"author":1,"featured_media":0,"comment_status":"open","ping_status":"open","sticky":false,"template":"","format":"standard","meta":{"content-type":""},"categories":[5],"tags":[2384],"class_list":["post-183","post","type-post","status-publish","hentry","category-geography","tag-petropolis"],"aioseo_notices":[],"aioseo_head":"\n\t\t<!-- All in One SEO 5.0.0.1 - aioseo.com -->\n\t<meta name=\"description\" content=\"Located an hour from the city of Rio de Janeiro, Petr\u00f3polis is a city nestled in the mountains of the Serra dos \u00d3rg\u00e3os, with a population of about 306,000. The city was the summer home of the Brazilian emperor, Dom Pedro II, who founded the city in 1843 after buying a farm in the area.\" \/>\n\t<meta name=\"robots\" content=\"max-image-preview:large\" \/>\n\t<meta name=\"author\" content=\"Transparent Language\"\/>\n\t<meta name=\"keywords\" content=\"petropolis\" \/>\n\t<link rel=\"canonical\" href=\"https:\/\/blogs.transparent.com\/portuguese\/brazilian-city-spotlight-petropolis-the-imperial-city\/\" \/>\n\t<meta name=\"generator\" content=\"All in One SEO (AIOSEO) 5.0.0.1\" \/>\n\t\t<meta property=\"og:locale\" content=\"en_US\" \/>\n\t\t<meta property=\"og:site_name\" content=\"Portuguese Language Blog | Language and Culture of the Portuguese-Speaking World\" \/>\n\t\t<meta property=\"og:type\" content=\"article\" \/>\n\t\t<meta property=\"og:title\" content=\"Brazilian City Spotlight: Petr\u00f3polis, the Imperial City | Portuguese Language Blog\" \/>\n\t\t<meta property=\"og:description\" content=\"Located an hour from the city of Rio de Janeiro, Petr\u00f3polis is a city nestled in the mountains of the Serra dos \u00d3rg\u00e3os, with a population of about 306,000. The city was the summer home of the Brazilian emperor, Dom Pedro II, who founded the city in 1843 after buying a farm in the area.\" \/>\n\t\t<meta property=\"og:url\" content=\"https:\/\/blogs.transparent.com\/portuguese\/brazilian-city-spotlight-petropolis-the-imperial-city\/\" \/>\n\t\t<meta property=\"article:published_time\" content=\"2008-03-26T23:40:33+00:00\" \/>\n\t\t<meta property=\"article:modified_time\" content=\"2014-07-18T18:08:45+00:00\" \/>\n\t\t<meta name=\"twitter:card\" content=\"summary_large_image\" \/>\n\t\t<meta name=\"twitter:title\" content=\"Brazilian City Spotlight: Petr\u00f3polis, the Imperial City | Portuguese Language Blog\" \/>\n\t\t<meta name=\"twitter:description\" content=\"Located an hour from the city of Rio de Janeiro, Petr\u00f3polis is a city nestled in the mountains of the Serra dos \u00d3rg\u00e3os, with a population of about 306,000. The city was the summer home of the Brazilian emperor, Dom Pedro II, who founded the city in 1843 after buying a farm in the area.\" \/>\n\t\t<script type=\"application\/ld+json\" class=\"aioseo-schema\">\n\t\t\t{\"@context\":\"https:\\\/\\\/schema.org\",\"@graph\":[{\"@type\":\"Article\",\"@id\":\"https:\\\/\\\/blogs.transparent.com\\\/portuguese\\\/brazilian-city-spotlight-petropolis-the-imperial-city\\\/#article\",\"name\":\"Brazilian City Spotlight: Petr\\u00f3polis, the Imperial City | Portuguese Language Blog\",\"headline\":\"Brazilian City Spotlight: Petr\\u00f3polis, the Imperial City\",\"author\":{\"@id\":\"https:\\\/\\\/blogs.transparent.com\\\/portuguese\\\/author\\\/transparentlanguage\\\/#author\"},\"publisher\":{\"@id\":\"https:\\\/\\\/blogs.transparent.com\\\/portuguese\\\/#organization\"},\"datePublished\":\"2008-03-26T19:40:33+00:00\",\"dateModified\":\"2014-07-18T18:08:45+00:00\",\"inLanguage\":\"en-US\",\"mainEntityOfPage\":{\"@id\":\"https:\\\/\\\/blogs.transparent.com\\\/portuguese\\\/brazilian-city-spotlight-petropolis-the-imperial-city\\\/#webpage\"},\"isPartOf\":{\"@id\":\"https:\\\/\\\/blogs.transparent.com\\\/portuguese\\\/brazilian-city-spotlight-petropolis-the-imperial-city\\\/#webpage\"},\"articleSection\":\"Geography, Petropolis\"},{\"@type\":\"BreadcrumbList\",\"@id\":\"https:\\\/\\\/blogs.transparent.com\\\/portuguese\\\/brazilian-city-spotlight-petropolis-the-imperial-city\\\/#breadcrumblist\",\"itemListElement\":[{\"@type\":\"ListItem\",\"@id\":\"https:\\\/\\\/blogs.transparent.com\\\/portuguese#listItem\",\"position\":1,\"name\":\"Home\",\"item\":\"https:\\\/\\\/blogs.transparent.com\\\/portuguese\",\"nextItem\":{\"@type\":\"ListItem\",\"@id\":\"https:\\\/\\\/blogs.transparent.com\\\/portuguese\\\/category\\\/geography\\\/#listItem\",\"name\":\"Geography\"}},{\"@type\":\"ListItem\",\"@id\":\"https:\\\/\\\/blogs.transparent.com\\\/portuguese\\\/category\\\/geography\\\/#listItem\",\"position\":2,\"name\":\"Geography\",\"item\":\"https:\\\/\\\/blogs.transparent.com\\\/portuguese\\\/category\\\/geography\\\/\",\"nextItem\":{\"@type\":\"ListItem\",\"@id\":\"https:\\\/\\\/blogs.transparent.com\\\/portuguese\\\/brazilian-city-spotlight-petropolis-the-imperial-city\\\/#listItem\",\"name\":\"Brazilian City Spotlight: Petr\\u00f3polis, the Imperial City\"},\"previousItem\":{\"@type\":\"ListItem\",\"@id\":\"https:\\\/\\\/blogs.transparent.com\\\/portuguese#listItem\",\"name\":\"Home\"}},{\"@type\":\"ListItem\",\"@id\":\"https:\\\/\\\/blogs.transparent.com\\\/portuguese\\\/brazilian-city-spotlight-petropolis-the-imperial-city\\\/#listItem\",\"position\":3,\"name\":\"Brazilian City Spotlight: Petr\\u00f3polis, the Imperial City\",\"previousItem\":{\"@type\":\"ListItem\",\"@id\":\"https:\\\/\\\/blogs.transparent.com\\\/portuguese\\\/category\\\/geography\\\/#listItem\",\"name\":\"Geography\"}}]},{\"@type\":\"Organization\",\"@id\":\"https:\\\/\\\/blogs.transparent.com\\\/portuguese\\\/#organization\",\"name\":\"Portuguese Language Blog\",\"description\":\"Language and Culture of the Portuguese-Speaking World\",\"url\":\"https:\\\/\\\/blogs.transparent.com\\\/portuguese\\\/\"},{\"@type\":\"Person\",\"@id\":\"https:\\\/\\\/blogs.transparent.com\\\/portuguese\\\/author\\\/transparentlanguage\\\/#author\",\"url\":\"https:\\\/\\\/blogs.transparent.com\\\/portuguese\\\/author\\\/transparentlanguage\\\/\",\"name\":\"Transparent Language\",\"image\":{\"@type\":\"ImageObject\",\"@id\":\"https:\\\/\\\/blogs.transparent.com\\\/portuguese\\\/brazilian-city-spotlight-petropolis-the-imperial-city\\\/#authorImage\",\"url\":\"https:\\\/\\\/secure.gravatar.com\\\/avatar\\\/567610e195faf147244bb8798fd8d1456c5a4afb8df9f9ee483d29ea1094a18c?s=96&d=mm&r=g\",\"width\":96,\"height\":96,\"caption\":\"Transparent Language\"}},{\"@type\":\"WebPage\",\"@id\":\"https:\\\/\\\/blogs.transparent.com\\\/portuguese\\\/brazilian-city-spotlight-petropolis-the-imperial-city\\\/#webpage\",\"url\":\"https:\\\/\\\/blogs.transparent.com\\\/portuguese\\\/brazilian-city-spotlight-petropolis-the-imperial-city\\\/\",\"name\":\"Brazilian City Spotlight: Petr\\u00f3polis, the Imperial City | Portuguese Language Blog\",\"description\":\"Located an hour from the city of Rio de Janeiro, Petr\\u00f3polis is a city nestled in the mountains of the Serra dos \\u00d3rg\\u00e3os, with a population of about 306,000. The city was the summer home of the Brazilian emperor, Dom Pedro II, who founded the city in 1843 after buying a farm in the area.\",\"inLanguage\":\"en-US\",\"isPartOf\":{\"@id\":\"https:\\\/\\\/blogs.transparent.com\\\/portuguese\\\/#website\"},\"breadcrumb\":{\"@id\":\"https:\\\/\\\/blogs.transparent.com\\\/portuguese\\\/brazilian-city-spotlight-petropolis-the-imperial-city\\\/#breadcrumblist\"},\"author\":{\"@id\":\"https:\\\/\\\/blogs.transparent.com\\\/portuguese\\\/author\\\/transparentlanguage\\\/#author\"},\"creator\":{\"@id\":\"https:\\\/\\\/blogs.transparent.com\\\/portuguese\\\/author\\\/transparentlanguage\\\/#author\"},\"datePublished\":\"2008-03-26T19:40:33+00:00\",\"dateModified\":\"2014-07-18T18:08:45+00:00\"},{\"@type\":\"WebSite\",\"@id\":\"https:\\\/\\\/blogs.transparent.com\\\/portuguese\\\/#website\",\"url\":\"https:\\\/\\\/blogs.transparent.com\\\/portuguese\\\/\",\"name\":\"Portuguese Language Blog\",\"description\":\"Language and Culture of the Portuguese-Speaking World\",\"inLanguage\":\"en-US\",\"publisher\":{\"@id\":\"https:\\\/\\\/blogs.transparent.com\\\/portuguese\\\/#organization\"}}]}\n\t\t<\/script>\n\t\t<!-- All in One SEO -->\n\n","aioseo_head_json":{"title":"Brazilian City Spotlight: Petr\u00f3polis, the Imperial City | Portuguese Language Blog","description":"Located an hour from the city of Rio de Janeiro, Petr\u00f3polis is a city nestled in the mountains of the Serra dos \u00d3rg\u00e3os, with a population of about 306,000. The city was the summer home of the Brazilian emperor, Dom Pedro II, who founded the city in 1843 after buying a farm in the area.","canonical_url":"https:\/\/blogs.transparent.com\/portuguese\/brazilian-city-spotlight-petropolis-the-imperial-city\/","robots":"max-image-preview:large","keywords":"petropolis","webmasterTools":{"miscellaneous":""},"schema":{"@context":"https:\/\/schema.org","@graph":[{"@type":"Article","@id":"https:\/\/blogs.transparent.com\/portuguese\/brazilian-city-spotlight-petropolis-the-imperial-city\/#article","name":"Brazilian City Spotlight: Petr\u00f3polis, the Imperial City | Portuguese Language Blog","headline":"Brazilian City Spotlight: Petr\u00f3polis, the Imperial City","author":{"@id":"https:\/\/blogs.transparent.com\/portuguese\/author\/transparentlanguage\/#author"},"publisher":{"@id":"https:\/\/blogs.transparent.com\/portuguese\/#organization"},"datePublished":"2008-03-26T19:40:33+00:00","dateModified":"2014-07-18T18:08:45+00:00","inLanguage":"en-US","mainEntityOfPage":{"@id":"https:\/\/blogs.transparent.com\/portuguese\/brazilian-city-spotlight-petropolis-the-imperial-city\/#webpage"},"isPartOf":{"@id":"https:\/\/blogs.transparent.com\/portuguese\/brazilian-city-spotlight-petropolis-the-imperial-city\/#webpage"},"articleSection":"Geography, Petropolis"},{"@type":"BreadcrumbList","@id":"https:\/\/blogs.transparent.com\/portuguese\/brazilian-city-spotlight-petropolis-the-imperial-city\/#breadcrumblist","itemListElement":[{"@type":"ListItem","@id":"https:\/\/blogs.transparent.com\/portuguese#listItem","position":1,"name":"Home","item":"https:\/\/blogs.transparent.com\/portuguese","nextItem":{"@type":"ListItem","@id":"https:\/\/blogs.transparent.com\/portuguese\/category\/geography\/#listItem","name":"Geography"}},{"@type":"ListItem","@id":"https:\/\/blogs.transparent.com\/portuguese\/category\/geography\/#listItem","position":2,"name":"Geography","item":"https:\/\/blogs.transparent.com\/portuguese\/category\/geography\/","nextItem":{"@type":"ListItem","@id":"https:\/\/blogs.transparent.com\/portuguese\/brazilian-city-spotlight-petropolis-the-imperial-city\/#listItem","name":"Brazilian City Spotlight: Petr\u00f3polis, the Imperial City"},"previousItem":{"@type":"ListItem","@id":"https:\/\/blogs.transparent.com\/portuguese#listItem","name":"Home"}},{"@type":"ListItem","@id":"https:\/\/blogs.transparent.com\/portuguese\/brazilian-city-spotlight-petropolis-the-imperial-city\/#listItem","position":3,"name":"Brazilian City Spotlight: Petr\u00f3polis, the Imperial City","previousItem":{"@type":"ListItem","@id":"https:\/\/blogs.transparent.com\/portuguese\/category\/geography\/#listItem","name":"Geography"}}]},{"@type":"Organization","@id":"https:\/\/blogs.transparent.com\/portuguese\/#organization","name":"Portuguese Language Blog","description":"Language and Culture of the Portuguese-Speaking World","url":"https:\/\/blogs.transparent.com\/portuguese\/"},{"@type":"Person","@id":"https:\/\/blogs.transparent.com\/portuguese\/author\/transparentlanguage\/#author","url":"https:\/\/blogs.transparent.com\/portuguese\/author\/transparentlanguage\/","name":"Transparent Language","image":{"@type":"ImageObject","@id":"https:\/\/blogs.transparent.com\/portuguese\/brazilian-city-spotlight-petropolis-the-imperial-city\/#authorImage","url":"https:\/\/secure.gravatar.com\/avatar\/567610e195faf147244bb8798fd8d1456c5a4afb8df9f9ee483d29ea1094a18c?s=96&d=mm&r=g","width":96,"height":96,"caption":"Transparent Language"}},{"@type":"WebPage","@id":"https:\/\/blogs.transparent.com\/portuguese\/brazilian-city-spotlight-petropolis-the-imperial-city\/#webpage","url":"https:\/\/blogs.transparent.com\/portuguese\/brazilian-city-spotlight-petropolis-the-imperial-city\/","name":"Brazilian City Spotlight: Petr\u00f3polis, the Imperial City | Portuguese Language Blog","description":"Located an hour from the city of Rio de Janeiro, Petr\u00f3polis is a city nestled in the mountains of the Serra dos \u00d3rg\u00e3os, with a population of about 306,000. The city was the summer home of the Brazilian emperor, Dom Pedro II, who founded the city in 1843 after buying a farm in the area.","inLanguage":"en-US","isPartOf":{"@id":"https:\/\/blogs.transparent.com\/portuguese\/#website"},"breadcrumb":{"@id":"https:\/\/blogs.transparent.com\/portuguese\/brazilian-city-spotlight-petropolis-the-imperial-city\/#breadcrumblist"},"author":{"@id":"https:\/\/blogs.transparent.com\/portuguese\/author\/transparentlanguage\/#author"},"creator":{"@id":"https:\/\/blogs.transparent.com\/portuguese\/author\/transparentlanguage\/#author"},"datePublished":"2008-03-26T19:40:33+00:00","dateModified":"2014-07-18T18:08:45+00:00"},{"@type":"WebSite","@id":"https:\/\/blogs.transparent.com\/portuguese\/#website","url":"https:\/\/blogs.transparent.com\/portuguese\/","name":"Portuguese Language Blog","description":"Language and Culture of the Portuguese-Speaking World","inLanguage":"en-US","publisher":{"@id":"https:\/\/blogs.transparent.com\/portuguese\/#organization"}}]},"og:locale":"en_US","og:site_name":"Portuguese Language Blog | Language and Culture of the Portuguese-Speaking World","og:type":"article","og:title":"Brazilian City Spotlight: Petr\u00f3polis, the Imperial City | Portuguese Language Blog","og:description":"Located an hour from the city of Rio de Janeiro, Petr\u00f3polis is a city nestled in the mountains of the Serra dos \u00d3rg\u00e3os, with a population of about 306,000. The city was the summer home of the Brazilian emperor, Dom Pedro II, who founded the city in 1843 after buying a farm in the area.","og:url":"https:\/\/blogs.transparent.com\/portuguese\/brazilian-city-spotlight-petropolis-the-imperial-city\/","article:published_time":"2008-03-26T23:40:33+00:00","article:modified_time":"2014-07-18T18:08:45+00:00","twitter:card":"summary_large_image","twitter:title":"Brazilian City Spotlight: Petr\u00f3polis, the Imperial City | Portuguese Language Blog","twitter:description":"Located an hour from the city of Rio de Janeiro, Petr\u00f3polis is a city nestled in the mountains of the Serra dos \u00d3rg\u00e3os, with a population of about 306,000. The city was the summer home of the Brazilian emperor, Dom Pedro II, who founded the city in 1843 after buying a farm in the area."},"aioseo_meta_data":{"post_id":"183","title":null,"description":null,"keywords":null,"keyphrases":null,"primary_term":null,"canonical_url":null,"og_title":null,"og_description":null,"og_object_type":"default","og_image_type":"default","og_image_url":null,"og_image_width":null,"og_image_height":null,"og_image_custom_url":null,"og_image_custom_fields":null,"og_video":null,"og_custom_url":null,"og_article_section":null,"og_article_tags":null,"twitter_use_og":false,"twitter_card":"default","twitter_image_type":"default","twitter_image_url":null,"twitter_image_custom_url":null,"twitter_image_custom_fields":null,"twitter_title":null,"twitter_description":null,"schema":{"blockGraphs":[],"customGraphs":[],"default":{"data":{"Article":[],"Course":[],"Dataset":[],"FAQPage":[],"Movie":[],"Person":[],"Product":[],"ProductReview":[],"Car":[],"Recipe":[],"Service":[],"SoftwareApplication":[],"WebPage":[]},"graphName":"Article","isEnabled":true},"graphs":[]},"schema_type":null,"schema_type_options":null,"pillar_content":false,"robots_default":true,"robots_noindex":false,"robots_noarchive":false,"robots_nosnippet":false,"robots_nofollow":false,"robots_noimageindex":false,"robots_noodp":false,"robots_notranslate":false,"robots_max_snippet":null,"robots_max_videopreview":null,"robots_max_imagepreview":"large","priority":null,"frequency":null,"location":null,"local_seo":null,"breadcrumb_settings":null,"limit_modified_date":false,"ai":null,"created":"2020-12-21 16:07:39","updated":"2025-07-09 17:06:35","focus_keyword":null,"additional_keywords":null,"truseo_locale":null,"seo_analyzer_scan_date":null},"_links":{"self":[{"href":"https:\/\/blogs.transparent.com\/portuguese\/wp-json\/wp\/v2\/posts\/183","targetHints":{"allow":["GET"]}}],"collection":[{"href":"https:\/\/blogs.transparent.com\/portuguese\/wp-json\/wp\/v2\/posts"}],"about":[{"href":"https:\/\/blogs.transparent.com\/portuguese\/wp-json\/wp\/v2\/types\/post"}],"author":[{"embeddable":true,"href":"https:\/\/blogs.transparent.com\/portuguese\/wp-json\/wp\/v2\/users\/1"}],"replies":[{"embeddable":true,"href":"https:\/\/blogs.transparent.com\/portuguese\/wp-json\/wp\/v2\/comments?post=183"}],"version-history":[{"count":1,"href":"https:\/\/blogs.transparent.com\/portuguese\/wp-json\/wp\/v2\/posts\/183\/revisions"}],"predecessor-version":[{"id":5424,"href":"https:\/\/blogs.transparent.com\/portuguese\/wp-json\/wp\/v2\/posts\/183\/revisions\/5424"}],"wp:attachment":[{"href":"https:\/\/blogs.transparent.com\/portuguese\/wp-json\/wp\/v2\/media?parent=183"}],"wp:term":[{"taxonomy":"category","embeddable":true,"href":"https:\/\/blogs.transparent.com\/portuguese\/wp-json\/wp\/v2\/categories?post=183"},{"taxonomy":"post_tag","embeddable":true,"href":"https:\/\/blogs.transparent.com\/portuguese\/wp-json\/wp\/v2\/tags?post=183"}],"curies":[{"name":"wp","href":"https:\/\/api.w.org\/{rel}","templated":true}]}}