{"id":2430,"date":"2011-06-27T13:49:03","date_gmt":"2011-06-27T13:49:03","guid":{"rendered":"https:\/\/blogs.transparent.com\/portuguese\/?p=2430"},"modified":"2011-06-27T13:49:03","modified_gmt":"2011-06-27T13:49:03","slug":"orgulho-gay-em-sao-paulo","status":"publish","type":"post","link":"https:\/\/blogs.transparent.com\/portuguese\/orgulho-gay-em-sao-paulo\/","title":{"rendered":"Orgulho Gay em S\u00e3o Paulo"},"content":{"rendered":"<p>Yesterday was the S\u00e3o Paulo Gay Pride Parade, <em>Parada do Orgulho Gay<\/em>, the biggest gay pride parade in the world! This past weekend&#8217;s event turned 15 (and had a <em>valsa de 15 anos<\/em> to boot), and hit records with an estimated 4 million in attendance. This year has been a big one for a more anti-homophobic Brazil, with the legalization of gay marriage and protests against the many attacks of violence spurred by homophobia across the country, so this year&#8217;s parade was a pretty special one for all.<\/p>\n<p>Read a little more about it and watch a video to see how it all went down!<\/p>\n<p>This video was a commercial for the event. For those who don&#8217;t know, in Brazil, it is common for a girl&#8217;s 15th birthday party to be a huge event, complete with a waltz with her father and\/or boyfriend. Since it was the parade&#8217;s 15th birthday &#8211; they celebrated with a waltz.<\/p>\n<p><a href=\"http:\/\/www.youtube.com\/watch?v=WDPS8SSyx7Y\">http:\/\/www.youtube.com\/watch?v=WDPS8SSyx7Y<\/a><\/p>\n<p>And From <a href=\"http:\/\/g1.globo.com\/sao-paulo\/noticia\/2011\/06\/organizacao-estima-em-4-milhoes-publico-da-parada-gay-de-sp.html\">G1<\/a> &#8211;<\/p>\n<p><em>A organiza\u00e7\u00e3o da 15\u00aa Parada do Orgulho LGBT (l\u00e9sbicas, gays, bissexuais e transexuais) fez uma estimativa de 4 milh\u00f5es de participantes na noite deste domingo (26), minutos ap\u00f3s o fim do evento, no Centro de S\u00e3o Paulo. A PM, no entanto, disse n\u00e3o ter um balan\u00e7o do n\u00famero de participantes.<\/em><\/p>\n<p><em>Apesar da chuva, o p\u00fablico lotou a Avenida Paulista e a Rua da Consola\u00e7\u00e3o durante a festa, que teve in\u00edcio \u00e0s 13h. O \u00faltimo trio deixou as ruas por volta das 18h30. Ao todo, 16 trios el\u00e9tricos animaram o p\u00fablico.<\/em><\/p>\n<p><em>\u201cA gente bateu o recorde. Achamos que a chuva ia atrapalhar, mas foi o contr\u00e1rio. A Parada foi muito tranquila. Foi incr\u00edvel. Nossa mensagem foi passada\u201d, afirmou Leandro Rodrigues, da Associa\u00e7\u00e3o Brasileira de Gays, L\u00e9sbicas e Transg\u00eaneros. O tema deste ano foi: \u201cAmai-vos uns aos outros: basta de homofobia!\u201d &#8230; <\/em><\/p>\n<p><em>Novamente neste ano as fantasias deram o tom da festa. V\u00e1rias pessoas aproveitaram o evento tamb\u00e9m para protestar, como um grupo de \u00edndios do Alto Xingu (MT), que levou faixas contra a constru\u00e7\u00e3o da usina de Belo Monte.<\/em><\/p>\n<p><em>Ex-BBBs marcaram presen\u00e7a na Parada. Daniel, da \u00faltima edi\u00e7\u00e3o, fez parte de um dos trios. O deputado federal Jean Wyllys (PSOL-RJ) tamb\u00e9m compareceu e discursou ao lado da senadora Marta Suplicy (PT-SP).<\/em><\/p>\n<p><em>Considerada a diva da Parada, Preta Gil foi ao local e tamb\u00e9m falou sobre o evento. &#8220;Acredito na diversidade e na inclus\u00e3o. Sempre fui militante da causa GLS porque \u00e9 a minha causa e de todo ser humano que entende a complexidade de ser humano.&#8221;<\/em><\/p>\n<p><strong>Vocabulary &#8211; <\/strong><\/p>\n<p><em>trio el\u00e9trico &#8211; <\/em>float<\/p>\n<p><em>animar &#8211; <\/em>animate \/ bring energy to smthng<\/p>\n<p><em>atrapalhar &#8211; <\/em>disturb, get in the way of smthng\/someone<\/p>\n<p><em>fantasias &#8211; <\/em>costumes<\/p>\n<p><em>faixas &#8211; <\/em>banners<\/p>\n<p><em>discursar &#8211; <\/em>to give a speech<\/p>\n","protected":false},"excerpt":{"rendered":"<p>Yesterday was the S\u00e3o Paulo Gay Pride Parade, Parada do Orgulho Gay, the biggest gay pride parade in the world! This past weekend&#8217;s event turned 15 (and had a valsa de 15 anos to boot), and hit records with an estimated 4 million in attendance. This year has been a big one for a more&hellip;<\/p>\n<p class=\"post-item__readmore\"><a class=\"btn btn--md\" href=\"https:\/\/blogs.transparent.com\/portuguese\/orgulho-gay-em-sao-paulo\/\">Continue Reading<\/a><\/p>","protected":false},"author":40,"featured_media":0,"comment_status":"open","ping_status":"open","sticky":false,"template":"","format":"standard","meta":{"content-type":""},"categories":[3,13],"tags":[2111],"class_list":["post-2430","post","type-post","status-publish","hentry","category-culture","category-vocabulary","tag-events"],"aioseo_notices":[],"aioseo_head":"\n\t\t<!-- All in One SEO 5.0.0.1 - aioseo.com -->\n\t<meta name=\"description\" content=\"Yesterday was the S\u00e3o Paulo Gay Pride Parade, Parada do Orgulho Gay, the biggest gay pride parade in the world! This past weekend&#039;s event turned 15 (and had a valsa de 15 anos to boot), and hit records with an estimated 4 million in attendance. This year has been a big one for a more\" \/>\n\t<meta name=\"robots\" content=\"max-image-preview:large\" \/>\n\t<meta name=\"author\" content=\"polyana\"\/>\n\t<meta name=\"keywords\" content=\"events\" \/>\n\t<link rel=\"canonical\" href=\"https:\/\/blogs.transparent.com\/portuguese\/orgulho-gay-em-sao-paulo\/\" \/>\n\t<meta name=\"generator\" content=\"All in One SEO (AIOSEO) 5.0.0.1\" \/>\n\t\t<meta property=\"og:locale\" content=\"en_US\" \/>\n\t\t<meta property=\"og:site_name\" content=\"Portuguese Language Blog | Language and Culture of the Portuguese-Speaking World\" \/>\n\t\t<meta property=\"og:type\" content=\"article\" \/>\n\t\t<meta property=\"og:title\" content=\"Orgulho Gay em S\u00e3o Paulo | Portuguese Language Blog\" \/>\n\t\t<meta property=\"og:description\" content=\"Yesterday was the S\u00e3o Paulo Gay Pride Parade, Parada do Orgulho Gay, the biggest gay pride parade in the world! This past weekend&#039;s event turned 15 (and had a valsa de 15 anos to boot), and hit records with an estimated 4 million in attendance. This year has been a big one for a more\" \/>\n\t\t<meta property=\"og:url\" content=\"https:\/\/blogs.transparent.com\/portuguese\/orgulho-gay-em-sao-paulo\/\" \/>\n\t\t<meta property=\"article:published_time\" content=\"2011-06-27T13:49:03+00:00\" \/>\n\t\t<meta property=\"article:modified_time\" content=\"2011-06-27T13:49:03+00:00\" \/>\n\t\t<meta name=\"twitter:card\" content=\"summary_large_image\" \/>\n\t\t<meta name=\"twitter:title\" content=\"Orgulho Gay em S\u00e3o Paulo | Portuguese Language Blog\" \/>\n\t\t<meta name=\"twitter:description\" content=\"Yesterday was the S\u00e3o Paulo Gay Pride Parade, Parada do Orgulho Gay, the biggest gay pride parade in the world! This past weekend&#039;s event turned 15 (and had a valsa de 15 anos to boot), and hit records with an estimated 4 million in attendance. This year has been a big one for a more\" \/>\n\t\t<script type=\"application\/ld+json\" class=\"aioseo-schema\">\n\t\t\t{\"@context\":\"https:\\\/\\\/schema.org\",\"@graph\":[{\"@type\":\"Article\",\"@id\":\"https:\\\/\\\/blogs.transparent.com\\\/portuguese\\\/orgulho-gay-em-sao-paulo\\\/#article\",\"name\":\"Orgulho Gay em S\\u00e3o Paulo | Portuguese Language Blog\",\"headline\":\"Orgulho Gay em S\\u00e3o Paulo\",\"author\":{\"@id\":\"https:\\\/\\\/blogs.transparent.com\\\/portuguese\\\/author\\\/polyana\\\/#author\"},\"publisher\":{\"@id\":\"https:\\\/\\\/blogs.transparent.com\\\/portuguese\\\/#organization\"},\"datePublished\":\"2011-06-27T13:49:03+00:00\",\"dateModified\":\"2011-06-27T13:49:03+00:00\",\"inLanguage\":\"en-US\",\"commentCount\":1,\"mainEntityOfPage\":{\"@id\":\"https:\\\/\\\/blogs.transparent.com\\\/portuguese\\\/orgulho-gay-em-sao-paulo\\\/#webpage\"},\"isPartOf\":{\"@id\":\"https:\\\/\\\/blogs.transparent.com\\\/portuguese\\\/orgulho-gay-em-sao-paulo\\\/#webpage\"},\"articleSection\":\"Culture, Vocabulary, events\"},{\"@type\":\"BreadcrumbList\",\"@id\":\"https:\\\/\\\/blogs.transparent.com\\\/portuguese\\\/orgulho-gay-em-sao-paulo\\\/#breadcrumblist\",\"itemListElement\":[{\"@type\":\"ListItem\",\"@id\":\"https:\\\/\\\/blogs.transparent.com\\\/portuguese#listItem\",\"position\":1,\"name\":\"Home\",\"item\":\"https:\\\/\\\/blogs.transparent.com\\\/portuguese\",\"nextItem\":{\"@type\":\"ListItem\",\"@id\":\"https:\\\/\\\/blogs.transparent.com\\\/portuguese\\\/category\\\/culture\\\/#listItem\",\"name\":\"Culture\"}},{\"@type\":\"ListItem\",\"@id\":\"https:\\\/\\\/blogs.transparent.com\\\/portuguese\\\/category\\\/culture\\\/#listItem\",\"position\":2,\"name\":\"Culture\",\"item\":\"https:\\\/\\\/blogs.transparent.com\\\/portuguese\\\/category\\\/culture\\\/\",\"nextItem\":{\"@type\":\"ListItem\",\"@id\":\"https:\\\/\\\/blogs.transparent.com\\\/portuguese\\\/orgulho-gay-em-sao-paulo\\\/#listItem\",\"name\":\"Orgulho Gay em S\\u00e3o Paulo\"},\"previousItem\":{\"@type\":\"ListItem\",\"@id\":\"https:\\\/\\\/blogs.transparent.com\\\/portuguese#listItem\",\"name\":\"Home\"}},{\"@type\":\"ListItem\",\"@id\":\"https:\\\/\\\/blogs.transparent.com\\\/portuguese\\\/orgulho-gay-em-sao-paulo\\\/#listItem\",\"position\":3,\"name\":\"Orgulho Gay em S\\u00e3o Paulo\",\"previousItem\":{\"@type\":\"ListItem\",\"@id\":\"https:\\\/\\\/blogs.transparent.com\\\/portuguese\\\/category\\\/culture\\\/#listItem\",\"name\":\"Culture\"}}]},{\"@type\":\"Organization\",\"@id\":\"https:\\\/\\\/blogs.transparent.com\\\/portuguese\\\/#organization\",\"name\":\"Portuguese Language Blog\",\"description\":\"Language and Culture of the Portuguese-Speaking World\",\"url\":\"https:\\\/\\\/blogs.transparent.com\\\/portuguese\\\/\"},{\"@type\":\"Person\",\"@id\":\"https:\\\/\\\/blogs.transparent.com\\\/portuguese\\\/author\\\/polyana\\\/#author\",\"url\":\"https:\\\/\\\/blogs.transparent.com\\\/portuguese\\\/author\\\/polyana\\\/\",\"name\":\"polyana\",\"image\":{\"@type\":\"ImageObject\",\"@id\":\"https:\\\/\\\/blogs.transparent.com\\\/portuguese\\\/orgulho-gay-em-sao-paulo\\\/#authorImage\",\"url\":\"https:\\\/\\\/secure.gravatar.com\\\/avatar\\\/edda9b69408f1bf52490ac0e109df51aa959bb190fb4e9f562ea50e7141a6695?s=96&d=mm&r=g\",\"width\":96,\"height\":96,\"caption\":\"polyana\"}},{\"@type\":\"WebPage\",\"@id\":\"https:\\\/\\\/blogs.transparent.com\\\/portuguese\\\/orgulho-gay-em-sao-paulo\\\/#webpage\",\"url\":\"https:\\\/\\\/blogs.transparent.com\\\/portuguese\\\/orgulho-gay-em-sao-paulo\\\/\",\"name\":\"Orgulho Gay em S\\u00e3o Paulo | Portuguese Language Blog\",\"description\":\"Yesterday was the S\\u00e3o Paulo Gay Pride Parade, Parada do Orgulho Gay, the biggest gay pride parade in the world! This past weekend's event turned 15 (and had a valsa de 15 anos to boot), and hit records with an estimated 4 million in attendance. This year has been a big one for a more\",\"inLanguage\":\"en-US\",\"isPartOf\":{\"@id\":\"https:\\\/\\\/blogs.transparent.com\\\/portuguese\\\/#website\"},\"breadcrumb\":{\"@id\":\"https:\\\/\\\/blogs.transparent.com\\\/portuguese\\\/orgulho-gay-em-sao-paulo\\\/#breadcrumblist\"},\"author\":{\"@id\":\"https:\\\/\\\/blogs.transparent.com\\\/portuguese\\\/author\\\/polyana\\\/#author\"},\"creator\":{\"@id\":\"https:\\\/\\\/blogs.transparent.com\\\/portuguese\\\/author\\\/polyana\\\/#author\"},\"datePublished\":\"2011-06-27T13:49:03+00:00\",\"dateModified\":\"2011-06-27T13:49:03+00:00\"},{\"@type\":\"WebSite\",\"@id\":\"https:\\\/\\\/blogs.transparent.com\\\/portuguese\\\/#website\",\"url\":\"https:\\\/\\\/blogs.transparent.com\\\/portuguese\\\/\",\"name\":\"Portuguese Language Blog\",\"description\":\"Language and Culture of the Portuguese-Speaking World\",\"inLanguage\":\"en-US\",\"publisher\":{\"@id\":\"https:\\\/\\\/blogs.transparent.com\\\/portuguese\\\/#organization\"}}]}\n\t\t<\/script>\n\t\t<!-- All in One SEO -->\n\n","aioseo_head_json":{"title":"Orgulho Gay em S\u00e3o Paulo | Portuguese Language Blog","description":"Yesterday was the S\u00e3o Paulo Gay Pride Parade, Parada do Orgulho Gay, the biggest gay pride parade in the world! This past weekend's event turned 15 (and had a valsa de 15 anos to boot), and hit records with an estimated 4 million in attendance. This year has been a big one for a more","canonical_url":"https:\/\/blogs.transparent.com\/portuguese\/orgulho-gay-em-sao-paulo\/","robots":"max-image-preview:large","keywords":"events","webmasterTools":{"miscellaneous":""},"schema":{"@context":"https:\/\/schema.org","@graph":[{"@type":"Article","@id":"https:\/\/blogs.transparent.com\/portuguese\/orgulho-gay-em-sao-paulo\/#article","name":"Orgulho Gay em S\u00e3o Paulo | Portuguese Language Blog","headline":"Orgulho Gay em S\u00e3o Paulo","author":{"@id":"https:\/\/blogs.transparent.com\/portuguese\/author\/polyana\/#author"},"publisher":{"@id":"https:\/\/blogs.transparent.com\/portuguese\/#organization"},"datePublished":"2011-06-27T13:49:03+00:00","dateModified":"2011-06-27T13:49:03+00:00","inLanguage":"en-US","commentCount":1,"mainEntityOfPage":{"@id":"https:\/\/blogs.transparent.com\/portuguese\/orgulho-gay-em-sao-paulo\/#webpage"},"isPartOf":{"@id":"https:\/\/blogs.transparent.com\/portuguese\/orgulho-gay-em-sao-paulo\/#webpage"},"articleSection":"Culture, Vocabulary, events"},{"@type":"BreadcrumbList","@id":"https:\/\/blogs.transparent.com\/portuguese\/orgulho-gay-em-sao-paulo\/#breadcrumblist","itemListElement":[{"@type":"ListItem","@id":"https:\/\/blogs.transparent.com\/portuguese#listItem","position":1,"name":"Home","item":"https:\/\/blogs.transparent.com\/portuguese","nextItem":{"@type":"ListItem","@id":"https:\/\/blogs.transparent.com\/portuguese\/category\/culture\/#listItem","name":"Culture"}},{"@type":"ListItem","@id":"https:\/\/blogs.transparent.com\/portuguese\/category\/culture\/#listItem","position":2,"name":"Culture","item":"https:\/\/blogs.transparent.com\/portuguese\/category\/culture\/","nextItem":{"@type":"ListItem","@id":"https:\/\/blogs.transparent.com\/portuguese\/orgulho-gay-em-sao-paulo\/#listItem","name":"Orgulho Gay em S\u00e3o Paulo"},"previousItem":{"@type":"ListItem","@id":"https:\/\/blogs.transparent.com\/portuguese#listItem","name":"Home"}},{"@type":"ListItem","@id":"https:\/\/blogs.transparent.com\/portuguese\/orgulho-gay-em-sao-paulo\/#listItem","position":3,"name":"Orgulho Gay em S\u00e3o Paulo","previousItem":{"@type":"ListItem","@id":"https:\/\/blogs.transparent.com\/portuguese\/category\/culture\/#listItem","name":"Culture"}}]},{"@type":"Organization","@id":"https:\/\/blogs.transparent.com\/portuguese\/#organization","name":"Portuguese Language Blog","description":"Language and Culture of the Portuguese-Speaking World","url":"https:\/\/blogs.transparent.com\/portuguese\/"},{"@type":"Person","@id":"https:\/\/blogs.transparent.com\/portuguese\/author\/polyana\/#author","url":"https:\/\/blogs.transparent.com\/portuguese\/author\/polyana\/","name":"polyana","image":{"@type":"ImageObject","@id":"https:\/\/blogs.transparent.com\/portuguese\/orgulho-gay-em-sao-paulo\/#authorImage","url":"https:\/\/secure.gravatar.com\/avatar\/edda9b69408f1bf52490ac0e109df51aa959bb190fb4e9f562ea50e7141a6695?s=96&d=mm&r=g","width":96,"height":96,"caption":"polyana"}},{"@type":"WebPage","@id":"https:\/\/blogs.transparent.com\/portuguese\/orgulho-gay-em-sao-paulo\/#webpage","url":"https:\/\/blogs.transparent.com\/portuguese\/orgulho-gay-em-sao-paulo\/","name":"Orgulho Gay em S\u00e3o Paulo | Portuguese Language Blog","description":"Yesterday was the S\u00e3o Paulo Gay Pride Parade, Parada do Orgulho Gay, the biggest gay pride parade in the world! This past weekend's event turned 15 (and had a valsa de 15 anos to boot), and hit records with an estimated 4 million in attendance. This year has been a big one for a more","inLanguage":"en-US","isPartOf":{"@id":"https:\/\/blogs.transparent.com\/portuguese\/#website"},"breadcrumb":{"@id":"https:\/\/blogs.transparent.com\/portuguese\/orgulho-gay-em-sao-paulo\/#breadcrumblist"},"author":{"@id":"https:\/\/blogs.transparent.com\/portuguese\/author\/polyana\/#author"},"creator":{"@id":"https:\/\/blogs.transparent.com\/portuguese\/author\/polyana\/#author"},"datePublished":"2011-06-27T13:49:03+00:00","dateModified":"2011-06-27T13:49:03+00:00"},{"@type":"WebSite","@id":"https:\/\/blogs.transparent.com\/portuguese\/#website","url":"https:\/\/blogs.transparent.com\/portuguese\/","name":"Portuguese Language Blog","description":"Language and Culture of the Portuguese-Speaking World","inLanguage":"en-US","publisher":{"@id":"https:\/\/blogs.transparent.com\/portuguese\/#organization"}}]},"og:locale":"en_US","og:site_name":"Portuguese Language Blog | Language and Culture of the Portuguese-Speaking World","og:type":"article","og:title":"Orgulho Gay em S\u00e3o Paulo | Portuguese Language Blog","og:description":"Yesterday was the S\u00e3o Paulo Gay Pride Parade, Parada do Orgulho Gay, the biggest gay pride parade in the world! This past weekend's event turned 15 (and had a valsa de 15 anos to boot), and hit records with an estimated 4 million in attendance. This year has been a big one for a more","og:url":"https:\/\/blogs.transparent.com\/portuguese\/orgulho-gay-em-sao-paulo\/","article:published_time":"2011-06-27T13:49:03+00:00","article:modified_time":"2011-06-27T13:49:03+00:00","twitter:card":"summary_large_image","twitter:title":"Orgulho Gay em S\u00e3o Paulo | Portuguese Language Blog","twitter:description":"Yesterday was the S\u00e3o Paulo Gay Pride Parade, Parada do Orgulho Gay, the biggest gay pride parade in the world! This past weekend's event turned 15 (and had a valsa de 15 anos to boot), and hit records with an estimated 4 million in attendance. This year has been a big one for a more"},"aioseo_meta_data":{"post_id":"2430","title":null,"description":null,"keywords":null,"keyphrases":null,"primary_term":null,"canonical_url":null,"og_title":null,"og_description":null,"og_object_type":"default","og_image_type":"default","og_image_url":null,"og_image_width":null,"og_image_height":null,"og_image_custom_url":null,"og_image_custom_fields":null,"og_video":null,"og_custom_url":null,"og_article_section":null,"og_article_tags":null,"twitter_use_og":false,"twitter_card":"default","twitter_image_type":"default","twitter_image_url":null,"twitter_image_custom_url":null,"twitter_image_custom_fields":null,"twitter_title":null,"twitter_description":null,"schema":{"blockGraphs":[],"customGraphs":[],"default":{"data":{"Article":[],"Course":[],"Dataset":[],"FAQPage":[],"Movie":[],"Person":[],"Product":[],"ProductReview":[],"Car":[],"Recipe":[],"Service":[],"SoftwareApplication":[],"WebPage":[]},"graphName":"Article","isEnabled":true},"graphs":[]},"schema_type":null,"schema_type_options":null,"pillar_content":false,"robots_default":true,"robots_noindex":false,"robots_noarchive":false,"robots_nosnippet":false,"robots_nofollow":false,"robots_noimageindex":false,"robots_noodp":false,"robots_notranslate":false,"robots_max_snippet":null,"robots_max_videopreview":null,"robots_max_imagepreview":"large","priority":null,"frequency":null,"location":null,"local_seo":null,"breadcrumb_settings":null,"limit_modified_date":false,"ai":null,"created":"2020-12-21 16:23:19","updated":"2025-07-10 12:05:32","focus_keyword":null,"additional_keywords":null,"truseo_locale":null,"seo_analyzer_scan_date":null},"_links":{"self":[{"href":"https:\/\/blogs.transparent.com\/portuguese\/wp-json\/wp\/v2\/posts\/2430","targetHints":{"allow":["GET"]}}],"collection":[{"href":"https:\/\/blogs.transparent.com\/portuguese\/wp-json\/wp\/v2\/posts"}],"about":[{"href":"https:\/\/blogs.transparent.com\/portuguese\/wp-json\/wp\/v2\/types\/post"}],"author":[{"embeddable":true,"href":"https:\/\/blogs.transparent.com\/portuguese\/wp-json\/wp\/v2\/users\/40"}],"replies":[{"embeddable":true,"href":"https:\/\/blogs.transparent.com\/portuguese\/wp-json\/wp\/v2\/comments?post=2430"}],"version-history":[{"count":1,"href":"https:\/\/blogs.transparent.com\/portuguese\/wp-json\/wp\/v2\/posts\/2430\/revisions"}],"predecessor-version":[{"id":2431,"href":"https:\/\/blogs.transparent.com\/portuguese\/wp-json\/wp\/v2\/posts\/2430\/revisions\/2431"}],"wp:attachment":[{"href":"https:\/\/blogs.transparent.com\/portuguese\/wp-json\/wp\/v2\/media?parent=2430"}],"wp:term":[{"taxonomy":"category","embeddable":true,"href":"https:\/\/blogs.transparent.com\/portuguese\/wp-json\/wp\/v2\/categories?post=2430"},{"taxonomy":"post_tag","embeddable":true,"href":"https:\/\/blogs.transparent.com\/portuguese\/wp-json\/wp\/v2\/tags?post=2430"}],"curies":[{"name":"wp","href":"https:\/\/api.w.org\/{rel}","templated":true}]}}