{"id":2448,"date":"2011-07-06T02:03:30","date_gmt":"2011-07-06T02:03:30","guid":{"rendered":"https:\/\/blogs.transparent.com\/portuguese\/?p=2448"},"modified":"2011-07-06T02:03:30","modified_gmt":"2011-07-06T02:03:30","slug":"brrr-its-cold","status":"publish","type":"post","link":"https:\/\/blogs.transparent.com\/portuguese\/brrr-its-cold\/","title":{"rendered":"Brrr, It&#8217;s Cold!"},"content":{"rendered":"<p>While in the Northern Hemisphere, we&#8217;re enjoying summer, in the south of Brazil, it&#8217;s getting cold! Let&#8217;s take a look at some weather news and vocabulary.<\/p>\n<p>In Santa Catarina, it is getting very chilly. According to <a href=\"http:\/\/www.correiodopovo-al.com.br\/v3\/curiosidades\/1055639090-Frio-polo-norte-Sul-registra-sensao-trmica--.html\">this article<\/a>, they&#8217;re experiencing subzero temperatures (Celsius, that is):<\/p>\n<p><em>Ao menos 30 cidades da regi\u00e3o Sul registraram temperaturas negativas na madrugada de ontem. Urubici, na serra catarinense, amanheceu com 6,2C negativos e a sensa\u00e7\u00e3o t\u00e9rmica na cidade chegou a 27C negativos. \u00c9 um frio equivalente ao sentido por habitantes de pa\u00edses como a Noruega e regi\u00f5es pr\u00f3ximas aos polos Sul e Norte.<\/em><\/p>\n<p>Based on the text, what do you think &#8220;sensa\u00e7\u00e3o t\u00e9rmica&#8221;means?<\/p>\n<p>In S\u00e3o Paulo, the temperatures had the <a href=\"http:\/\/noticias.terra.com.br\/brasil\/noticias\/0,,OI5222341-EI8139,00-Sao+Paulo+entra+em+estado+de+alerta+por+causa+do+frio.html\">city on alert<\/a>:<\/p>\n<p><em>A tarde de hoje registrou nebulosidade intensa e temperaturas baixas na capital. Segundo o Centro de Gerenciamento de Emerg\u00eancias (CGE), as temperaturas m\u00e1ximas encontravam-se pr\u00f3ximas de 15\u00baC \u00e0s 16h, de acordo com as esta\u00e7\u00f5es meteorol\u00f3gicas autom\u00e1ticas da Consola\u00e7\u00e3o, Freguesia do \u00d3 e Trememb\u00e9. Foi a tarde mais fria de 2011.<\/em><\/p>\n<p>What were some of the lowest temperatures recorded in the area?<\/p>\n<p>Meanwhile, in Rio de Janeiro, it wasn&#8217;t quite as chilly, even though it was the <a href=\"http:\/\/g1.globo.com\/brasil\/noticia\/2011\/07\/com-186oc-rio-de-janeiro-tem-a-tarde-mais-fria-do-ano.html\">coldest afternoon of the year<\/a>:<\/p>\n<p><em>A cidade do Rio de Janeiro registrou hoje a tarde mais fria do ano. Na Vila Militar, em Realengo, na zona oeste, os term\u00f4metros marcaram 18,6\u00baC. Anteriormente, a menor m\u00e1xima havia sido registrada no dia 28 de maio, em Marambaia, com 21,9\u00baC.<\/em><\/p>\n<p>What was the temperature in Rio today, in Fahrenheit?<\/p>\n<p>Here&#8217;s the weather report from Monday.<\/p>\n<p><iframe loading=\"lazy\" title=\"Tempo Brasil: frio intenso no sul do pa\u00eds nesta ter\u00e7a\" width=\"500\" height=\"375\" src=\"https:\/\/www.youtube.com\/embed\/N_z_VAt4nmI?feature=oembed\" frameborder=\"0\" allow=\"accelerometer; autoplay; clipboard-write; encrypted-media; gyroscope; picture-in-picture; web-share\" referrerpolicy=\"strict-origin-when-cross-origin\" allowfullscreen><\/iframe><\/p>\n<p>What kind of weather were they having on the coast of Rio and S\u00e3o Paulo?<\/p>\n<p>Answers after the jump.<\/p>\n<p><!--more--><\/p>\n<p><strong>Answers<\/strong><\/p>\n<p>1. Feels like [ ] degrees (temperature that it feels like, with humidity and wind chill)<\/p>\n<p>2. 65 degrees<\/p>\n<p>3. Between 8 and 11 degrees Celsius<\/p>\n<p>4. Rain<\/p>\n","protected":false},"excerpt":{"rendered":"<p>While in the Northern Hemisphere, we&#8217;re enjoying summer, in the south of Brazil, it&#8217;s getting cold! Let&#8217;s take a look at some weather news and vocabulary. In Santa Catarina, it is getting very chilly. According to this article, they&#8217;re experiencing subzero temperatures (Celsius, that is): Ao menos 30 cidades da regi\u00e3o Sul registraram temperaturas negativas&hellip;<\/p>\n<p class=\"post-item__readmore\"><a class=\"btn btn--md\" href=\"https:\/\/blogs.transparent.com\/portuguese\/brrr-its-cold\/\">Continue Reading<\/a><\/p>","protected":false},"author":41,"featured_media":0,"comment_status":"open","ping_status":"open","sticky":false,"template":"","format":"standard","meta":{"content-type":""},"categories":[1845,13],"tags":[169],"class_list":["post-2448","post","type-post","status-publish","hentry","category-brazilian-news","category-vocabulary","tag-weather"],"aioseo_notices":[],"aioseo_head":"\n\t\t<!-- All in One SEO 5.0.0.1 - aioseo.com -->\n\t<meta name=\"description\" content=\"While in the Northern Hemisphere, we&#039;re enjoying summer, in the south of Brazil, it&#039;s getting cold! Let&#039;s take a look at some weather news and vocabulary. In Santa Catarina, it is getting very chilly. According to this article, they&#039;re experiencing subzero temperatures (Celsius, that is): Ao menos 30 cidades da regi\u00e3o Sul registraram temperaturas negativas\" \/>\n\t<meta name=\"robots\" content=\"max-image-preview:large\" \/>\n\t<meta name=\"author\" content=\"Rachel\"\/>\n\t<meta name=\"keywords\" content=\"weather\" \/>\n\t<link rel=\"canonical\" href=\"https:\/\/blogs.transparent.com\/portuguese\/brrr-its-cold\/\" \/>\n\t<meta name=\"generator\" content=\"All in One SEO (AIOSEO) 5.0.0.1\" \/>\n\t\t<meta property=\"og:locale\" content=\"en_US\" \/>\n\t\t<meta property=\"og:site_name\" content=\"Portuguese Language Blog | Language and Culture of the Portuguese-Speaking World\" \/>\n\t\t<meta property=\"og:type\" content=\"article\" \/>\n\t\t<meta property=\"og:title\" content=\"Brrr, It\u2019s Cold! | Portuguese Language Blog\" \/>\n\t\t<meta property=\"og:description\" content=\"While in the Northern Hemisphere, we&#039;re enjoying summer, in the south of Brazil, it&#039;s getting cold! Let&#039;s take a look at some weather news and vocabulary. In Santa Catarina, it is getting very chilly. According to this article, they&#039;re experiencing subzero temperatures (Celsius, that is): Ao menos 30 cidades da regi\u00e3o Sul registraram temperaturas negativas\" \/>\n\t\t<meta property=\"og:url\" content=\"https:\/\/blogs.transparent.com\/portuguese\/brrr-its-cold\/\" \/>\n\t\t<meta property=\"article:published_time\" content=\"2011-07-06T02:03:30+00:00\" \/>\n\t\t<meta property=\"article:modified_time\" content=\"2011-07-06T02:03:30+00:00\" \/>\n\t\t<meta name=\"twitter:card\" content=\"summary_large_image\" \/>\n\t\t<meta name=\"twitter:title\" content=\"Brrr, It\u2019s Cold! | Portuguese Language Blog\" \/>\n\t\t<meta name=\"twitter:description\" content=\"While in the Northern Hemisphere, we&#039;re enjoying summer, in the south of Brazil, it&#039;s getting cold! Let&#039;s take a look at some weather news and vocabulary. In Santa Catarina, it is getting very chilly. According to this article, they&#039;re experiencing subzero temperatures (Celsius, that is): Ao menos 30 cidades da regi\u00e3o Sul registraram temperaturas negativas\" \/>\n\t\t<script type=\"application\/ld+json\" class=\"aioseo-schema\">\n\t\t\t{\"@context\":\"https:\\\/\\\/schema.org\",\"@graph\":[{\"@type\":\"Article\",\"@id\":\"https:\\\/\\\/blogs.transparent.com\\\/portuguese\\\/brrr-its-cold\\\/#article\",\"name\":\"Brrr, It\\u2019s Cold! | Portuguese Language Blog\",\"headline\":\"Brrr, It&#8217;s Cold!\",\"author\":{\"@id\":\"https:\\\/\\\/blogs.transparent.com\\\/portuguese\\\/author\\\/rachel\\\/#author\"},\"publisher\":{\"@id\":\"https:\\\/\\\/blogs.transparent.com\\\/portuguese\\\/#organization\"},\"datePublished\":\"2011-07-06T02:03:30+00:00\",\"dateModified\":\"2011-07-06T02:03:30+00:00\",\"inLanguage\":\"en-US\",\"commentCount\":3,\"mainEntityOfPage\":{\"@id\":\"https:\\\/\\\/blogs.transparent.com\\\/portuguese\\\/brrr-its-cold\\\/#webpage\"},\"isPartOf\":{\"@id\":\"https:\\\/\\\/blogs.transparent.com\\\/portuguese\\\/brrr-its-cold\\\/#webpage\"},\"articleSection\":\"Brazilian News, Vocabulary, weather\"},{\"@type\":\"BreadcrumbList\",\"@id\":\"https:\\\/\\\/blogs.transparent.com\\\/portuguese\\\/brrr-its-cold\\\/#breadcrumblist\",\"itemListElement\":[{\"@type\":\"ListItem\",\"@id\":\"https:\\\/\\\/blogs.transparent.com\\\/portuguese#listItem\",\"position\":1,\"name\":\"Home\",\"item\":\"https:\\\/\\\/blogs.transparent.com\\\/portuguese\",\"nextItem\":{\"@type\":\"ListItem\",\"@id\":\"https:\\\/\\\/blogs.transparent.com\\\/portuguese\\\/category\\\/vocabulary\\\/#listItem\",\"name\":\"Vocabulary\"}},{\"@type\":\"ListItem\",\"@id\":\"https:\\\/\\\/blogs.transparent.com\\\/portuguese\\\/category\\\/vocabulary\\\/#listItem\",\"position\":2,\"name\":\"Vocabulary\",\"item\":\"https:\\\/\\\/blogs.transparent.com\\\/portuguese\\\/category\\\/vocabulary\\\/\",\"nextItem\":{\"@type\":\"ListItem\",\"@id\":\"https:\\\/\\\/blogs.transparent.com\\\/portuguese\\\/brrr-its-cold\\\/#listItem\",\"name\":\"Brrr, It&#8217;s Cold!\"},\"previousItem\":{\"@type\":\"ListItem\",\"@id\":\"https:\\\/\\\/blogs.transparent.com\\\/portuguese#listItem\",\"name\":\"Home\"}},{\"@type\":\"ListItem\",\"@id\":\"https:\\\/\\\/blogs.transparent.com\\\/portuguese\\\/brrr-its-cold\\\/#listItem\",\"position\":3,\"name\":\"Brrr, It&#8217;s Cold!\",\"previousItem\":{\"@type\":\"ListItem\",\"@id\":\"https:\\\/\\\/blogs.transparent.com\\\/portuguese\\\/category\\\/vocabulary\\\/#listItem\",\"name\":\"Vocabulary\"}}]},{\"@type\":\"Organization\",\"@id\":\"https:\\\/\\\/blogs.transparent.com\\\/portuguese\\\/#organization\",\"name\":\"Portuguese Language Blog\",\"description\":\"Language and Culture of the Portuguese-Speaking World\",\"url\":\"https:\\\/\\\/blogs.transparent.com\\\/portuguese\\\/\"},{\"@type\":\"Person\",\"@id\":\"https:\\\/\\\/blogs.transparent.com\\\/portuguese\\\/author\\\/rachel\\\/#author\",\"url\":\"https:\\\/\\\/blogs.transparent.com\\\/portuguese\\\/author\\\/rachel\\\/\",\"name\":\"Rachel\",\"image\":{\"@type\":\"ImageObject\",\"@id\":\"https:\\\/\\\/blogs.transparent.com\\\/portuguese\\\/brrr-its-cold\\\/#authorImage\",\"url\":\"https:\\\/\\\/secure.gravatar.com\\\/avatar\\\/f379c3886619e9fb4164923bfd24a0c5d73e63f74b9097b41e6663244f894859?s=96&d=mm&r=g\",\"width\":96,\"height\":96,\"caption\":\"Rachel\"}},{\"@type\":\"WebPage\",\"@id\":\"https:\\\/\\\/blogs.transparent.com\\\/portuguese\\\/brrr-its-cold\\\/#webpage\",\"url\":\"https:\\\/\\\/blogs.transparent.com\\\/portuguese\\\/brrr-its-cold\\\/\",\"name\":\"Brrr, It\\u2019s Cold! | Portuguese Language Blog\",\"description\":\"While in the Northern Hemisphere, we're enjoying summer, in the south of Brazil, it's getting cold! Let's take a look at some weather news and vocabulary. In Santa Catarina, it is getting very chilly. According to this article, they're experiencing subzero temperatures (Celsius, that is): Ao menos 30 cidades da regi\\u00e3o Sul registraram temperaturas negativas\",\"inLanguage\":\"en-US\",\"isPartOf\":{\"@id\":\"https:\\\/\\\/blogs.transparent.com\\\/portuguese\\\/#website\"},\"breadcrumb\":{\"@id\":\"https:\\\/\\\/blogs.transparent.com\\\/portuguese\\\/brrr-its-cold\\\/#breadcrumblist\"},\"author\":{\"@id\":\"https:\\\/\\\/blogs.transparent.com\\\/portuguese\\\/author\\\/rachel\\\/#author\"},\"creator\":{\"@id\":\"https:\\\/\\\/blogs.transparent.com\\\/portuguese\\\/author\\\/rachel\\\/#author\"},\"datePublished\":\"2011-07-06T02:03:30+00:00\",\"dateModified\":\"2011-07-06T02:03:30+00:00\"},{\"@type\":\"WebSite\",\"@id\":\"https:\\\/\\\/blogs.transparent.com\\\/portuguese\\\/#website\",\"url\":\"https:\\\/\\\/blogs.transparent.com\\\/portuguese\\\/\",\"name\":\"Portuguese Language Blog\",\"description\":\"Language and Culture of the Portuguese-Speaking World\",\"inLanguage\":\"en-US\",\"publisher\":{\"@id\":\"https:\\\/\\\/blogs.transparent.com\\\/portuguese\\\/#organization\"}}]}\n\t\t<\/script>\n\t\t<!-- All in One SEO -->\n\n","aioseo_head_json":{"title":"Brrr, It\u2019s Cold! | Portuguese Language Blog","description":"While in the Northern Hemisphere, we're enjoying summer, in the south of Brazil, it's getting cold! Let's take a look at some weather news and vocabulary. In Santa Catarina, it is getting very chilly. According to this article, they're experiencing subzero temperatures (Celsius, that is): Ao menos 30 cidades da regi\u00e3o Sul registraram temperaturas negativas","canonical_url":"https:\/\/blogs.transparent.com\/portuguese\/brrr-its-cold\/","robots":"max-image-preview:large","keywords":"weather","webmasterTools":{"miscellaneous":""},"schema":{"@context":"https:\/\/schema.org","@graph":[{"@type":"Article","@id":"https:\/\/blogs.transparent.com\/portuguese\/brrr-its-cold\/#article","name":"Brrr, It\u2019s Cold! | Portuguese Language Blog","headline":"Brrr, It&#8217;s Cold!","author":{"@id":"https:\/\/blogs.transparent.com\/portuguese\/author\/rachel\/#author"},"publisher":{"@id":"https:\/\/blogs.transparent.com\/portuguese\/#organization"},"datePublished":"2011-07-06T02:03:30+00:00","dateModified":"2011-07-06T02:03:30+00:00","inLanguage":"en-US","commentCount":3,"mainEntityOfPage":{"@id":"https:\/\/blogs.transparent.com\/portuguese\/brrr-its-cold\/#webpage"},"isPartOf":{"@id":"https:\/\/blogs.transparent.com\/portuguese\/brrr-its-cold\/#webpage"},"articleSection":"Brazilian News, Vocabulary, weather"},{"@type":"BreadcrumbList","@id":"https:\/\/blogs.transparent.com\/portuguese\/brrr-its-cold\/#breadcrumblist","itemListElement":[{"@type":"ListItem","@id":"https:\/\/blogs.transparent.com\/portuguese#listItem","position":1,"name":"Home","item":"https:\/\/blogs.transparent.com\/portuguese","nextItem":{"@type":"ListItem","@id":"https:\/\/blogs.transparent.com\/portuguese\/category\/vocabulary\/#listItem","name":"Vocabulary"}},{"@type":"ListItem","@id":"https:\/\/blogs.transparent.com\/portuguese\/category\/vocabulary\/#listItem","position":2,"name":"Vocabulary","item":"https:\/\/blogs.transparent.com\/portuguese\/category\/vocabulary\/","nextItem":{"@type":"ListItem","@id":"https:\/\/blogs.transparent.com\/portuguese\/brrr-its-cold\/#listItem","name":"Brrr, It&#8217;s Cold!"},"previousItem":{"@type":"ListItem","@id":"https:\/\/blogs.transparent.com\/portuguese#listItem","name":"Home"}},{"@type":"ListItem","@id":"https:\/\/blogs.transparent.com\/portuguese\/brrr-its-cold\/#listItem","position":3,"name":"Brrr, It&#8217;s Cold!","previousItem":{"@type":"ListItem","@id":"https:\/\/blogs.transparent.com\/portuguese\/category\/vocabulary\/#listItem","name":"Vocabulary"}}]},{"@type":"Organization","@id":"https:\/\/blogs.transparent.com\/portuguese\/#organization","name":"Portuguese Language Blog","description":"Language and Culture of the Portuguese-Speaking World","url":"https:\/\/blogs.transparent.com\/portuguese\/"},{"@type":"Person","@id":"https:\/\/blogs.transparent.com\/portuguese\/author\/rachel\/#author","url":"https:\/\/blogs.transparent.com\/portuguese\/author\/rachel\/","name":"Rachel","image":{"@type":"ImageObject","@id":"https:\/\/blogs.transparent.com\/portuguese\/brrr-its-cold\/#authorImage","url":"https:\/\/secure.gravatar.com\/avatar\/f379c3886619e9fb4164923bfd24a0c5d73e63f74b9097b41e6663244f894859?s=96&d=mm&r=g","width":96,"height":96,"caption":"Rachel"}},{"@type":"WebPage","@id":"https:\/\/blogs.transparent.com\/portuguese\/brrr-its-cold\/#webpage","url":"https:\/\/blogs.transparent.com\/portuguese\/brrr-its-cold\/","name":"Brrr, It\u2019s Cold! | Portuguese Language Blog","description":"While in the Northern Hemisphere, we're enjoying summer, in the south of Brazil, it's getting cold! Let's take a look at some weather news and vocabulary. In Santa Catarina, it is getting very chilly. According to this article, they're experiencing subzero temperatures (Celsius, that is): Ao menos 30 cidades da regi\u00e3o Sul registraram temperaturas negativas","inLanguage":"en-US","isPartOf":{"@id":"https:\/\/blogs.transparent.com\/portuguese\/#website"},"breadcrumb":{"@id":"https:\/\/blogs.transparent.com\/portuguese\/brrr-its-cold\/#breadcrumblist"},"author":{"@id":"https:\/\/blogs.transparent.com\/portuguese\/author\/rachel\/#author"},"creator":{"@id":"https:\/\/blogs.transparent.com\/portuguese\/author\/rachel\/#author"},"datePublished":"2011-07-06T02:03:30+00:00","dateModified":"2011-07-06T02:03:30+00:00"},{"@type":"WebSite","@id":"https:\/\/blogs.transparent.com\/portuguese\/#website","url":"https:\/\/blogs.transparent.com\/portuguese\/","name":"Portuguese Language Blog","description":"Language and Culture of the Portuguese-Speaking World","inLanguage":"en-US","publisher":{"@id":"https:\/\/blogs.transparent.com\/portuguese\/#organization"}}]},"og:locale":"en_US","og:site_name":"Portuguese Language Blog | Language and Culture of the Portuguese-Speaking World","og:type":"article","og:title":"Brrr, It\u2019s Cold! | Portuguese Language Blog","og:description":"While in the Northern Hemisphere, we're enjoying summer, in the south of Brazil, it's getting cold! Let's take a look at some weather news and vocabulary. In Santa Catarina, it is getting very chilly. According to this article, they're experiencing subzero temperatures (Celsius, that is): Ao menos 30 cidades da regi\u00e3o Sul registraram temperaturas negativas","og:url":"https:\/\/blogs.transparent.com\/portuguese\/brrr-its-cold\/","article:published_time":"2011-07-06T02:03:30+00:00","article:modified_time":"2011-07-06T02:03:30+00:00","twitter:card":"summary_large_image","twitter:title":"Brrr, It\u2019s Cold! | Portuguese Language Blog","twitter:description":"While in the Northern Hemisphere, we're enjoying summer, in the south of Brazil, it's getting cold! Let's take a look at some weather news and vocabulary. In Santa Catarina, it is getting very chilly. According to this article, they're experiencing subzero temperatures (Celsius, that is): Ao menos 30 cidades da regi\u00e3o Sul registraram temperaturas negativas"},"aioseo_meta_data":{"post_id":"2448","title":null,"description":null,"keywords":null,"keyphrases":null,"primary_term":null,"canonical_url":null,"og_title":null,"og_description":null,"og_object_type":"default","og_image_type":"default","og_image_url":null,"og_image_width":null,"og_image_height":null,"og_image_custom_url":null,"og_image_custom_fields":null,"og_video":null,"og_custom_url":null,"og_article_section":null,"og_article_tags":null,"twitter_use_og":false,"twitter_card":"default","twitter_image_type":"default","twitter_image_url":null,"twitter_image_custom_url":null,"twitter_image_custom_fields":null,"twitter_title":null,"twitter_description":null,"schema":{"blockGraphs":[],"customGraphs":[],"default":{"data":{"Article":[],"Course":[],"Dataset":[],"FAQPage":[],"Movie":[],"Person":[],"Product":[],"ProductReview":[],"Car":[],"Recipe":[],"Service":[],"SoftwareApplication":[],"WebPage":[]},"graphName":"Article","isEnabled":true},"graphs":[]},"schema_type":null,"schema_type_options":null,"pillar_content":false,"robots_default":true,"robots_noindex":false,"robots_noarchive":false,"robots_nosnippet":false,"robots_nofollow":false,"robots_noimageindex":false,"robots_noodp":false,"robots_notranslate":false,"robots_max_snippet":null,"robots_max_videopreview":null,"robots_max_imagepreview":"large","priority":null,"frequency":null,"location":null,"local_seo":null,"breadcrumb_settings":null,"limit_modified_date":false,"ai":null,"created":"2020-12-21 16:23:19","updated":"2025-07-10 12:05:33","focus_keyword":null,"additional_keywords":null,"truseo_locale":null,"seo_analyzer_scan_date":null},"_links":{"self":[{"href":"https:\/\/blogs.transparent.com\/portuguese\/wp-json\/wp\/v2\/posts\/2448","targetHints":{"allow":["GET"]}}],"collection":[{"href":"https:\/\/blogs.transparent.com\/portuguese\/wp-json\/wp\/v2\/posts"}],"about":[{"href":"https:\/\/blogs.transparent.com\/portuguese\/wp-json\/wp\/v2\/types\/post"}],"author":[{"embeddable":true,"href":"https:\/\/blogs.transparent.com\/portuguese\/wp-json\/wp\/v2\/users\/41"}],"replies":[{"embeddable":true,"href":"https:\/\/blogs.transparent.com\/portuguese\/wp-json\/wp\/v2\/comments?post=2448"}],"version-history":[{"count":6,"href":"https:\/\/blogs.transparent.com\/portuguese\/wp-json\/wp\/v2\/posts\/2448\/revisions"}],"predecessor-version":[{"id":2454,"href":"https:\/\/blogs.transparent.com\/portuguese\/wp-json\/wp\/v2\/posts\/2448\/revisions\/2454"}],"wp:attachment":[{"href":"https:\/\/blogs.transparent.com\/portuguese\/wp-json\/wp\/v2\/media?parent=2448"}],"wp:term":[{"taxonomy":"category","embeddable":true,"href":"https:\/\/blogs.transparent.com\/portuguese\/wp-json\/wp\/v2\/categories?post=2448"},{"taxonomy":"post_tag","embeddable":true,"href":"https:\/\/blogs.transparent.com\/portuguese\/wp-json\/wp\/v2\/tags?post=2448"}],"curies":[{"name":"wp","href":"https:\/\/api.w.org\/{rel}","templated":true}]}}