{"id":267,"date":"2008-07-20T19:59:41","date_gmt":"2008-07-20T23:59:41","guid":{"rendered":"https:\/\/blogs.transparent.com\/portuguese\/?p=267"},"modified":"2014-07-18T19:15:44","modified_gmt":"2014-07-18T19:15:44","slug":"brazilian-profile-dercy-goncalves-in-memoriam","status":"publish","type":"post","link":"https:\/\/blogs.transparent.com\/portuguese\/brazilian-profile-dercy-goncalves-in-memoriam\/","title":{"rendered":"Brazilian Profile: Dercy Gon\u00e7alves, in memoriam"},"content":{"rendered":"<p>Dercy Gon\u00e7alves was born in 1907 in Santa Maria Madalena, in the state of Rio de Janeiro. She began working very young, especially after her mother left her family. Dercy ran away from home when she was 17 and joined a theater company. She began performing on stage, and later began to specialize in comedy and improv.<\/p>\n<div align=\"right\"><\/div>\n<p>Starting in the sixties, she broke into TV and had her own show until the military dictatorship began censoring the media. Later, she went on to perform in soap operas and with comedians like Silvio Santos. She was also an infamous performer in Rio samba schools.<\/p>\n<p>A controversial figure, Dercy was best known for her irreverent style, due to her habit of cursing and talking about inappropriate topics. She had more than ten plastic surgeries, especially on her face. She was also a professed atheist who had no interest in having children.<\/p>\n<p>In an interview last year, she said: <i>&#8220;O ontem acabou. N\u00e3o tenho m\u00e1goa de nada e nem saudade de nada. Vivo o hoje. Tenho alegria de viver, adoro a vida&#8221;. <\/i>[Yesterday is over. I&#8217;m not hurt by anything and I don&#8217;t miss anything. I live for today. I&#8217;m happy to be alive&#8211;I love life.]\u00a0 <i>&#8220;Conhe\u00e7o mais da metade do mundo. N\u00e3o tem pa\u00eds de mais calma e dignidade que o Brasil. Isso aqui \u00e9 lindo&#8221;. <\/i>[I&#8217;ve seen more than half of the world. There&#8217;s no country that is calmer or more dignified than Brazil. Here it truly is beautiful.]<\/p>\n<p>On Saturday, the infamous Dercy passed away at the age of 101, in Rio de Janeiro, of pneumonia.<\/p>\n","protected":false},"excerpt":{"rendered":"<p>Dercy Gon\u00e7alves was born in 1907 in Santa Maria Madalena, in the state of Rio de Janeiro. She began working very young, especially after her mother left her family. Dercy ran away from home when she was 17 and joined a theater company. She began performing on stage, and later began to specialize in comedy&hellip;<\/p>\n<p class=\"post-item__readmore\"><a class=\"btn btn--md\" href=\"https:\/\/blogs.transparent.com\/portuguese\/brazilian-profile-dercy-goncalves-in-memoriam\/\">Continue Reading<\/a><\/p>","protected":false},"author":1,"featured_media":0,"comment_status":"open","ping_status":"open","sticky":false,"template":"","format":"standard","meta":{"content-type":""},"categories":[1846],"tags":[2062],"class_list":["post-267","post","type-post","status-publish","hentry","category-brazilian-profile","tag-dercy-goncalves"],"aioseo_notices":[],"aioseo_head":"\n\t\t<!-- All in One SEO 5.0.0.1 - aioseo.com -->\n\t<meta name=\"description\" content=\"Dercy Gon\u00e7alves was born in 1907 in Santa Maria Madalena, in the state of Rio de Janeiro. She began working very young, especially after her mother left her family. Dercy ran away from home when she was 17 and joined a theater company. She began performing on stage, and later began to specialize in comedy\" \/>\n\t<meta name=\"robots\" content=\"max-image-preview:large\" \/>\n\t<meta name=\"author\" content=\"Transparent Language\"\/>\n\t<meta name=\"keywords\" content=\"dercy goncalves\" \/>\n\t<link rel=\"canonical\" href=\"https:\/\/blogs.transparent.com\/portuguese\/brazilian-profile-dercy-goncalves-in-memoriam\/\" \/>\n\t<meta name=\"generator\" content=\"All in One SEO (AIOSEO) 5.0.0.1\" \/>\n\t\t<meta property=\"og:locale\" content=\"en_US\" \/>\n\t\t<meta property=\"og:site_name\" content=\"Portuguese Language Blog | Language and Culture of the Portuguese-Speaking World\" \/>\n\t\t<meta property=\"og:type\" content=\"article\" \/>\n\t\t<meta property=\"og:title\" content=\"Brazilian Profile: Dercy Gon\u00e7alves, in memoriam | Portuguese Language Blog\" \/>\n\t\t<meta property=\"og:description\" content=\"Dercy Gon\u00e7alves was born in 1907 in Santa Maria Madalena, in the state of Rio de Janeiro. She began working very young, especially after her mother left her family. Dercy ran away from home when she was 17 and joined a theater company. She began performing on stage, and later began to specialize in comedy\" \/>\n\t\t<meta property=\"og:url\" content=\"https:\/\/blogs.transparent.com\/portuguese\/brazilian-profile-dercy-goncalves-in-memoriam\/\" \/>\n\t\t<meta property=\"article:published_time\" content=\"2008-07-20T23:59:41+00:00\" \/>\n\t\t<meta property=\"article:modified_time\" content=\"2014-07-18T19:15:44+00:00\" \/>\n\t\t<meta name=\"twitter:card\" content=\"summary_large_image\" \/>\n\t\t<meta name=\"twitter:title\" content=\"Brazilian Profile: Dercy Gon\u00e7alves, in memoriam | Portuguese Language Blog\" \/>\n\t\t<meta name=\"twitter:description\" content=\"Dercy Gon\u00e7alves was born in 1907 in Santa Maria Madalena, in the state of Rio de Janeiro. She began working very young, especially after her mother left her family. Dercy ran away from home when she was 17 and joined a theater company. She began performing on stage, and later began to specialize in comedy\" \/>\n\t\t<script type=\"application\/ld+json\" class=\"aioseo-schema\">\n\t\t\t{\"@context\":\"https:\\\/\\\/schema.org\",\"@graph\":[{\"@type\":\"Article\",\"@id\":\"https:\\\/\\\/blogs.transparent.com\\\/portuguese\\\/brazilian-profile-dercy-goncalves-in-memoriam\\\/#article\",\"name\":\"Brazilian Profile: Dercy Gon\\u00e7alves, in memoriam | Portuguese Language Blog\",\"headline\":\"Brazilian Profile: Dercy Gon\\u00e7alves, in memoriam\",\"author\":{\"@id\":\"https:\\\/\\\/blogs.transparent.com\\\/portuguese\\\/author\\\/transparentlanguage\\\/#author\"},\"publisher\":{\"@id\":\"https:\\\/\\\/blogs.transparent.com\\\/portuguese\\\/#organization\"},\"datePublished\":\"2008-07-20T19:59:41+00:00\",\"dateModified\":\"2014-07-18T19:15:44+00:00\",\"inLanguage\":\"en-US\",\"mainEntityOfPage\":{\"@id\":\"https:\\\/\\\/blogs.transparent.com\\\/portuguese\\\/brazilian-profile-dercy-goncalves-in-memoriam\\\/#webpage\"},\"isPartOf\":{\"@id\":\"https:\\\/\\\/blogs.transparent.com\\\/portuguese\\\/brazilian-profile-dercy-goncalves-in-memoriam\\\/#webpage\"},\"articleSection\":\"Brazilian Profile, Dercy Goncalves\"},{\"@type\":\"BreadcrumbList\",\"@id\":\"https:\\\/\\\/blogs.transparent.com\\\/portuguese\\\/brazilian-profile-dercy-goncalves-in-memoriam\\\/#breadcrumblist\",\"itemListElement\":[{\"@type\":\"ListItem\",\"@id\":\"https:\\\/\\\/blogs.transparent.com\\\/portuguese#listItem\",\"position\":1,\"name\":\"Home\",\"item\":\"https:\\\/\\\/blogs.transparent.com\\\/portuguese\",\"nextItem\":{\"@type\":\"ListItem\",\"@id\":\"https:\\\/\\\/blogs.transparent.com\\\/portuguese\\\/category\\\/brazilian-profile\\\/#listItem\",\"name\":\"Brazilian Profile\"}},{\"@type\":\"ListItem\",\"@id\":\"https:\\\/\\\/blogs.transparent.com\\\/portuguese\\\/category\\\/brazilian-profile\\\/#listItem\",\"position\":2,\"name\":\"Brazilian Profile\",\"item\":\"https:\\\/\\\/blogs.transparent.com\\\/portuguese\\\/category\\\/brazilian-profile\\\/\",\"nextItem\":{\"@type\":\"ListItem\",\"@id\":\"https:\\\/\\\/blogs.transparent.com\\\/portuguese\\\/brazilian-profile-dercy-goncalves-in-memoriam\\\/#listItem\",\"name\":\"Brazilian Profile: Dercy Gon\\u00e7alves, in memoriam\"},\"previousItem\":{\"@type\":\"ListItem\",\"@id\":\"https:\\\/\\\/blogs.transparent.com\\\/portuguese#listItem\",\"name\":\"Home\"}},{\"@type\":\"ListItem\",\"@id\":\"https:\\\/\\\/blogs.transparent.com\\\/portuguese\\\/brazilian-profile-dercy-goncalves-in-memoriam\\\/#listItem\",\"position\":3,\"name\":\"Brazilian Profile: Dercy Gon\\u00e7alves, in memoriam\",\"previousItem\":{\"@type\":\"ListItem\",\"@id\":\"https:\\\/\\\/blogs.transparent.com\\\/portuguese\\\/category\\\/brazilian-profile\\\/#listItem\",\"name\":\"Brazilian Profile\"}}]},{\"@type\":\"Organization\",\"@id\":\"https:\\\/\\\/blogs.transparent.com\\\/portuguese\\\/#organization\",\"name\":\"Portuguese Language Blog\",\"description\":\"Language and Culture of the Portuguese-Speaking World\",\"url\":\"https:\\\/\\\/blogs.transparent.com\\\/portuguese\\\/\"},{\"@type\":\"Person\",\"@id\":\"https:\\\/\\\/blogs.transparent.com\\\/portuguese\\\/author\\\/transparentlanguage\\\/#author\",\"url\":\"https:\\\/\\\/blogs.transparent.com\\\/portuguese\\\/author\\\/transparentlanguage\\\/\",\"name\":\"Transparent Language\",\"image\":{\"@type\":\"ImageObject\",\"@id\":\"https:\\\/\\\/blogs.transparent.com\\\/portuguese\\\/brazilian-profile-dercy-goncalves-in-memoriam\\\/#authorImage\",\"url\":\"https:\\\/\\\/secure.gravatar.com\\\/avatar\\\/567610e195faf147244bb8798fd8d1456c5a4afb8df9f9ee483d29ea1094a18c?s=96&d=mm&r=g\",\"width\":96,\"height\":96,\"caption\":\"Transparent Language\"}},{\"@type\":\"WebPage\",\"@id\":\"https:\\\/\\\/blogs.transparent.com\\\/portuguese\\\/brazilian-profile-dercy-goncalves-in-memoriam\\\/#webpage\",\"url\":\"https:\\\/\\\/blogs.transparent.com\\\/portuguese\\\/brazilian-profile-dercy-goncalves-in-memoriam\\\/\",\"name\":\"Brazilian Profile: Dercy Gon\\u00e7alves, in memoriam | Portuguese Language Blog\",\"description\":\"Dercy Gon\\u00e7alves was born in 1907 in Santa Maria Madalena, in the state of Rio de Janeiro. She began working very young, especially after her mother left her family. Dercy ran away from home when she was 17 and joined a theater company. She began performing on stage, and later began to specialize in comedy\",\"inLanguage\":\"en-US\",\"isPartOf\":{\"@id\":\"https:\\\/\\\/blogs.transparent.com\\\/portuguese\\\/#website\"},\"breadcrumb\":{\"@id\":\"https:\\\/\\\/blogs.transparent.com\\\/portuguese\\\/brazilian-profile-dercy-goncalves-in-memoriam\\\/#breadcrumblist\"},\"author\":{\"@id\":\"https:\\\/\\\/blogs.transparent.com\\\/portuguese\\\/author\\\/transparentlanguage\\\/#author\"},\"creator\":{\"@id\":\"https:\\\/\\\/blogs.transparent.com\\\/portuguese\\\/author\\\/transparentlanguage\\\/#author\"},\"datePublished\":\"2008-07-20T19:59:41+00:00\",\"dateModified\":\"2014-07-18T19:15:44+00:00\"},{\"@type\":\"WebSite\",\"@id\":\"https:\\\/\\\/blogs.transparent.com\\\/portuguese\\\/#website\",\"url\":\"https:\\\/\\\/blogs.transparent.com\\\/portuguese\\\/\",\"name\":\"Portuguese Language Blog\",\"description\":\"Language and Culture of the Portuguese-Speaking World\",\"inLanguage\":\"en-US\",\"publisher\":{\"@id\":\"https:\\\/\\\/blogs.transparent.com\\\/portuguese\\\/#organization\"}}]}\n\t\t<\/script>\n\t\t<!-- All in One SEO -->\n\n","aioseo_head_json":{"title":"Brazilian Profile: Dercy Gon\u00e7alves, in memoriam | Portuguese Language Blog","description":"Dercy Gon\u00e7alves was born in 1907 in Santa Maria Madalena, in the state of Rio de Janeiro. She began working very young, especially after her mother left her family. Dercy ran away from home when she was 17 and joined a theater company. She began performing on stage, and later began to specialize in comedy","canonical_url":"https:\/\/blogs.transparent.com\/portuguese\/brazilian-profile-dercy-goncalves-in-memoriam\/","robots":"max-image-preview:large","keywords":"dercy goncalves","webmasterTools":{"miscellaneous":""},"schema":{"@context":"https:\/\/schema.org","@graph":[{"@type":"Article","@id":"https:\/\/blogs.transparent.com\/portuguese\/brazilian-profile-dercy-goncalves-in-memoriam\/#article","name":"Brazilian Profile: Dercy Gon\u00e7alves, in memoriam | Portuguese Language Blog","headline":"Brazilian Profile: Dercy Gon\u00e7alves, in memoriam","author":{"@id":"https:\/\/blogs.transparent.com\/portuguese\/author\/transparentlanguage\/#author"},"publisher":{"@id":"https:\/\/blogs.transparent.com\/portuguese\/#organization"},"datePublished":"2008-07-20T19:59:41+00:00","dateModified":"2014-07-18T19:15:44+00:00","inLanguage":"en-US","mainEntityOfPage":{"@id":"https:\/\/blogs.transparent.com\/portuguese\/brazilian-profile-dercy-goncalves-in-memoriam\/#webpage"},"isPartOf":{"@id":"https:\/\/blogs.transparent.com\/portuguese\/brazilian-profile-dercy-goncalves-in-memoriam\/#webpage"},"articleSection":"Brazilian Profile, Dercy Goncalves"},{"@type":"BreadcrumbList","@id":"https:\/\/blogs.transparent.com\/portuguese\/brazilian-profile-dercy-goncalves-in-memoriam\/#breadcrumblist","itemListElement":[{"@type":"ListItem","@id":"https:\/\/blogs.transparent.com\/portuguese#listItem","position":1,"name":"Home","item":"https:\/\/blogs.transparent.com\/portuguese","nextItem":{"@type":"ListItem","@id":"https:\/\/blogs.transparent.com\/portuguese\/category\/brazilian-profile\/#listItem","name":"Brazilian Profile"}},{"@type":"ListItem","@id":"https:\/\/blogs.transparent.com\/portuguese\/category\/brazilian-profile\/#listItem","position":2,"name":"Brazilian Profile","item":"https:\/\/blogs.transparent.com\/portuguese\/category\/brazilian-profile\/","nextItem":{"@type":"ListItem","@id":"https:\/\/blogs.transparent.com\/portuguese\/brazilian-profile-dercy-goncalves-in-memoriam\/#listItem","name":"Brazilian Profile: Dercy Gon\u00e7alves, in memoriam"},"previousItem":{"@type":"ListItem","@id":"https:\/\/blogs.transparent.com\/portuguese#listItem","name":"Home"}},{"@type":"ListItem","@id":"https:\/\/blogs.transparent.com\/portuguese\/brazilian-profile-dercy-goncalves-in-memoriam\/#listItem","position":3,"name":"Brazilian Profile: Dercy Gon\u00e7alves, in memoriam","previousItem":{"@type":"ListItem","@id":"https:\/\/blogs.transparent.com\/portuguese\/category\/brazilian-profile\/#listItem","name":"Brazilian Profile"}}]},{"@type":"Organization","@id":"https:\/\/blogs.transparent.com\/portuguese\/#organization","name":"Portuguese Language Blog","description":"Language and Culture of the Portuguese-Speaking World","url":"https:\/\/blogs.transparent.com\/portuguese\/"},{"@type":"Person","@id":"https:\/\/blogs.transparent.com\/portuguese\/author\/transparentlanguage\/#author","url":"https:\/\/blogs.transparent.com\/portuguese\/author\/transparentlanguage\/","name":"Transparent Language","image":{"@type":"ImageObject","@id":"https:\/\/blogs.transparent.com\/portuguese\/brazilian-profile-dercy-goncalves-in-memoriam\/#authorImage","url":"https:\/\/secure.gravatar.com\/avatar\/567610e195faf147244bb8798fd8d1456c5a4afb8df9f9ee483d29ea1094a18c?s=96&d=mm&r=g","width":96,"height":96,"caption":"Transparent Language"}},{"@type":"WebPage","@id":"https:\/\/blogs.transparent.com\/portuguese\/brazilian-profile-dercy-goncalves-in-memoriam\/#webpage","url":"https:\/\/blogs.transparent.com\/portuguese\/brazilian-profile-dercy-goncalves-in-memoriam\/","name":"Brazilian Profile: Dercy Gon\u00e7alves, in memoriam | Portuguese Language Blog","description":"Dercy Gon\u00e7alves was born in 1907 in Santa Maria Madalena, in the state of Rio de Janeiro. She began working very young, especially after her mother left her family. Dercy ran away from home when she was 17 and joined a theater company. She began performing on stage, and later began to specialize in comedy","inLanguage":"en-US","isPartOf":{"@id":"https:\/\/blogs.transparent.com\/portuguese\/#website"},"breadcrumb":{"@id":"https:\/\/blogs.transparent.com\/portuguese\/brazilian-profile-dercy-goncalves-in-memoriam\/#breadcrumblist"},"author":{"@id":"https:\/\/blogs.transparent.com\/portuguese\/author\/transparentlanguage\/#author"},"creator":{"@id":"https:\/\/blogs.transparent.com\/portuguese\/author\/transparentlanguage\/#author"},"datePublished":"2008-07-20T19:59:41+00:00","dateModified":"2014-07-18T19:15:44+00:00"},{"@type":"WebSite","@id":"https:\/\/blogs.transparent.com\/portuguese\/#website","url":"https:\/\/blogs.transparent.com\/portuguese\/","name":"Portuguese Language Blog","description":"Language and Culture of the Portuguese-Speaking World","inLanguage":"en-US","publisher":{"@id":"https:\/\/blogs.transparent.com\/portuguese\/#organization"}}]},"og:locale":"en_US","og:site_name":"Portuguese Language Blog | Language and Culture of the Portuguese-Speaking World","og:type":"article","og:title":"Brazilian Profile: Dercy Gon\u00e7alves, in memoriam | Portuguese Language Blog","og:description":"Dercy Gon\u00e7alves was born in 1907 in Santa Maria Madalena, in the state of Rio de Janeiro. She began working very young, especially after her mother left her family. Dercy ran away from home when she was 17 and joined a theater company. She began performing on stage, and later began to specialize in comedy","og:url":"https:\/\/blogs.transparent.com\/portuguese\/brazilian-profile-dercy-goncalves-in-memoriam\/","article:published_time":"2008-07-20T23:59:41+00:00","article:modified_time":"2014-07-18T19:15:44+00:00","twitter:card":"summary_large_image","twitter:title":"Brazilian Profile: Dercy Gon\u00e7alves, in memoriam | Portuguese Language Blog","twitter:description":"Dercy Gon\u00e7alves was born in 1907 in Santa Maria Madalena, in the state of Rio de Janeiro. She began working very young, especially after her mother left her family. Dercy ran away from home when she was 17 and joined a theater company. She began performing on stage, and later began to specialize in comedy"},"aioseo_meta_data":{"post_id":"267","title":null,"description":null,"keywords":null,"keyphrases":null,"primary_term":null,"canonical_url":null,"og_title":null,"og_description":null,"og_object_type":"default","og_image_type":"default","og_image_url":null,"og_image_width":null,"og_image_height":null,"og_image_custom_url":null,"og_image_custom_fields":null,"og_video":null,"og_custom_url":null,"og_article_section":null,"og_article_tags":null,"twitter_use_og":false,"twitter_card":"default","twitter_image_type":"default","twitter_image_url":null,"twitter_image_custom_url":null,"twitter_image_custom_fields":null,"twitter_title":null,"twitter_description":null,"schema":{"blockGraphs":[],"customGraphs":[],"default":{"data":{"Article":[],"Course":[],"Dataset":[],"FAQPage":[],"Movie":[],"Person":[],"Product":[],"ProductReview":[],"Car":[],"Recipe":[],"Service":[],"SoftwareApplication":[],"WebPage":[]},"graphName":"Article","isEnabled":true},"graphs":[]},"schema_type":null,"schema_type_options":null,"pillar_content":false,"robots_default":true,"robots_noindex":false,"robots_noarchive":false,"robots_nosnippet":false,"robots_nofollow":false,"robots_noimageindex":false,"robots_noodp":false,"robots_notranslate":false,"robots_max_snippet":null,"robots_max_videopreview":null,"robots_max_imagepreview":"large","priority":null,"frequency":null,"location":null,"local_seo":null,"breadcrumb_settings":null,"limit_modified_date":false,"ai":null,"created":"2020-12-21 16:09:10","updated":"2025-07-09 17:16:22","focus_keyword":null,"additional_keywords":null,"truseo_locale":null,"seo_analyzer_scan_date":null},"_links":{"self":[{"href":"https:\/\/blogs.transparent.com\/portuguese\/wp-json\/wp\/v2\/posts\/267","targetHints":{"allow":["GET"]}}],"collection":[{"href":"https:\/\/blogs.transparent.com\/portuguese\/wp-json\/wp\/v2\/posts"}],"about":[{"href":"https:\/\/blogs.transparent.com\/portuguese\/wp-json\/wp\/v2\/types\/post"}],"author":[{"embeddable":true,"href":"https:\/\/blogs.transparent.com\/portuguese\/wp-json\/wp\/v2\/users\/1"}],"replies":[{"embeddable":true,"href":"https:\/\/blogs.transparent.com\/portuguese\/wp-json\/wp\/v2\/comments?post=267"}],"version-history":[{"count":1,"href":"https:\/\/blogs.transparent.com\/portuguese\/wp-json\/wp\/v2\/posts\/267\/revisions"}],"predecessor-version":[{"id":5492,"href":"https:\/\/blogs.transparent.com\/portuguese\/wp-json\/wp\/v2\/posts\/267\/revisions\/5492"}],"wp:attachment":[{"href":"https:\/\/blogs.transparent.com\/portuguese\/wp-json\/wp\/v2\/media?parent=267"}],"wp:term":[{"taxonomy":"category","embeddable":true,"href":"https:\/\/blogs.transparent.com\/portuguese\/wp-json\/wp\/v2\/categories?post=267"},{"taxonomy":"post_tag","embeddable":true,"href":"https:\/\/blogs.transparent.com\/portuguese\/wp-json\/wp\/v2\/tags?post=267"}],"curies":[{"name":"wp","href":"https:\/\/api.w.org\/{rel}","templated":true}]}}