{"id":2737,"date":"2011-09-22T17:36:02","date_gmt":"2011-09-22T17:36:02","guid":{"rendered":"https:\/\/blogs.transparent.com\/portuguese\/?p=2737"},"modified":"2011-09-22T17:36:02","modified_gmt":"2011-09-22T17:36:02","slug":"the-facebook-changes-em-portugues","status":"publish","type":"post","link":"https:\/\/blogs.transparent.com\/portuguese\/the-facebook-changes-em-portugues\/","title":{"rendered":"The Facebook changes, em portugu\u00eas"},"content":{"rendered":"<p>E a\u00ed, pessoal? Tudo bem?<\/p>\n<p>Well, Facebook changed its layout, again! And we asked our readers <a href=\"http:\/\/www.facebook.com\/learn.portuguese.language\">in our Facebook page<\/a> to say, in Portuguese, what they thought about. Most of them were pretty upset but there were some that didn&#8217;t care much or at all. Take a look at some of the comments:<\/p>\n<p><strong>N\u00e3o gostei!<\/strong> (I didn&#8217;t like it!)<\/p>\n<p><em>Odiei!<\/em> (I hated it!)<br \/>\n<em>Informa\u00e7\u00e3o demais, n\u00e3o gosto.<\/em> (Too much information, I don&#8217;t like it.)<br \/>\n<em>Sacanagem! \u00c9 uma merda!<\/em> (Damn! It&#8217;s a piece of s***!)<br \/>\n<em>Uma bosta!<\/em> (A piece of s***!)<br \/>\n<em>Complicado&#8230; N\u00e3o aguento mais as mudan\u00e7as do FB!<\/em> (Complicated&#8230; I can&#8217;t stand any more FB changes!)<br \/>\n<em>\u00c9 ruim demais. \u00c9 mais complicada do que precisar ser.<\/em> (It&#8217;s too bad. It&#8217;s more complicated than it has to be.)<br \/>\n<em>Est\u00e1 muito complicado! Atualiza\u00e7\u00f5es desnecess\u00e1rias!<\/em> (It&#8217;s very complicated! Unnecessary updates!)<br \/>\n<em>Uma porcaria!<\/em> (A piece of crap!)<br \/>\n<em>S\u00f3 tive problemas at\u00e9 agora.<\/em> (I&#8217;ve only had problems so far.)<br \/>\n<em>P\u00e9ssimo.<\/em> (Awful.)<br \/>\n<em>Caralho!<\/em> (F***!)<br \/>\n<em>Totalmente fodido, porra.<\/em> (All f***ed up, f***!)<br \/>\n<em>Que porra \u00e9 essa, cara?<\/em> (What the f*** is this, man?)<\/p>\n<p><strong>Gostei!<\/strong> (I liked it!)<\/p>\n<p><em>Maneiro!<\/em> (Cool!)<br \/>\n<em>Eu gosto!<\/em> (I like it!)<\/p>\n<p><strong>Pra mim tanto faz.<\/strong> (It&#8217;s all the same to me)<\/p>\n<p><em>Temos que ir na onda&#8230;na vida tudo muda!<\/em> (We have to go with the flow&#8230; everything changes in life!)<br \/>\n<em>Est\u00e1 mais ou menos.<\/em> (It&#8217;s not that bad.)<\/p>\n<p>And you? What do you think of <a href=\"http:\/\/www.facebook.com\/learn.portuguese.language\">the new Facebook layout changes<\/a>?<\/p>\n","protected":false},"excerpt":{"rendered":"<p>E a\u00ed, pessoal? Tudo bem? Well, Facebook changed its layout, again! And we asked our readers in our Facebook page to say, in Portuguese, what they thought about. Most of them were pretty upset but there were some that didn&#8217;t care much or at all. Take a look at some of the comments: N\u00e3o gostei!&hellip;<\/p>\n<p class=\"post-item__readmore\"><a class=\"btn btn--md\" href=\"https:\/\/blogs.transparent.com\/portuguese\/the-facebook-changes-em-portugues\/\">Continue Reading<\/a><\/p>","protected":false},"author":9,"featured_media":0,"comment_status":"open","ping_status":"open","sticky":false,"template":"","format":"standard","meta":{"content-type":""},"categories":[3],"tags":[379349,2116],"class_list":["post-2737","post","type-post","status-publish","hentry","category-culture","tag-culture","tag-expression"],"aioseo_notices":[],"aioseo_head":"\n\t\t<!-- All in One SEO 5.0.0.1 - aioseo.com -->\n\t<meta name=\"description\" content=\"E a\u00ed, pessoal? Tudo bem? Well, Facebook changed its layout, again! And we asked our readers in our Facebook page to say, in Portuguese, what they thought about. Most of them were pretty upset but there were some that didn&#039;t care much or at all. Take a look at some of the comments: N\u00e3o gostei!\" \/>\n\t<meta name=\"robots\" content=\"max-image-preview:large\" \/>\n\t<meta name=\"author\" content=\"Adir\"\/>\n\t<meta name=\"keywords\" content=\"culture,expression\" \/>\n\t<link rel=\"canonical\" href=\"https:\/\/blogs.transparent.com\/portuguese\/the-facebook-changes-em-portugues\/\" \/>\n\t<meta name=\"generator\" content=\"All in One SEO (AIOSEO) 5.0.0.1\" \/>\n\t\t<meta property=\"og:locale\" content=\"en_US\" \/>\n\t\t<meta property=\"og:site_name\" content=\"Portuguese Language Blog | Language and Culture of the Portuguese-Speaking World\" \/>\n\t\t<meta property=\"og:type\" content=\"article\" \/>\n\t\t<meta property=\"og:title\" content=\"The Facebook changes, em portugu\u00eas | Portuguese Language Blog\" \/>\n\t\t<meta property=\"og:description\" content=\"E a\u00ed, pessoal? Tudo bem? Well, Facebook changed its layout, again! And we asked our readers in our Facebook page to say, in Portuguese, what they thought about. Most of them were pretty upset but there were some that didn&#039;t care much or at all. Take a look at some of the comments: N\u00e3o gostei!\" \/>\n\t\t<meta property=\"og:url\" content=\"https:\/\/blogs.transparent.com\/portuguese\/the-facebook-changes-em-portugues\/\" \/>\n\t\t<meta property=\"article:published_time\" content=\"2011-09-22T17:36:02+00:00\" \/>\n\t\t<meta property=\"article:modified_time\" content=\"2011-09-22T17:36:02+00:00\" \/>\n\t\t<meta name=\"twitter:card\" content=\"summary_large_image\" \/>\n\t\t<meta name=\"twitter:title\" content=\"The Facebook changes, em portugu\u00eas | Portuguese Language Blog\" \/>\n\t\t<meta name=\"twitter:description\" content=\"E a\u00ed, pessoal? Tudo bem? Well, Facebook changed its layout, again! And we asked our readers in our Facebook page to say, in Portuguese, what they thought about. Most of them were pretty upset but there were some that didn&#039;t care much or at all. Take a look at some of the comments: N\u00e3o gostei!\" \/>\n\t\t<script type=\"application\/ld+json\" class=\"aioseo-schema\">\n\t\t\t{\"@context\":\"https:\\\/\\\/schema.org\",\"@graph\":[{\"@type\":\"Article\",\"@id\":\"https:\\\/\\\/blogs.transparent.com\\\/portuguese\\\/the-facebook-changes-em-portugues\\\/#article\",\"name\":\"The Facebook changes, em portugu\\u00eas | Portuguese Language Blog\",\"headline\":\"The Facebook changes, em portugu\\u00eas\",\"author\":{\"@id\":\"https:\\\/\\\/blogs.transparent.com\\\/portuguese\\\/author\\\/adirferreira\\\/#author\"},\"publisher\":{\"@id\":\"https:\\\/\\\/blogs.transparent.com\\\/portuguese\\\/#organization\"},\"datePublished\":\"2011-09-22T17:36:02+00:00\",\"dateModified\":\"2011-09-22T17:36:02+00:00\",\"inLanguage\":\"en-US\",\"mainEntityOfPage\":{\"@id\":\"https:\\\/\\\/blogs.transparent.com\\\/portuguese\\\/the-facebook-changes-em-portugues\\\/#webpage\"},\"isPartOf\":{\"@id\":\"https:\\\/\\\/blogs.transparent.com\\\/portuguese\\\/the-facebook-changes-em-portugues\\\/#webpage\"},\"articleSection\":\"Culture, Culture, expression\"},{\"@type\":\"BreadcrumbList\",\"@id\":\"https:\\\/\\\/blogs.transparent.com\\\/portuguese\\\/the-facebook-changes-em-portugues\\\/#breadcrumblist\",\"itemListElement\":[{\"@type\":\"ListItem\",\"@id\":\"https:\\\/\\\/blogs.transparent.com\\\/portuguese#listItem\",\"position\":1,\"name\":\"Home\",\"item\":\"https:\\\/\\\/blogs.transparent.com\\\/portuguese\",\"nextItem\":{\"@type\":\"ListItem\",\"@id\":\"https:\\\/\\\/blogs.transparent.com\\\/portuguese\\\/category\\\/culture\\\/#listItem\",\"name\":\"Culture\"}},{\"@type\":\"ListItem\",\"@id\":\"https:\\\/\\\/blogs.transparent.com\\\/portuguese\\\/category\\\/culture\\\/#listItem\",\"position\":2,\"name\":\"Culture\",\"item\":\"https:\\\/\\\/blogs.transparent.com\\\/portuguese\\\/category\\\/culture\\\/\",\"nextItem\":{\"@type\":\"ListItem\",\"@id\":\"https:\\\/\\\/blogs.transparent.com\\\/portuguese\\\/the-facebook-changes-em-portugues\\\/#listItem\",\"name\":\"The Facebook changes, em portugu\\u00eas\"},\"previousItem\":{\"@type\":\"ListItem\",\"@id\":\"https:\\\/\\\/blogs.transparent.com\\\/portuguese#listItem\",\"name\":\"Home\"}},{\"@type\":\"ListItem\",\"@id\":\"https:\\\/\\\/blogs.transparent.com\\\/portuguese\\\/the-facebook-changes-em-portugues\\\/#listItem\",\"position\":3,\"name\":\"The Facebook changes, em portugu\\u00eas\",\"previousItem\":{\"@type\":\"ListItem\",\"@id\":\"https:\\\/\\\/blogs.transparent.com\\\/portuguese\\\/category\\\/culture\\\/#listItem\",\"name\":\"Culture\"}}]},{\"@type\":\"Organization\",\"@id\":\"https:\\\/\\\/blogs.transparent.com\\\/portuguese\\\/#organization\",\"name\":\"Portuguese Language Blog\",\"description\":\"Language and Culture of the Portuguese-Speaking World\",\"url\":\"https:\\\/\\\/blogs.transparent.com\\\/portuguese\\\/\"},{\"@type\":\"Person\",\"@id\":\"https:\\\/\\\/blogs.transparent.com\\\/portuguese\\\/author\\\/adirferreira\\\/#author\",\"url\":\"https:\\\/\\\/blogs.transparent.com\\\/portuguese\\\/author\\\/adirferreira\\\/\",\"name\":\"Adir\",\"image\":{\"@type\":\"ImageObject\",\"@id\":\"https:\\\/\\\/blogs.transparent.com\\\/portuguese\\\/the-facebook-changes-em-portugues\\\/#authorImage\",\"url\":\"https:\\\/\\\/secure.gravatar.com\\\/avatar\\\/cf3ed8e664d72a4b68c46802367f864b4fcb161e57b7366f3ba7f42ed07c52e1?s=96&d=mm&r=g\",\"width\":96,\"height\":96,\"caption\":\"Adir\"}},{\"@type\":\"WebPage\",\"@id\":\"https:\\\/\\\/blogs.transparent.com\\\/portuguese\\\/the-facebook-changes-em-portugues\\\/#webpage\",\"url\":\"https:\\\/\\\/blogs.transparent.com\\\/portuguese\\\/the-facebook-changes-em-portugues\\\/\",\"name\":\"The Facebook changes, em portugu\\u00eas | Portuguese Language Blog\",\"description\":\"E a\\u00ed, pessoal? Tudo bem? Well, Facebook changed its layout, again! And we asked our readers in our Facebook page to say, in Portuguese, what they thought about. Most of them were pretty upset but there were some that didn't care much or at all. Take a look at some of the comments: N\\u00e3o gostei!\",\"inLanguage\":\"en-US\",\"isPartOf\":{\"@id\":\"https:\\\/\\\/blogs.transparent.com\\\/portuguese\\\/#website\"},\"breadcrumb\":{\"@id\":\"https:\\\/\\\/blogs.transparent.com\\\/portuguese\\\/the-facebook-changes-em-portugues\\\/#breadcrumblist\"},\"author\":{\"@id\":\"https:\\\/\\\/blogs.transparent.com\\\/portuguese\\\/author\\\/adirferreira\\\/#author\"},\"creator\":{\"@id\":\"https:\\\/\\\/blogs.transparent.com\\\/portuguese\\\/author\\\/adirferreira\\\/#author\"},\"datePublished\":\"2011-09-22T17:36:02+00:00\",\"dateModified\":\"2011-09-22T17:36:02+00:00\"},{\"@type\":\"WebSite\",\"@id\":\"https:\\\/\\\/blogs.transparent.com\\\/portuguese\\\/#website\",\"url\":\"https:\\\/\\\/blogs.transparent.com\\\/portuguese\\\/\",\"name\":\"Portuguese Language Blog\",\"description\":\"Language and Culture of the Portuguese-Speaking World\",\"inLanguage\":\"en-US\",\"publisher\":{\"@id\":\"https:\\\/\\\/blogs.transparent.com\\\/portuguese\\\/#organization\"}}]}\n\t\t<\/script>\n\t\t<!-- All in One SEO -->\n\n","aioseo_head_json":{"title":"The Facebook changes, em portugu\u00eas | Portuguese Language Blog","description":"E a\u00ed, pessoal? Tudo bem? Well, Facebook changed its layout, again! And we asked our readers in our Facebook page to say, in Portuguese, what they thought about. Most of them were pretty upset but there were some that didn't care much or at all. Take a look at some of the comments: N\u00e3o gostei!","canonical_url":"https:\/\/blogs.transparent.com\/portuguese\/the-facebook-changes-em-portugues\/","robots":"max-image-preview:large","keywords":"culture,expression","webmasterTools":{"miscellaneous":""},"schema":{"@context":"https:\/\/schema.org","@graph":[{"@type":"Article","@id":"https:\/\/blogs.transparent.com\/portuguese\/the-facebook-changes-em-portugues\/#article","name":"The Facebook changes, em portugu\u00eas | Portuguese Language Blog","headline":"The Facebook changes, em portugu\u00eas","author":{"@id":"https:\/\/blogs.transparent.com\/portuguese\/author\/adirferreira\/#author"},"publisher":{"@id":"https:\/\/blogs.transparent.com\/portuguese\/#organization"},"datePublished":"2011-09-22T17:36:02+00:00","dateModified":"2011-09-22T17:36:02+00:00","inLanguage":"en-US","mainEntityOfPage":{"@id":"https:\/\/blogs.transparent.com\/portuguese\/the-facebook-changes-em-portugues\/#webpage"},"isPartOf":{"@id":"https:\/\/blogs.transparent.com\/portuguese\/the-facebook-changes-em-portugues\/#webpage"},"articleSection":"Culture, Culture, expression"},{"@type":"BreadcrumbList","@id":"https:\/\/blogs.transparent.com\/portuguese\/the-facebook-changes-em-portugues\/#breadcrumblist","itemListElement":[{"@type":"ListItem","@id":"https:\/\/blogs.transparent.com\/portuguese#listItem","position":1,"name":"Home","item":"https:\/\/blogs.transparent.com\/portuguese","nextItem":{"@type":"ListItem","@id":"https:\/\/blogs.transparent.com\/portuguese\/category\/culture\/#listItem","name":"Culture"}},{"@type":"ListItem","@id":"https:\/\/blogs.transparent.com\/portuguese\/category\/culture\/#listItem","position":2,"name":"Culture","item":"https:\/\/blogs.transparent.com\/portuguese\/category\/culture\/","nextItem":{"@type":"ListItem","@id":"https:\/\/blogs.transparent.com\/portuguese\/the-facebook-changes-em-portugues\/#listItem","name":"The Facebook changes, em portugu\u00eas"},"previousItem":{"@type":"ListItem","@id":"https:\/\/blogs.transparent.com\/portuguese#listItem","name":"Home"}},{"@type":"ListItem","@id":"https:\/\/blogs.transparent.com\/portuguese\/the-facebook-changes-em-portugues\/#listItem","position":3,"name":"The Facebook changes, em portugu\u00eas","previousItem":{"@type":"ListItem","@id":"https:\/\/blogs.transparent.com\/portuguese\/category\/culture\/#listItem","name":"Culture"}}]},{"@type":"Organization","@id":"https:\/\/blogs.transparent.com\/portuguese\/#organization","name":"Portuguese Language Blog","description":"Language and Culture of the Portuguese-Speaking World","url":"https:\/\/blogs.transparent.com\/portuguese\/"},{"@type":"Person","@id":"https:\/\/blogs.transparent.com\/portuguese\/author\/adirferreira\/#author","url":"https:\/\/blogs.transparent.com\/portuguese\/author\/adirferreira\/","name":"Adir","image":{"@type":"ImageObject","@id":"https:\/\/blogs.transparent.com\/portuguese\/the-facebook-changes-em-portugues\/#authorImage","url":"https:\/\/secure.gravatar.com\/avatar\/cf3ed8e664d72a4b68c46802367f864b4fcb161e57b7366f3ba7f42ed07c52e1?s=96&d=mm&r=g","width":96,"height":96,"caption":"Adir"}},{"@type":"WebPage","@id":"https:\/\/blogs.transparent.com\/portuguese\/the-facebook-changes-em-portugues\/#webpage","url":"https:\/\/blogs.transparent.com\/portuguese\/the-facebook-changes-em-portugues\/","name":"The Facebook changes, em portugu\u00eas | Portuguese Language Blog","description":"E a\u00ed, pessoal? Tudo bem? Well, Facebook changed its layout, again! And we asked our readers in our Facebook page to say, in Portuguese, what they thought about. Most of them were pretty upset but there were some that didn't care much or at all. Take a look at some of the comments: N\u00e3o gostei!","inLanguage":"en-US","isPartOf":{"@id":"https:\/\/blogs.transparent.com\/portuguese\/#website"},"breadcrumb":{"@id":"https:\/\/blogs.transparent.com\/portuguese\/the-facebook-changes-em-portugues\/#breadcrumblist"},"author":{"@id":"https:\/\/blogs.transparent.com\/portuguese\/author\/adirferreira\/#author"},"creator":{"@id":"https:\/\/blogs.transparent.com\/portuguese\/author\/adirferreira\/#author"},"datePublished":"2011-09-22T17:36:02+00:00","dateModified":"2011-09-22T17:36:02+00:00"},{"@type":"WebSite","@id":"https:\/\/blogs.transparent.com\/portuguese\/#website","url":"https:\/\/blogs.transparent.com\/portuguese\/","name":"Portuguese Language Blog","description":"Language and Culture of the Portuguese-Speaking World","inLanguage":"en-US","publisher":{"@id":"https:\/\/blogs.transparent.com\/portuguese\/#organization"}}]},"og:locale":"en_US","og:site_name":"Portuguese Language Blog | Language and Culture of the Portuguese-Speaking World","og:type":"article","og:title":"The Facebook changes, em portugu\u00eas | Portuguese Language Blog","og:description":"E a\u00ed, pessoal? Tudo bem? Well, Facebook changed its layout, again! And we asked our readers in our Facebook page to say, in Portuguese, what they thought about. Most of them were pretty upset but there were some that didn't care much or at all. Take a look at some of the comments: N\u00e3o gostei!","og:url":"https:\/\/blogs.transparent.com\/portuguese\/the-facebook-changes-em-portugues\/","article:published_time":"2011-09-22T17:36:02+00:00","article:modified_time":"2011-09-22T17:36:02+00:00","twitter:card":"summary_large_image","twitter:title":"The Facebook changes, em portugu\u00eas | Portuguese Language Blog","twitter:description":"E a\u00ed, pessoal? Tudo bem? Well, Facebook changed its layout, again! And we asked our readers in our Facebook page to say, in Portuguese, what they thought about. Most of them were pretty upset but there were some that didn't care much or at all. Take a look at some of the comments: N\u00e3o gostei!"},"aioseo_meta_data":{"post_id":"2737","title":null,"description":null,"keywords":null,"keyphrases":null,"primary_term":null,"canonical_url":null,"og_title":null,"og_description":null,"og_object_type":"default","og_image_type":"default","og_image_url":null,"og_image_width":null,"og_image_height":null,"og_image_custom_url":null,"og_image_custom_fields":null,"og_video":null,"og_custom_url":null,"og_article_section":null,"og_article_tags":null,"twitter_use_og":false,"twitter_card":"default","twitter_image_type":"default","twitter_image_url":null,"twitter_image_custom_url":null,"twitter_image_custom_fields":null,"twitter_title":null,"twitter_description":null,"schema":{"blockGraphs":[],"customGraphs":[],"default":{"data":{"Article":[],"Course":[],"Dataset":[],"FAQPage":[],"Movie":[],"Person":[],"Product":[],"ProductReview":[],"Car":[],"Recipe":[],"Service":[],"SoftwareApplication":[],"WebPage":[]},"graphName":"Article","isEnabled":true},"graphs":[]},"schema_type":null,"schema_type_options":null,"pillar_content":false,"robots_default":true,"robots_noindex":false,"robots_noarchive":false,"robots_nosnippet":false,"robots_nofollow":false,"robots_noimageindex":false,"robots_noodp":false,"robots_notranslate":false,"robots_max_snippet":null,"robots_max_videopreview":null,"robots_max_imagepreview":"large","priority":null,"frequency":null,"location":null,"local_seo":null,"breadcrumb_settings":null,"limit_modified_date":false,"ai":null,"created":"2020-12-21 16:23:17","updated":"2025-07-10 12:10:28","focus_keyword":null,"additional_keywords":null,"truseo_locale":null,"seo_analyzer_scan_date":null},"_links":{"self":[{"href":"https:\/\/blogs.transparent.com\/portuguese\/wp-json\/wp\/v2\/posts\/2737","targetHints":{"allow":["GET"]}}],"collection":[{"href":"https:\/\/blogs.transparent.com\/portuguese\/wp-json\/wp\/v2\/posts"}],"about":[{"href":"https:\/\/blogs.transparent.com\/portuguese\/wp-json\/wp\/v2\/types\/post"}],"author":[{"embeddable":true,"href":"https:\/\/blogs.transparent.com\/portuguese\/wp-json\/wp\/v2\/users\/9"}],"replies":[{"embeddable":true,"href":"https:\/\/blogs.transparent.com\/portuguese\/wp-json\/wp\/v2\/comments?post=2737"}],"version-history":[{"count":1,"href":"https:\/\/blogs.transparent.com\/portuguese\/wp-json\/wp\/v2\/posts\/2737\/revisions"}],"predecessor-version":[{"id":2738,"href":"https:\/\/blogs.transparent.com\/portuguese\/wp-json\/wp\/v2\/posts\/2737\/revisions\/2738"}],"wp:attachment":[{"href":"https:\/\/blogs.transparent.com\/portuguese\/wp-json\/wp\/v2\/media?parent=2737"}],"wp:term":[{"taxonomy":"category","embeddable":true,"href":"https:\/\/blogs.transparent.com\/portuguese\/wp-json\/wp\/v2\/categories?post=2737"},{"taxonomy":"post_tag","embeddable":true,"href":"https:\/\/blogs.transparent.com\/portuguese\/wp-json\/wp\/v2\/tags?post=2737"}],"curies":[{"name":"wp","href":"https:\/\/api.w.org\/{rel}","templated":true}]}}