{"id":3658,"date":"2012-06-14T02:19:03","date_gmt":"2012-06-14T02:19:03","guid":{"rendered":"https:\/\/blogs.transparent.com\/portuguese\/?p=3658"},"modified":"2012-06-14T02:19:03","modified_gmt":"2012-06-14T02:19:03","slug":"two-years-to-the-world-cup","status":"publish","type":"post","link":"https:\/\/blogs.transparent.com\/portuguese\/two-years-to-the-world-cup\/","title":{"rendered":"Two Years to the World Cup"},"content":{"rendered":"<p>The final countdown to Brazil&#8217;s World Cup has begun! June 12 marked exactly two years before the games will kick off in Brazil. The favorite question of the international media&#8211;and quite a few foreigners&#8211;is whether Brazil will be ready in time. So what is the country doing to prepare?<\/p>\n<p>First, there are the stadiums.<\/p>\n<p><a href=\"http:\/\/www.youtube.com\/watch?v=rjU1KeTPack\">http:\/\/www.youtube.com\/watch?v=rjU1KeTPack<\/a><\/p>\n<p><a href=\"http:\/\/www.youtube.com\/watch?v=SKRHzhdT0zg\">http:\/\/www.youtube.com\/watch?v=SKRHzhdT0zg<\/a><\/p>\n<p>Next, there are the hotels.<\/p>\n<p><em>At\u00e9 a Copa do Mundo 2014, Fortaleza ter\u00e1 em torno de 40 mil leitos disponibilizados para turistas na rede hoteleira, segundo o vice-presidente da Associa\u00e7\u00e3o Brasileira de Ind\u00fastria e Hot\u00e9is (ABIH), R\u00e9gis Medeiros. A qualidade na presta\u00e7\u00e3o de servi\u00e7os tamb\u00e9m \u00e9 uma preocupa\u00e7\u00e3o da rede hoteleira. \u201cMelhorando a qualidade dos nossos apartamentos, substituindo as televis\u00f5es por televis\u00f5es de tela plana, ar condicionados &#8216;split&#8217;\u201d, disse.<\/em> <a href=\"http:\/\/g1.globo.com\/ceara\/noticia\/2012\/06\/fortaleza-tera-40-mil-leitos-em-hoteis-ate-copa-do-mundo-diz-abih.html\" target=\"_blank\">Read the full article<\/a><\/p>\n<p><em>O Banco Nacional de Desenvolvimento Econ\u00f4mico e Social (BNDES) aprovou financiamento no valor de R$ 32 milh\u00f5es para a amplia\u00e7\u00e3o e moderniza\u00e7\u00e3o do Mar Hotel e do Atlante Plaza, no Recife, e do Summerville Beach Resort, em Porto de Galinhas (PE). Os recursos correspondem a 96% do investimento total e foram aprovados de acordo com as Pol\u00edticas Operacionais do programa BNDES ProCopa Turismo<\/em>. <a href=\"http:\/\/www.copa2014.gov.br\/pt-br\/noticia\/bndes-aprova-r-32-milhoes-para-hoteis-em-pernambuco\" target=\"_blank\">Read the full article<\/a><\/p>\n<p>There&#8217;s transportation:<\/p>\n<p><em>Entre as a\u00e7\u00f5es e melhorias previstas para a Copa-2014 no que se refere ao setor de mobilidade urbana, Manaus ter\u00e1 dois projetos complementares que totalizam a constru\u00e7\u00e3o de 40 km, distribu\u00eddos para a linha f\u00e9rrea de transporte terrestre sob trilhos, o monotrilho, e a constru\u00e7\u00e3o da estrutura utilizada pelos Bus Rapid Transit (BRT). O projeto est\u00e1 or\u00e7ado em R$ 1,4 bilh\u00e3o.<\/em> <a href=\"http:\/\/g1.globo.com\/am\/amazonas\/noticia\/2012\/06\/dois-anos-da-copa-mobilidade-urbana-ainda-e-problema-em-manaus.html\" target=\"_blank\">Read the full article<\/a><\/p>\n<p><em>A Copa do Mundo de 2014 come\u00e7ou para Curitiba em maio de 2009 quando a cidade foi oficializada como uma das sedes do mundial. Conhecida por ser refer\u00eancia em solu\u00e7\u00f5es urbanas, educa\u00e7\u00e3o e sa\u00fade, a cidade prepara um pacote de obras vi\u00e1rias e estruturais. &#8220;A admnistra\u00e7\u00e3o de Curitiba optou por aproveitar o projeto Copa do Mundo para investir em mobilidade todos os recursos dispon\u00edveis nesta \u00e1rea em que sempre foi uma reref\u00eacia&#8221;, afirma Luiz de Carvalho, secret\u00e1rio municipal da Copa 2014.<\/em> <a href=\"http:\/\/mais.uol.com.br\/view\/t2pjn3videvl\/curitiba-investe-em-mobilidade-urbana-para-copa-2014-04020D183862E0B12326?types=A\" target=\"_blank\">See the full article<\/a><\/p>\n<p>And of course, there are also the vuvuzelas.<\/p>\n<p><em>Um empresa de Campina Grande (PB) ligada \u00e0 Funda\u00e7\u00e3o Parque Tecnol\u00f3gico da Para\u00edba desenvolveu um instrumento sonoro que ser\u00e1 produzido em larga escala para ser distribu\u00eddo durante a Copa do Mundo de 2014 e, segundo os desenvolvedores, o plano \u00e9 transformar o aparato em uma esp\u00e9cie de &#8220;vuvuzela brasileira&#8221; do Mundial. Trata-se do Pedhu\u00e1, um apito artesanal de madeira tupi-guarani que serve para atrair p\u00e1ssaros, mas que na vers\u00e3o para a Copa ser\u00e1 de resina pl\u00e1stica, ergon\u00f4mico e produzido em escala mundial.<\/em> <a href=\"http:\/\/copadomundo.uol.com.br\/noticias\/redacao\/2012\/06\/13\/empresa-cria-vuvuzela-brasileira-com-som-de-apito-de-samba-e-fabricara-50-milhoes-ate-2014.htm\" target=\"_blank\">Read the full article<\/a><\/p>\n<p>What do you think? Will Brazil be ready?<\/p>\n","protected":false},"excerpt":{"rendered":"<p>The final countdown to Brazil&#8217;s World Cup has begun! June 12 marked exactly two years before the games will kick off in Brazil. The favorite question of the international media&#8211;and quite a few foreigners&#8211;is whether Brazil will be ready in time. So what is the country doing to prepare? First, there are the stadiums. Next&hellip;<\/p>\n<p class=\"post-item__readmore\"><a class=\"btn btn--md\" href=\"https:\/\/blogs.transparent.com\/portuguese\/two-years-to-the-world-cup\/\">Continue Reading<\/a><\/p>","protected":false},"author":41,"featured_media":0,"comment_status":"open","ping_status":"open","sticky":false,"template":"","format":"standard","meta":{"content-type":""},"categories":[1845,147],"tags":[2637],"class_list":["post-3658","post","type-post","status-publish","hentry","category-brazilian-news","category-sports","tag-world-cup"],"aioseo_notices":[],"aioseo_head":"\n\t\t<!-- All in One SEO 5.0.0.1 - aioseo.com -->\n\t<meta name=\"description\" content=\"There are two years left until the 2014 World Cup. Will Brazil be ready?\" \/>\n\t<meta name=\"robots\" content=\"max-image-preview:large\" \/>\n\t<meta name=\"author\" content=\"Rachel\"\/>\n\t<meta name=\"keywords\" content=\"world cup,soccer,football,brazil,event\" \/>\n\t<link rel=\"canonical\" href=\"https:\/\/blogs.transparent.com\/portuguese\/two-years-to-the-world-cup\/\" \/>\n\t<meta name=\"generator\" content=\"All in One SEO (AIOSEO) 5.0.0.1\" \/>\n\t\t<meta property=\"og:locale\" content=\"en_US\" \/>\n\t\t<meta property=\"og:site_name\" content=\"Portuguese Language Blog | Language and Culture of the Portuguese-Speaking World\" \/>\n\t\t<meta property=\"og:type\" content=\"article\" \/>\n\t\t<meta property=\"og:title\" content=\"Two Years to the World Cup | Portuguese Language Blog\" \/>\n\t\t<meta property=\"og:description\" content=\"There are two years left until the 2014 World Cup. Will Brazil be ready?\" \/>\n\t\t<meta property=\"og:url\" content=\"https:\/\/blogs.transparent.com\/portuguese\/two-years-to-the-world-cup\/\" \/>\n\t\t<meta property=\"article:published_time\" content=\"2012-06-14T02:19:03+00:00\" \/>\n\t\t<meta property=\"article:modified_time\" content=\"2012-06-14T02:19:03+00:00\" \/>\n\t\t<meta name=\"twitter:card\" content=\"summary_large_image\" \/>\n\t\t<meta name=\"twitter:title\" content=\"Two Years to the World Cup | Portuguese Language Blog\" \/>\n\t\t<meta name=\"twitter:description\" content=\"There are two years left until the 2014 World Cup. Will Brazil be ready?\" \/>\n\t\t<script type=\"application\/ld+json\" class=\"aioseo-schema\">\n\t\t\t{\"@context\":\"https:\\\/\\\/schema.org\",\"@graph\":[{\"@type\":\"Article\",\"@id\":\"https:\\\/\\\/blogs.transparent.com\\\/portuguese\\\/two-years-to-the-world-cup\\\/#article\",\"name\":\"Two Years to the World Cup | Portuguese Language Blog\",\"headline\":\"Two Years to the World Cup\",\"author\":{\"@id\":\"https:\\\/\\\/blogs.transparent.com\\\/portuguese\\\/author\\\/rachel\\\/#author\"},\"publisher\":{\"@id\":\"https:\\\/\\\/blogs.transparent.com\\\/portuguese\\\/#organization\"},\"datePublished\":\"2012-06-14T02:19:03+00:00\",\"dateModified\":\"2012-06-14T02:19:03+00:00\",\"inLanguage\":\"en-US\",\"mainEntityOfPage\":{\"@id\":\"https:\\\/\\\/blogs.transparent.com\\\/portuguese\\\/two-years-to-the-world-cup\\\/#webpage\"},\"isPartOf\":{\"@id\":\"https:\\\/\\\/blogs.transparent.com\\\/portuguese\\\/two-years-to-the-world-cup\\\/#webpage\"},\"articleSection\":\"Brazilian News, Sports, world cup\"},{\"@type\":\"BreadcrumbList\",\"@id\":\"https:\\\/\\\/blogs.transparent.com\\\/portuguese\\\/two-years-to-the-world-cup\\\/#breadcrumblist\",\"itemListElement\":[{\"@type\":\"ListItem\",\"@id\":\"https:\\\/\\\/blogs.transparent.com\\\/portuguese#listItem\",\"position\":1,\"name\":\"Home\",\"item\":\"https:\\\/\\\/blogs.transparent.com\\\/portuguese\",\"nextItem\":{\"@type\":\"ListItem\",\"@id\":\"https:\\\/\\\/blogs.transparent.com\\\/portuguese\\\/category\\\/culture\\\/#listItem\",\"name\":\"Culture\"}},{\"@type\":\"ListItem\",\"@id\":\"https:\\\/\\\/blogs.transparent.com\\\/portuguese\\\/category\\\/culture\\\/#listItem\",\"position\":2,\"name\":\"Culture\",\"item\":\"https:\\\/\\\/blogs.transparent.com\\\/portuguese\\\/category\\\/culture\\\/\",\"nextItem\":{\"@type\":\"ListItem\",\"@id\":\"https:\\\/\\\/blogs.transparent.com\\\/portuguese\\\/category\\\/culture\\\/sports\\\/#listItem\",\"name\":\"Sports\"},\"previousItem\":{\"@type\":\"ListItem\",\"@id\":\"https:\\\/\\\/blogs.transparent.com\\\/portuguese#listItem\",\"name\":\"Home\"}},{\"@type\":\"ListItem\",\"@id\":\"https:\\\/\\\/blogs.transparent.com\\\/portuguese\\\/category\\\/culture\\\/sports\\\/#listItem\",\"position\":3,\"name\":\"Sports\",\"item\":\"https:\\\/\\\/blogs.transparent.com\\\/portuguese\\\/category\\\/culture\\\/sports\\\/\",\"nextItem\":{\"@type\":\"ListItem\",\"@id\":\"https:\\\/\\\/blogs.transparent.com\\\/portuguese\\\/two-years-to-the-world-cup\\\/#listItem\",\"name\":\"Two Years to the World Cup\"},\"previousItem\":{\"@type\":\"ListItem\",\"@id\":\"https:\\\/\\\/blogs.transparent.com\\\/portuguese\\\/category\\\/culture\\\/#listItem\",\"name\":\"Culture\"}},{\"@type\":\"ListItem\",\"@id\":\"https:\\\/\\\/blogs.transparent.com\\\/portuguese\\\/two-years-to-the-world-cup\\\/#listItem\",\"position\":4,\"name\":\"Two Years to the World Cup\",\"previousItem\":{\"@type\":\"ListItem\",\"@id\":\"https:\\\/\\\/blogs.transparent.com\\\/portuguese\\\/category\\\/culture\\\/sports\\\/#listItem\",\"name\":\"Sports\"}}]},{\"@type\":\"Organization\",\"@id\":\"https:\\\/\\\/blogs.transparent.com\\\/portuguese\\\/#organization\",\"name\":\"Portuguese Language Blog\",\"description\":\"Language and Culture of the Portuguese-Speaking World\",\"url\":\"https:\\\/\\\/blogs.transparent.com\\\/portuguese\\\/\"},{\"@type\":\"Person\",\"@id\":\"https:\\\/\\\/blogs.transparent.com\\\/portuguese\\\/author\\\/rachel\\\/#author\",\"url\":\"https:\\\/\\\/blogs.transparent.com\\\/portuguese\\\/author\\\/rachel\\\/\",\"name\":\"Rachel\",\"image\":{\"@type\":\"ImageObject\",\"@id\":\"https:\\\/\\\/blogs.transparent.com\\\/portuguese\\\/two-years-to-the-world-cup\\\/#authorImage\",\"url\":\"https:\\\/\\\/secure.gravatar.com\\\/avatar\\\/f379c3886619e9fb4164923bfd24a0c5d73e63f74b9097b41e6663244f894859?s=96&d=mm&r=g\",\"width\":96,\"height\":96,\"caption\":\"Rachel\"}},{\"@type\":\"WebPage\",\"@id\":\"https:\\\/\\\/blogs.transparent.com\\\/portuguese\\\/two-years-to-the-world-cup\\\/#webpage\",\"url\":\"https:\\\/\\\/blogs.transparent.com\\\/portuguese\\\/two-years-to-the-world-cup\\\/\",\"name\":\"Two Years to the World Cup | Portuguese Language Blog\",\"description\":\"There are two years left until the 2014 World Cup. Will Brazil be ready?\",\"inLanguage\":\"en-US\",\"isPartOf\":{\"@id\":\"https:\\\/\\\/blogs.transparent.com\\\/portuguese\\\/#website\"},\"breadcrumb\":{\"@id\":\"https:\\\/\\\/blogs.transparent.com\\\/portuguese\\\/two-years-to-the-world-cup\\\/#breadcrumblist\"},\"author\":{\"@id\":\"https:\\\/\\\/blogs.transparent.com\\\/portuguese\\\/author\\\/rachel\\\/#author\"},\"creator\":{\"@id\":\"https:\\\/\\\/blogs.transparent.com\\\/portuguese\\\/author\\\/rachel\\\/#author\"},\"datePublished\":\"2012-06-14T02:19:03+00:00\",\"dateModified\":\"2012-06-14T02:19:03+00:00\"},{\"@type\":\"WebSite\",\"@id\":\"https:\\\/\\\/blogs.transparent.com\\\/portuguese\\\/#website\",\"url\":\"https:\\\/\\\/blogs.transparent.com\\\/portuguese\\\/\",\"name\":\"Portuguese Language Blog\",\"description\":\"Language and Culture of the Portuguese-Speaking World\",\"inLanguage\":\"en-US\",\"publisher\":{\"@id\":\"https:\\\/\\\/blogs.transparent.com\\\/portuguese\\\/#organization\"}}]}\n\t\t<\/script>\n\t\t<!-- All in One SEO -->\n\n","aioseo_head_json":{"title":"Two Years to the World Cup | Portuguese Language Blog","description":"There are two years left until the 2014 World Cup. Will Brazil be ready?","canonical_url":"https:\/\/blogs.transparent.com\/portuguese\/two-years-to-the-world-cup\/","robots":"max-image-preview:large","keywords":"world cup,soccer,football,brazil,event","webmasterTools":{"miscellaneous":""},"schema":{"@context":"https:\/\/schema.org","@graph":[{"@type":"Article","@id":"https:\/\/blogs.transparent.com\/portuguese\/two-years-to-the-world-cup\/#article","name":"Two Years to the World Cup | Portuguese Language Blog","headline":"Two Years to the World Cup","author":{"@id":"https:\/\/blogs.transparent.com\/portuguese\/author\/rachel\/#author"},"publisher":{"@id":"https:\/\/blogs.transparent.com\/portuguese\/#organization"},"datePublished":"2012-06-14T02:19:03+00:00","dateModified":"2012-06-14T02:19:03+00:00","inLanguage":"en-US","mainEntityOfPage":{"@id":"https:\/\/blogs.transparent.com\/portuguese\/two-years-to-the-world-cup\/#webpage"},"isPartOf":{"@id":"https:\/\/blogs.transparent.com\/portuguese\/two-years-to-the-world-cup\/#webpage"},"articleSection":"Brazilian News, Sports, world cup"},{"@type":"BreadcrumbList","@id":"https:\/\/blogs.transparent.com\/portuguese\/two-years-to-the-world-cup\/#breadcrumblist","itemListElement":[{"@type":"ListItem","@id":"https:\/\/blogs.transparent.com\/portuguese#listItem","position":1,"name":"Home","item":"https:\/\/blogs.transparent.com\/portuguese","nextItem":{"@type":"ListItem","@id":"https:\/\/blogs.transparent.com\/portuguese\/category\/culture\/#listItem","name":"Culture"}},{"@type":"ListItem","@id":"https:\/\/blogs.transparent.com\/portuguese\/category\/culture\/#listItem","position":2,"name":"Culture","item":"https:\/\/blogs.transparent.com\/portuguese\/category\/culture\/","nextItem":{"@type":"ListItem","@id":"https:\/\/blogs.transparent.com\/portuguese\/category\/culture\/sports\/#listItem","name":"Sports"},"previousItem":{"@type":"ListItem","@id":"https:\/\/blogs.transparent.com\/portuguese#listItem","name":"Home"}},{"@type":"ListItem","@id":"https:\/\/blogs.transparent.com\/portuguese\/category\/culture\/sports\/#listItem","position":3,"name":"Sports","item":"https:\/\/blogs.transparent.com\/portuguese\/category\/culture\/sports\/","nextItem":{"@type":"ListItem","@id":"https:\/\/blogs.transparent.com\/portuguese\/two-years-to-the-world-cup\/#listItem","name":"Two Years to the World Cup"},"previousItem":{"@type":"ListItem","@id":"https:\/\/blogs.transparent.com\/portuguese\/category\/culture\/#listItem","name":"Culture"}},{"@type":"ListItem","@id":"https:\/\/blogs.transparent.com\/portuguese\/two-years-to-the-world-cup\/#listItem","position":4,"name":"Two Years to the World Cup","previousItem":{"@type":"ListItem","@id":"https:\/\/blogs.transparent.com\/portuguese\/category\/culture\/sports\/#listItem","name":"Sports"}}]},{"@type":"Organization","@id":"https:\/\/blogs.transparent.com\/portuguese\/#organization","name":"Portuguese Language Blog","description":"Language and Culture of the Portuguese-Speaking World","url":"https:\/\/blogs.transparent.com\/portuguese\/"},{"@type":"Person","@id":"https:\/\/blogs.transparent.com\/portuguese\/author\/rachel\/#author","url":"https:\/\/blogs.transparent.com\/portuguese\/author\/rachel\/","name":"Rachel","image":{"@type":"ImageObject","@id":"https:\/\/blogs.transparent.com\/portuguese\/two-years-to-the-world-cup\/#authorImage","url":"https:\/\/secure.gravatar.com\/avatar\/f379c3886619e9fb4164923bfd24a0c5d73e63f74b9097b41e6663244f894859?s=96&d=mm&r=g","width":96,"height":96,"caption":"Rachel"}},{"@type":"WebPage","@id":"https:\/\/blogs.transparent.com\/portuguese\/two-years-to-the-world-cup\/#webpage","url":"https:\/\/blogs.transparent.com\/portuguese\/two-years-to-the-world-cup\/","name":"Two Years to the World Cup | Portuguese Language Blog","description":"There are two years left until the 2014 World Cup. Will Brazil be ready?","inLanguage":"en-US","isPartOf":{"@id":"https:\/\/blogs.transparent.com\/portuguese\/#website"},"breadcrumb":{"@id":"https:\/\/blogs.transparent.com\/portuguese\/two-years-to-the-world-cup\/#breadcrumblist"},"author":{"@id":"https:\/\/blogs.transparent.com\/portuguese\/author\/rachel\/#author"},"creator":{"@id":"https:\/\/blogs.transparent.com\/portuguese\/author\/rachel\/#author"},"datePublished":"2012-06-14T02:19:03+00:00","dateModified":"2012-06-14T02:19:03+00:00"},{"@type":"WebSite","@id":"https:\/\/blogs.transparent.com\/portuguese\/#website","url":"https:\/\/blogs.transparent.com\/portuguese\/","name":"Portuguese Language Blog","description":"Language and Culture of the Portuguese-Speaking World","inLanguage":"en-US","publisher":{"@id":"https:\/\/blogs.transparent.com\/portuguese\/#organization"}}]},"og:locale":"en_US","og:site_name":"Portuguese Language Blog | Language and Culture of the Portuguese-Speaking World","og:type":"article","og:title":"Two Years to the World Cup | Portuguese Language Blog","og:description":"There are two years left until the 2014 World Cup. Will Brazil be ready?","og:url":"https:\/\/blogs.transparent.com\/portuguese\/two-years-to-the-world-cup\/","article:published_time":"2012-06-14T02:19:03+00:00","article:modified_time":"2012-06-14T02:19:03+00:00","twitter:card":"summary_large_image","twitter:title":"Two Years to the World Cup | Portuguese Language Blog","twitter:description":"There are two years left until the 2014 World Cup. Will Brazil be ready?"},"aioseo_meta_data":{"post_id":"3658","title":"Two Years to the World Cup | #site_title","description":"There are two years left until the 2014 World Cup. Will Brazil be ready?","keywords":[{"label":"world cup","value":"world cup"},{"label":"soccer","value":"soccer"},{"label":"football","value":"football"},{"label":"brazil","value":"brazil"},{"label":"event","value":"event"}],"keyphrases":null,"primary_term":null,"canonical_url":null,"og_title":null,"og_description":null,"og_object_type":"default","og_image_type":"default","og_image_url":null,"og_image_width":null,"og_image_height":null,"og_image_custom_url":null,"og_image_custom_fields":null,"og_video":null,"og_custom_url":null,"og_article_section":null,"og_article_tags":null,"twitter_use_og":false,"twitter_card":"default","twitter_image_type":"default","twitter_image_url":null,"twitter_image_custom_url":null,"twitter_image_custom_fields":null,"twitter_title":null,"twitter_description":null,"schema":{"blockGraphs":[],"customGraphs":[],"default":{"data":{"Article":[],"Course":[],"Dataset":[],"FAQPage":[],"Movie":[],"Person":[],"Product":[],"ProductReview":[],"Car":[],"Recipe":[],"Service":[],"SoftwareApplication":[],"WebPage":[]},"graphName":"Article","isEnabled":true},"graphs":[]},"schema_type":null,"schema_type_options":null,"pillar_content":false,"robots_default":true,"robots_noindex":false,"robots_noarchive":false,"robots_nosnippet":false,"robots_nofollow":false,"robots_noimageindex":false,"robots_noodp":false,"robots_notranslate":false,"robots_max_snippet":null,"robots_max_videopreview":null,"robots_max_imagepreview":"large","priority":null,"frequency":null,"location":null,"local_seo":null,"breadcrumb_settings":null,"limit_modified_date":false,"ai":null,"created":"2020-12-21 16:22:14","updated":"2025-07-10 12:28:20","focus_keyword":null,"additional_keywords":null,"truseo_locale":null,"seo_analyzer_scan_date":null},"_links":{"self":[{"href":"https:\/\/blogs.transparent.com\/portuguese\/wp-json\/wp\/v2\/posts\/3658","targetHints":{"allow":["GET"]}}],"collection":[{"href":"https:\/\/blogs.transparent.com\/portuguese\/wp-json\/wp\/v2\/posts"}],"about":[{"href":"https:\/\/blogs.transparent.com\/portuguese\/wp-json\/wp\/v2\/types\/post"}],"author":[{"embeddable":true,"href":"https:\/\/blogs.transparent.com\/portuguese\/wp-json\/wp\/v2\/users\/41"}],"replies":[{"embeddable":true,"href":"https:\/\/blogs.transparent.com\/portuguese\/wp-json\/wp\/v2\/comments?post=3658"}],"version-history":[{"count":5,"href":"https:\/\/blogs.transparent.com\/portuguese\/wp-json\/wp\/v2\/posts\/3658\/revisions"}],"predecessor-version":[{"id":3663,"href":"https:\/\/blogs.transparent.com\/portuguese\/wp-json\/wp\/v2\/posts\/3658\/revisions\/3663"}],"wp:attachment":[{"href":"https:\/\/blogs.transparent.com\/portuguese\/wp-json\/wp\/v2\/media?parent=3658"}],"wp:term":[{"taxonomy":"category","embeddable":true,"href":"https:\/\/blogs.transparent.com\/portuguese\/wp-json\/wp\/v2\/categories?post=3658"},{"taxonomy":"post_tag","embeddable":true,"href":"https:\/\/blogs.transparent.com\/portuguese\/wp-json\/wp\/v2\/tags?post=3658"}],"curies":[{"name":"wp","href":"https:\/\/api.w.org\/{rel}","templated":true}]}}