{"id":3698,"date":"2012-06-19T12:30:37","date_gmt":"2012-06-19T12:30:37","guid":{"rendered":"https:\/\/blogs.transparent.com\/portuguese\/?p=3698"},"modified":"2012-06-19T01:02:28","modified_gmt":"2012-06-19T01:02:28","slug":"rio20","status":"publish","type":"post","link":"https:\/\/blogs.transparent.com\/portuguese\/rio20\/","title":{"rendered":"Rio+20"},"content":{"rendered":"<p>This week, one of the world&#8217;s largest environmental conferences is taking place in Rio de Janeiro, bringing together representatives from all over the world and over 100 heads of state.<\/p>\n<p>But what is Rio+20 exactly, and what does it hope to accomplish? Let&#8217;s find out in Portuguese!<\/p>\n<p>From the <a href=\"http:\/\/www.rio20.gov.br\/sobre_a_rio_mais_20\" target=\"_blank\">official UN site<\/a>:<\/p>\n<p><em>A Confer\u00eancia das Na\u00e7\u00f5es Unidas sobre Desenvolvimento Sustent\u00e1vel, a Rio+20, ser\u00e1 realizada de 13 a 22 de junho de 2012, na cidade do Rio de Janeiro. A Rio+20 \u00e9 assim conhecida porque marca os vinte anos de realiza\u00e7\u00e3o da Confer\u00eancia das Na\u00e7\u00f5es Unidas sobre Meio Ambiente e Desenvolvimento (Rio-92) e dever\u00e1 contribuir para definir a agenda do desenvolvimento sustent\u00e1vel para as pr\u00f3ximas d\u00e9cadas.<\/em><\/p>\n<p><iframe loading=\"lazy\" title=\"O que \u00e9 a Rio+20?\" width=\"500\" height=\"375\" src=\"https:\/\/www.youtube.com\/embed\/2kxDpnhUwfw?feature=oembed\" frameborder=\"0\" allow=\"accelerometer; autoplay; clipboard-write; encrypted-media; gyroscope; picture-in-picture; web-share\" referrerpolicy=\"strict-origin-when-cross-origin\" allowfullscreen><\/iframe><\/p>\n<p><em>Os dois temas centrais da Rio+20 \u2013 a economia verde no contexto do desenvolvimento sustent\u00e1vel e da erradica\u00e7\u00e3o da pobreza e a estrutura institucional para o desenvolvimento sustent\u00e1vel \u2013 foram aprovados pela Assembleia Geral das Na\u00e7\u00f5es Unidas de forma consensual entre os 193 pa\u00edses que integram a ONU. Nas reuni\u00f5es do processo de prepara\u00e7\u00e3o, os pa\u00edses t\u00eam apresentado propostas sobre esses temas, buscando resultados que possam ser adotados na Confer\u00eancia.<\/em><\/p>\n<p><iframe loading=\"lazy\" title=\"Apresenta\u00e7\u00e3o &quot;O que \u00e9 a Rio+20?&quot; - Rom\u00e9lia Souza\" width=\"500\" height=\"281\" src=\"https:\/\/www.youtube.com\/embed\/RogJs1X4uxY?feature=oembed\" frameborder=\"0\" allow=\"accelerometer; autoplay; clipboard-write; encrypted-media; gyroscope; picture-in-picture; web-share\" referrerpolicy=\"strict-origin-when-cross-origin\" allowfullscreen><\/iframe><\/p>\n<p>From <a href=\"http:\/\/noticias.uol.com.br\/meio-ambiente\/ultimas-noticias\/redacao\/2012\/06\/14\/brasil-espera-acordo-ate-amanha-para-uma-convencao-o-mais-ambiciosa-possivel-na-rio20.htm\" target=\"_blank\">UOL<\/a>:<\/p>\n<p><em>As negocia\u00e7\u00f5es para criar meios de implementa\u00e7\u00e3o para o desenvolvimento sustent\u00e1vel (formas de financiamento, tecnologia e capacita\u00e7\u00e3o de pa\u00edses) ainda s\u00e3o motivo de diverg\u00eancia entre as delega\u00e7\u00f5es que participam da Rio+20, segundo o secret\u00e1rio-executivo da Comiss\u00e3o Nacional para a Rio+20, Luiz Alberto Figueiredo. Se os diplomatas reunidos na confer\u00eancia n\u00e3o chegarem a um consenso at\u00e9 esta sexta-feira (15), o Brasil pode ter de abandonar alguns de seus interesses na negocia\u00e7\u00e3o. Isso porque, neste caso, o pa\u00eds-sede acaba dando mais peso \u00e0 coordena\u00e7\u00e3o da reuni\u00e3o para buscar um texto de acordo do que o papel de um forte negociador. A confer\u00eancia acontece no Rio de Janeiro at\u00e9 o dia 22.<\/em><\/p>\n","protected":false},"excerpt":{"rendered":"<p>This week, one of the world&#8217;s largest environmental conferences is taking place in Rio de Janeiro, bringing together representatives from all over the world and over 100 heads of state. But what is Rio+20 exactly, and what does it hope to accomplish? Let&#8217;s find out in Portuguese! From the official UN site: A Confer\u00eancia das&hellip;<\/p>\n<p class=\"post-item__readmore\"><a class=\"btn btn--md\" href=\"https:\/\/blogs.transparent.com\/portuguese\/rio20\/\">Continue Reading<\/a><\/p>","protected":false},"author":41,"featured_media":0,"comment_status":"open","ping_status":"open","sticky":false,"template":"","format":"standard","meta":{"content-type":""},"categories":[1],"tags":[109591],"class_list":["post-3698","post","type-post","status-publish","hentry","category-uncategorized","tag-rio20"],"aioseo_notices":[],"aioseo_head":"\n\t\t<!-- All in One SEO 5.0.0.1 - aioseo.com -->\n\t<meta name=\"description\" content=\"Learn about the Rio+20 environmental conference in Rio de Janeiro, Brazil.\" \/>\n\t<meta name=\"robots\" content=\"max-image-preview:large\" \/>\n\t<meta name=\"author\" content=\"Rachel\"\/>\n\t<meta name=\"keywords\" content=\"rio+20,environment,rio de janeiro\" \/>\n\t<link rel=\"canonical\" href=\"https:\/\/blogs.transparent.com\/portuguese\/rio20\/\" \/>\n\t<meta name=\"generator\" content=\"All in One SEO (AIOSEO) 5.0.0.1\" \/>\n\t\t<meta property=\"og:locale\" content=\"en_US\" \/>\n\t\t<meta property=\"og:site_name\" content=\"Portuguese Language Blog | Language and Culture of the Portuguese-Speaking World\" \/>\n\t\t<meta property=\"og:type\" content=\"article\" \/>\n\t\t<meta property=\"og:title\" content=\"Rio+20 | Portuguese Language Blog\" \/>\n\t\t<meta property=\"og:description\" content=\"Learn about the Rio+20 environmental conference in Rio de Janeiro, Brazil.\" \/>\n\t\t<meta property=\"og:url\" content=\"https:\/\/blogs.transparent.com\/portuguese\/rio20\/\" \/>\n\t\t<meta property=\"article:published_time\" content=\"2012-06-19T12:30:37+00:00\" \/>\n\t\t<meta property=\"article:modified_time\" content=\"2012-06-19T01:02:28+00:00\" \/>\n\t\t<meta name=\"twitter:card\" content=\"summary_large_image\" \/>\n\t\t<meta name=\"twitter:title\" content=\"Rio+20 | Portuguese Language Blog\" \/>\n\t\t<meta name=\"twitter:description\" content=\"Learn about the Rio+20 environmental conference in Rio de Janeiro, Brazil.\" \/>\n\t\t<script type=\"application\/ld+json\" class=\"aioseo-schema\">\n\t\t\t{\"@context\":\"https:\\\/\\\/schema.org\",\"@graph\":[{\"@type\":\"Article\",\"@id\":\"https:\\\/\\\/blogs.transparent.com\\\/portuguese\\\/rio20\\\/#article\",\"name\":\"Rio+20 | Portuguese Language Blog\",\"headline\":\"Rio+20\",\"author\":{\"@id\":\"https:\\\/\\\/blogs.transparent.com\\\/portuguese\\\/author\\\/rachel\\\/#author\"},\"publisher\":{\"@id\":\"https:\\\/\\\/blogs.transparent.com\\\/portuguese\\\/#organization\"},\"datePublished\":\"2012-06-19T12:30:37+00:00\",\"dateModified\":\"2012-06-19T01:02:28+00:00\",\"inLanguage\":\"en-US\",\"mainEntityOfPage\":{\"@id\":\"https:\\\/\\\/blogs.transparent.com\\\/portuguese\\\/rio20\\\/#webpage\"},\"isPartOf\":{\"@id\":\"https:\\\/\\\/blogs.transparent.com\\\/portuguese\\\/rio20\\\/#webpage\"},\"articleSection\":\"Uncategorized, rio+20\"},{\"@type\":\"BreadcrumbList\",\"@id\":\"https:\\\/\\\/blogs.transparent.com\\\/portuguese\\\/rio20\\\/#breadcrumblist\",\"itemListElement\":[{\"@type\":\"ListItem\",\"@id\":\"https:\\\/\\\/blogs.transparent.com\\\/portuguese#listItem\",\"position\":1,\"name\":\"Home\",\"item\":\"https:\\\/\\\/blogs.transparent.com\\\/portuguese\",\"nextItem\":{\"@type\":\"ListItem\",\"@id\":\"https:\\\/\\\/blogs.transparent.com\\\/portuguese\\\/category\\\/uncategorized\\\/#listItem\",\"name\":\"Uncategorized\"}},{\"@type\":\"ListItem\",\"@id\":\"https:\\\/\\\/blogs.transparent.com\\\/portuguese\\\/category\\\/uncategorized\\\/#listItem\",\"position\":2,\"name\":\"Uncategorized\",\"item\":\"https:\\\/\\\/blogs.transparent.com\\\/portuguese\\\/category\\\/uncategorized\\\/\",\"nextItem\":{\"@type\":\"ListItem\",\"@id\":\"https:\\\/\\\/blogs.transparent.com\\\/portuguese\\\/rio20\\\/#listItem\",\"name\":\"Rio+20\"},\"previousItem\":{\"@type\":\"ListItem\",\"@id\":\"https:\\\/\\\/blogs.transparent.com\\\/portuguese#listItem\",\"name\":\"Home\"}},{\"@type\":\"ListItem\",\"@id\":\"https:\\\/\\\/blogs.transparent.com\\\/portuguese\\\/rio20\\\/#listItem\",\"position\":3,\"name\":\"Rio+20\",\"previousItem\":{\"@type\":\"ListItem\",\"@id\":\"https:\\\/\\\/blogs.transparent.com\\\/portuguese\\\/category\\\/uncategorized\\\/#listItem\",\"name\":\"Uncategorized\"}}]},{\"@type\":\"Organization\",\"@id\":\"https:\\\/\\\/blogs.transparent.com\\\/portuguese\\\/#organization\",\"name\":\"Portuguese Language Blog\",\"description\":\"Language and Culture of the Portuguese-Speaking World\",\"url\":\"https:\\\/\\\/blogs.transparent.com\\\/portuguese\\\/\"},{\"@type\":\"Person\",\"@id\":\"https:\\\/\\\/blogs.transparent.com\\\/portuguese\\\/author\\\/rachel\\\/#author\",\"url\":\"https:\\\/\\\/blogs.transparent.com\\\/portuguese\\\/author\\\/rachel\\\/\",\"name\":\"Rachel\",\"image\":{\"@type\":\"ImageObject\",\"@id\":\"https:\\\/\\\/blogs.transparent.com\\\/portuguese\\\/rio20\\\/#authorImage\",\"url\":\"https:\\\/\\\/secure.gravatar.com\\\/avatar\\\/f379c3886619e9fb4164923bfd24a0c5d73e63f74b9097b41e6663244f894859?s=96&d=mm&r=g\",\"width\":96,\"height\":96,\"caption\":\"Rachel\"}},{\"@type\":\"WebPage\",\"@id\":\"https:\\\/\\\/blogs.transparent.com\\\/portuguese\\\/rio20\\\/#webpage\",\"url\":\"https:\\\/\\\/blogs.transparent.com\\\/portuguese\\\/rio20\\\/\",\"name\":\"Rio+20 | Portuguese Language Blog\",\"description\":\"Learn about the Rio+20 environmental conference in Rio de Janeiro, Brazil.\",\"inLanguage\":\"en-US\",\"isPartOf\":{\"@id\":\"https:\\\/\\\/blogs.transparent.com\\\/portuguese\\\/#website\"},\"breadcrumb\":{\"@id\":\"https:\\\/\\\/blogs.transparent.com\\\/portuguese\\\/rio20\\\/#breadcrumblist\"},\"author\":{\"@id\":\"https:\\\/\\\/blogs.transparent.com\\\/portuguese\\\/author\\\/rachel\\\/#author\"},\"creator\":{\"@id\":\"https:\\\/\\\/blogs.transparent.com\\\/portuguese\\\/author\\\/rachel\\\/#author\"},\"datePublished\":\"2012-06-19T12:30:37+00:00\",\"dateModified\":\"2012-06-19T01:02:28+00:00\"},{\"@type\":\"WebSite\",\"@id\":\"https:\\\/\\\/blogs.transparent.com\\\/portuguese\\\/#website\",\"url\":\"https:\\\/\\\/blogs.transparent.com\\\/portuguese\\\/\",\"name\":\"Portuguese Language Blog\",\"description\":\"Language and Culture of the Portuguese-Speaking World\",\"inLanguage\":\"en-US\",\"publisher\":{\"@id\":\"https:\\\/\\\/blogs.transparent.com\\\/portuguese\\\/#organization\"}}]}\n\t\t<\/script>\n\t\t<!-- All in One SEO -->\n\n","aioseo_head_json":{"title":"Rio+20 | Portuguese Language Blog","description":"Learn about the Rio+20 environmental conference in Rio de Janeiro, Brazil.","canonical_url":"https:\/\/blogs.transparent.com\/portuguese\/rio20\/","robots":"max-image-preview:large","keywords":"rio+20,environment,rio de janeiro","webmasterTools":{"miscellaneous":""},"schema":{"@context":"https:\/\/schema.org","@graph":[{"@type":"Article","@id":"https:\/\/blogs.transparent.com\/portuguese\/rio20\/#article","name":"Rio+20 | Portuguese Language Blog","headline":"Rio+20","author":{"@id":"https:\/\/blogs.transparent.com\/portuguese\/author\/rachel\/#author"},"publisher":{"@id":"https:\/\/blogs.transparent.com\/portuguese\/#organization"},"datePublished":"2012-06-19T12:30:37+00:00","dateModified":"2012-06-19T01:02:28+00:00","inLanguage":"en-US","mainEntityOfPage":{"@id":"https:\/\/blogs.transparent.com\/portuguese\/rio20\/#webpage"},"isPartOf":{"@id":"https:\/\/blogs.transparent.com\/portuguese\/rio20\/#webpage"},"articleSection":"Uncategorized, rio+20"},{"@type":"BreadcrumbList","@id":"https:\/\/blogs.transparent.com\/portuguese\/rio20\/#breadcrumblist","itemListElement":[{"@type":"ListItem","@id":"https:\/\/blogs.transparent.com\/portuguese#listItem","position":1,"name":"Home","item":"https:\/\/blogs.transparent.com\/portuguese","nextItem":{"@type":"ListItem","@id":"https:\/\/blogs.transparent.com\/portuguese\/category\/uncategorized\/#listItem","name":"Uncategorized"}},{"@type":"ListItem","@id":"https:\/\/blogs.transparent.com\/portuguese\/category\/uncategorized\/#listItem","position":2,"name":"Uncategorized","item":"https:\/\/blogs.transparent.com\/portuguese\/category\/uncategorized\/","nextItem":{"@type":"ListItem","@id":"https:\/\/blogs.transparent.com\/portuguese\/rio20\/#listItem","name":"Rio+20"},"previousItem":{"@type":"ListItem","@id":"https:\/\/blogs.transparent.com\/portuguese#listItem","name":"Home"}},{"@type":"ListItem","@id":"https:\/\/blogs.transparent.com\/portuguese\/rio20\/#listItem","position":3,"name":"Rio+20","previousItem":{"@type":"ListItem","@id":"https:\/\/blogs.transparent.com\/portuguese\/category\/uncategorized\/#listItem","name":"Uncategorized"}}]},{"@type":"Organization","@id":"https:\/\/blogs.transparent.com\/portuguese\/#organization","name":"Portuguese Language Blog","description":"Language and Culture of the Portuguese-Speaking World","url":"https:\/\/blogs.transparent.com\/portuguese\/"},{"@type":"Person","@id":"https:\/\/blogs.transparent.com\/portuguese\/author\/rachel\/#author","url":"https:\/\/blogs.transparent.com\/portuguese\/author\/rachel\/","name":"Rachel","image":{"@type":"ImageObject","@id":"https:\/\/blogs.transparent.com\/portuguese\/rio20\/#authorImage","url":"https:\/\/secure.gravatar.com\/avatar\/f379c3886619e9fb4164923bfd24a0c5d73e63f74b9097b41e6663244f894859?s=96&d=mm&r=g","width":96,"height":96,"caption":"Rachel"}},{"@type":"WebPage","@id":"https:\/\/blogs.transparent.com\/portuguese\/rio20\/#webpage","url":"https:\/\/blogs.transparent.com\/portuguese\/rio20\/","name":"Rio+20 | Portuguese Language Blog","description":"Learn about the Rio+20 environmental conference in Rio de Janeiro, Brazil.","inLanguage":"en-US","isPartOf":{"@id":"https:\/\/blogs.transparent.com\/portuguese\/#website"},"breadcrumb":{"@id":"https:\/\/blogs.transparent.com\/portuguese\/rio20\/#breadcrumblist"},"author":{"@id":"https:\/\/blogs.transparent.com\/portuguese\/author\/rachel\/#author"},"creator":{"@id":"https:\/\/blogs.transparent.com\/portuguese\/author\/rachel\/#author"},"datePublished":"2012-06-19T12:30:37+00:00","dateModified":"2012-06-19T01:02:28+00:00"},{"@type":"WebSite","@id":"https:\/\/blogs.transparent.com\/portuguese\/#website","url":"https:\/\/blogs.transparent.com\/portuguese\/","name":"Portuguese Language Blog","description":"Language and Culture of the Portuguese-Speaking World","inLanguage":"en-US","publisher":{"@id":"https:\/\/blogs.transparent.com\/portuguese\/#organization"}}]},"og:locale":"en_US","og:site_name":"Portuguese Language Blog | Language and Culture of the Portuguese-Speaking World","og:type":"article","og:title":"Rio+20 | Portuguese Language Blog","og:description":"Learn about the Rio+20 environmental conference in Rio de Janeiro, Brazil.","og:url":"https:\/\/blogs.transparent.com\/portuguese\/rio20\/","article:published_time":"2012-06-19T12:30:37+00:00","article:modified_time":"2012-06-19T01:02:28+00:00","twitter:card":"summary_large_image","twitter:title":"Rio+20 | Portuguese Language Blog","twitter:description":"Learn about the Rio+20 environmental conference in Rio de Janeiro, Brazil."},"aioseo_meta_data":{"post_id":"3698","title":"Rio+20 | #site_title","description":"Learn about the Rio+20 environmental conference in Rio de Janeiro, Brazil.","keywords":[{"label":"rio+20","value":"rio+20"},{"label":"environment","value":"environment"},{"label":"rio de janeiro","value":"rio de janeiro"}],"keyphrases":null,"primary_term":null,"canonical_url":null,"og_title":null,"og_description":null,"og_object_type":"default","og_image_type":"default","og_image_url":null,"og_image_width":null,"og_image_height":null,"og_image_custom_url":null,"og_image_custom_fields":null,"og_video":null,"og_custom_url":null,"og_article_section":null,"og_article_tags":null,"twitter_use_og":false,"twitter_card":"default","twitter_image_type":"default","twitter_image_url":null,"twitter_image_custom_url":null,"twitter_image_custom_fields":null,"twitter_title":null,"twitter_description":null,"schema":{"blockGraphs":[],"customGraphs":[],"default":{"data":{"Article":[],"Course":[],"Dataset":[],"FAQPage":[],"Movie":[],"Person":[],"Product":[],"ProductReview":[],"Car":[],"Recipe":[],"Service":[],"SoftwareApplication":[],"WebPage":[]},"graphName":"Article","isEnabled":true},"graphs":[]},"schema_type":null,"schema_type_options":null,"pillar_content":false,"robots_default":true,"robots_noindex":false,"robots_noarchive":false,"robots_nosnippet":false,"robots_nofollow":false,"robots_noimageindex":false,"robots_noodp":false,"robots_notranslate":false,"robots_max_snippet":null,"robots_max_videopreview":null,"robots_max_imagepreview":"large","priority":null,"frequency":null,"location":null,"local_seo":null,"breadcrumb_settings":null,"limit_modified_date":false,"ai":null,"created":"2020-12-21 16:22:14","updated":"2025-07-10 12:29:34","focus_keyword":null,"additional_keywords":null,"truseo_locale":null,"seo_analyzer_scan_date":null},"_links":{"self":[{"href":"https:\/\/blogs.transparent.com\/portuguese\/wp-json\/wp\/v2\/posts\/3698","targetHints":{"allow":["GET"]}}],"collection":[{"href":"https:\/\/blogs.transparent.com\/portuguese\/wp-json\/wp\/v2\/posts"}],"about":[{"href":"https:\/\/blogs.transparent.com\/portuguese\/wp-json\/wp\/v2\/types\/post"}],"author":[{"embeddable":true,"href":"https:\/\/blogs.transparent.com\/portuguese\/wp-json\/wp\/v2\/users\/41"}],"replies":[{"embeddable":true,"href":"https:\/\/blogs.transparent.com\/portuguese\/wp-json\/wp\/v2\/comments?post=3698"}],"version-history":[{"count":6,"href":"https:\/\/blogs.transparent.com\/portuguese\/wp-json\/wp\/v2\/posts\/3698\/revisions"}],"predecessor-version":[{"id":3704,"href":"https:\/\/blogs.transparent.com\/portuguese\/wp-json\/wp\/v2\/posts\/3698\/revisions\/3704"}],"wp:attachment":[{"href":"https:\/\/blogs.transparent.com\/portuguese\/wp-json\/wp\/v2\/media?parent=3698"}],"wp:term":[{"taxonomy":"category","embeddable":true,"href":"https:\/\/blogs.transparent.com\/portuguese\/wp-json\/wp\/v2\/categories?post=3698"},{"taxonomy":"post_tag","embeddable":true,"href":"https:\/\/blogs.transparent.com\/portuguese\/wp-json\/wp\/v2\/tags?post=3698"}],"curies":[{"name":"wp","href":"https:\/\/api.w.org\/{rel}","templated":true}]}}