{"id":4290,"date":"2012-12-14T08:00:16","date_gmt":"2012-12-14T08:00:16","guid":{"rendered":"https:\/\/blogs.transparent.com\/portuguese\/?p=4290"},"modified":"2014-07-24T19:48:51","modified_gmt":"2014-07-24T19:48:51","slug":"time-adverbs-in-portuguese","status":"publish","type":"post","link":"https:\/\/blogs.transparent.com\/portuguese\/time-adverbs-in-portuguese\/","title":{"rendered":"Time adverbs in Portuguese"},"content":{"rendered":"<p style=\"text-align: justify;\">Oi! Tudo bem?<\/p>\n<p style=\"text-align: justify;\">E hoje \u00e9 sexta-feira! Coisa boa, n\u00e9?<\/p>\n<p style=\"text-align: justify;\">Today we are going to take a look at time adverbs in Portuguese. Don&#8217;t worry, I didn&#8217;t include those rare ones, only the most common in everyday conversation, ok?<\/p>\n<p style=\"text-align: justify;\">Est\u00e3o prontos? Vamos l\u00e1!<\/p>\n<p style=\"text-align: justify;\">hoje &#8211; today<br \/>\nontem &#8211; yesterday<br \/>\namanh\u00e3 &#8211; tomorrow<\/p>\n<p style=\"text-align: justify;\">de manh\u00e3 &#8211; in the morning<br \/>\nde tarde, \u00e0 tarde &#8211; in the afternoon<br \/>\nde noite, \u00e0 noite &#8211; in the evening, at night<\/p>\n<p style=\"text-align: justify;\">hoje de manh\u00e3 &#8211; this morning<br \/>\nhoje de\/\u00e0 tarde &#8211; this afternoon<br \/>\nhoje de\/\u00e0 noite &#8211; this evening, tonight<br \/>\nnext week &#8211; na pr\u00f3xima semana, semana que vem<\/p>\n<p style=\"text-align: justify;\">cedo &#8211; early<br \/>\ntarde &#8211; late<br \/>\nagora &#8211; now<br \/>\nagora mesmo &#8211; right now<br \/>\nj\u00e1 &#8211; already, yet, ever<br \/>\nj\u00e1 n\u00e3o &#8211; not anymore<br \/>\nj\u00e1 j\u00e1 &#8211; very soon (informal)<\/p>\n<p style=\"text-align: justify;\">logo &#8211; soon<br \/>\nsempre &#8211; always<br \/>\nnunca &#8211; never<br \/>\nainda &#8211; still, yet<br \/>\nantes &#8211; before<br \/>\nantigamente &#8211; formerly, in the past<br \/>\nprimeiro &#8211; first<br \/>\ndepois &#8211; after, then<br \/>\nenfim &#8211; anyway<\/p>\n<p style=\"text-align: justify;\">recentemente &#8211;\u00a0recently<br \/>\nultimamente &#8211; lately<br \/>\nago &#8211; atr\u00e1s<br \/>\nde agora em diante &#8211; from now on<br \/>\nno final &#8211; eventually<br \/>\nanteriormente &#8211; previously<\/p>\n<p style=\"text-align: justify;\"><strong>Want more free resources to\u00a0<a href=\"http:\/\/www.transparent.com\/learn-portuguese-brazilian\/\">learn Portuguese<\/a>? Check out the other goodies we offer to help make your language learning efforts a daily habit.<\/strong><\/p>\n","protected":false},"excerpt":{"rendered":"<img width=\"350\" height=\"263\" src=\"https:\/\/blogs.transparent.com\/portuguese\/wp-content\/uploads\/sites\/13\/2012\/12\/bola-do-brasil-350x263.jpg\" class=\"attachment-post-thumbnail size-post-thumbnail wp-post-image tmp-hide-img\" alt=\"\" decoding=\"async\" loading=\"lazy\" srcset=\"https:\/\/blogs.transparent.com\/portuguese\/wp-content\/uploads\/sites\/13\/2012\/12\/bola-do-brasil-350x263.jpg 350w, https:\/\/blogs.transparent.com\/portuguese\/wp-content\/uploads\/sites\/13\/2012\/12\/bola-do-brasil-768x576.jpg 768w, https:\/\/blogs.transparent.com\/portuguese\/wp-content\/uploads\/sites\/13\/2012\/12\/bola-do-brasil-1024x768.jpg 1024w, https:\/\/blogs.transparent.com\/portuguese\/wp-content\/uploads\/sites\/13\/2012\/12\/bola-do-brasil.jpg 1200w\" sizes=\"auto, (max-width: 350px) 100vw, 350px\" \/><p>Oi! Tudo bem? E hoje \u00e9 sexta-feira! Coisa boa, n\u00e9? Today we are going to take a look at time adverbs in Portuguese. Don&#8217;t worry, I didn&#8217;t include those rare ones, only the most common in everyday conversation, ok? Est\u00e3o prontos? Vamos l\u00e1! hoje &#8211; today ontem &#8211; yesterday amanh\u00e3 &#8211; tomorrow de manh\u00e3 &#8211&hellip;<\/p>\n<p class=\"post-item__readmore\"><a class=\"btn btn--md\" href=\"https:\/\/blogs.transparent.com\/portuguese\/time-adverbs-in-portuguese\/\">Continue Reading<\/a><\/p>","protected":false},"author":9,"featured_media":4295,"comment_status":"open","ping_status":"open","sticky":false,"template":"","format":"standard","meta":{"content-type":""},"categories":[6,13],"tags":[379352,379357],"class_list":["post-4290","post","type-post","status-publish","has-post-thumbnail","hentry","category-grammar","category-vocabulary","tag-grammar","tag-vocabulary"],"aioseo_notices":[],"aioseo_head":"\n\t\t<!-- All in One SEO 5.0.0.1 - aioseo.com -->\n\t<meta name=\"description\" content=\"Let&#039;s learn several adverbs of time in Portuguese!\" \/>\n\t<meta name=\"robots\" content=\"max-image-preview:large\" \/>\n\t<meta name=\"author\" content=\"Adir\"\/>\n\t<meta name=\"keywords\" content=\"adverbs,portuguese,how,say,speak,como,falar,adv\u00e9rbios,tempo,portugu\u00eas,fluent,fluente,curso,course,free,gr\u00e1tis,online,grammar,vocabulary\" \/>\n\t<link rel=\"canonical\" href=\"https:\/\/blogs.transparent.com\/portuguese\/time-adverbs-in-portuguese\/\" \/>\n\t<meta name=\"generator\" content=\"All in One SEO (AIOSEO) 5.0.0.1\" \/>\n\t\t<meta property=\"og:locale\" content=\"en_US\" \/>\n\t\t<meta property=\"og:site_name\" content=\"Portuguese Language Blog | Language and Culture of the Portuguese-Speaking World\" \/>\n\t\t<meta property=\"og:type\" content=\"article\" \/>\n\t\t<meta property=\"og:title\" content=\"Time adverbs in Portuguese | Portuguese Language Blog\" \/>\n\t\t<meta property=\"og:description\" content=\"Let&#039;s learn several adverbs of time in Portuguese!\" \/>\n\t\t<meta property=\"og:url\" content=\"https:\/\/blogs.transparent.com\/portuguese\/time-adverbs-in-portuguese\/\" \/>\n\t\t<meta property=\"article:published_time\" content=\"2012-12-14T08:00:16+00:00\" \/>\n\t\t<meta property=\"article:modified_time\" content=\"2014-07-24T19:48:51+00:00\" \/>\n\t\t<meta name=\"twitter:card\" content=\"summary_large_image\" \/>\n\t\t<meta name=\"twitter:title\" content=\"Time adverbs in Portuguese | Portuguese Language Blog\" \/>\n\t\t<meta name=\"twitter:description\" content=\"Let&#039;s learn several adverbs of time in Portuguese!\" \/>\n\t\t<script type=\"application\/ld+json\" class=\"aioseo-schema\">\n\t\t\t{\"@context\":\"https:\\\/\\\/schema.org\",\"@graph\":[{\"@type\":\"Article\",\"@id\":\"https:\\\/\\\/blogs.transparent.com\\\/portuguese\\\/time-adverbs-in-portuguese\\\/#article\",\"name\":\"Time adverbs in Portuguese | Portuguese Language Blog\",\"headline\":\"Time adverbs in Portuguese\",\"author\":{\"@id\":\"https:\\\/\\\/blogs.transparent.com\\\/portuguese\\\/author\\\/adirferreira\\\/#author\"},\"publisher\":{\"@id\":\"https:\\\/\\\/blogs.transparent.com\\\/portuguese\\\/#organization\"},\"image\":{\"@type\":\"ImageObject\",\"url\":\"https:\\\/\\\/blogs.transparent.com\\\/portuguese\\\/wp-content\\\/uploads\\\/sites\\\/13\\\/2012\\\/12\\\/bola-do-brasil.jpg\",\"width\":1200,\"height\":900},\"datePublished\":\"2012-12-14T08:00:16+00:00\",\"dateModified\":\"2014-07-24T19:48:51+00:00\",\"inLanguage\":\"en-US\",\"mainEntityOfPage\":{\"@id\":\"https:\\\/\\\/blogs.transparent.com\\\/portuguese\\\/time-adverbs-in-portuguese\\\/#webpage\"},\"isPartOf\":{\"@id\":\"https:\\\/\\\/blogs.transparent.com\\\/portuguese\\\/time-adverbs-in-portuguese\\\/#webpage\"},\"articleSection\":\"Grammar, Vocabulary, Grammar, Vocabulary\"},{\"@type\":\"BreadcrumbList\",\"@id\":\"https:\\\/\\\/blogs.transparent.com\\\/portuguese\\\/time-adverbs-in-portuguese\\\/#breadcrumblist\",\"itemListElement\":[{\"@type\":\"ListItem\",\"@id\":\"https:\\\/\\\/blogs.transparent.com\\\/portuguese#listItem\",\"position\":1,\"name\":\"Home\",\"item\":\"https:\\\/\\\/blogs.transparent.com\\\/portuguese\",\"nextItem\":{\"@type\":\"ListItem\",\"@id\":\"https:\\\/\\\/blogs.transparent.com\\\/portuguese\\\/category\\\/learning\\\/#listItem\",\"name\":\"Learning\"}},{\"@type\":\"ListItem\",\"@id\":\"https:\\\/\\\/blogs.transparent.com\\\/portuguese\\\/category\\\/learning\\\/#listItem\",\"position\":2,\"name\":\"Learning\",\"item\":\"https:\\\/\\\/blogs.transparent.com\\\/portuguese\\\/category\\\/learning\\\/\",\"nextItem\":{\"@type\":\"ListItem\",\"@id\":\"https:\\\/\\\/blogs.transparent.com\\\/portuguese\\\/category\\\/learning\\\/grammar\\\/#listItem\",\"name\":\"Grammar\"},\"previousItem\":{\"@type\":\"ListItem\",\"@id\":\"https:\\\/\\\/blogs.transparent.com\\\/portuguese#listItem\",\"name\":\"Home\"}},{\"@type\":\"ListItem\",\"@id\":\"https:\\\/\\\/blogs.transparent.com\\\/portuguese\\\/category\\\/learning\\\/grammar\\\/#listItem\",\"position\":3,\"name\":\"Grammar\",\"item\":\"https:\\\/\\\/blogs.transparent.com\\\/portuguese\\\/category\\\/learning\\\/grammar\\\/\",\"nextItem\":{\"@type\":\"ListItem\",\"@id\":\"https:\\\/\\\/blogs.transparent.com\\\/portuguese\\\/time-adverbs-in-portuguese\\\/#listItem\",\"name\":\"Time adverbs in Portuguese\"},\"previousItem\":{\"@type\":\"ListItem\",\"@id\":\"https:\\\/\\\/blogs.transparent.com\\\/portuguese\\\/category\\\/learning\\\/#listItem\",\"name\":\"Learning\"}},{\"@type\":\"ListItem\",\"@id\":\"https:\\\/\\\/blogs.transparent.com\\\/portuguese\\\/time-adverbs-in-portuguese\\\/#listItem\",\"position\":4,\"name\":\"Time adverbs in Portuguese\",\"previousItem\":{\"@type\":\"ListItem\",\"@id\":\"https:\\\/\\\/blogs.transparent.com\\\/portuguese\\\/category\\\/learning\\\/grammar\\\/#listItem\",\"name\":\"Grammar\"}}]},{\"@type\":\"Organization\",\"@id\":\"https:\\\/\\\/blogs.transparent.com\\\/portuguese\\\/#organization\",\"name\":\"Portuguese Language Blog\",\"description\":\"Language and Culture of the Portuguese-Speaking World\",\"url\":\"https:\\\/\\\/blogs.transparent.com\\\/portuguese\\\/\"},{\"@type\":\"Person\",\"@id\":\"https:\\\/\\\/blogs.transparent.com\\\/portuguese\\\/author\\\/adirferreira\\\/#author\",\"url\":\"https:\\\/\\\/blogs.transparent.com\\\/portuguese\\\/author\\\/adirferreira\\\/\",\"name\":\"Adir\",\"image\":{\"@type\":\"ImageObject\",\"@id\":\"https:\\\/\\\/blogs.transparent.com\\\/portuguese\\\/time-adverbs-in-portuguese\\\/#authorImage\",\"url\":\"https:\\\/\\\/secure.gravatar.com\\\/avatar\\\/cf3ed8e664d72a4b68c46802367f864b4fcb161e57b7366f3ba7f42ed07c52e1?s=96&d=mm&r=g\",\"width\":96,\"height\":96,\"caption\":\"Adir\"}},{\"@type\":\"WebPage\",\"@id\":\"https:\\\/\\\/blogs.transparent.com\\\/portuguese\\\/time-adverbs-in-portuguese\\\/#webpage\",\"url\":\"https:\\\/\\\/blogs.transparent.com\\\/portuguese\\\/time-adverbs-in-portuguese\\\/\",\"name\":\"Time adverbs in Portuguese | Portuguese Language Blog\",\"description\":\"Let's learn several adverbs of time in Portuguese!\",\"inLanguage\":\"en-US\",\"isPartOf\":{\"@id\":\"https:\\\/\\\/blogs.transparent.com\\\/portuguese\\\/#website\"},\"breadcrumb\":{\"@id\":\"https:\\\/\\\/blogs.transparent.com\\\/portuguese\\\/time-adverbs-in-portuguese\\\/#breadcrumblist\"},\"author\":{\"@id\":\"https:\\\/\\\/blogs.transparent.com\\\/portuguese\\\/author\\\/adirferreira\\\/#author\"},\"creator\":{\"@id\":\"https:\\\/\\\/blogs.transparent.com\\\/portuguese\\\/author\\\/adirferreira\\\/#author\"},\"image\":{\"@type\":\"ImageObject\",\"url\":\"https:\\\/\\\/blogs.transparent.com\\\/portuguese\\\/wp-content\\\/uploads\\\/sites\\\/13\\\/2012\\\/12\\\/bola-do-brasil.jpg\",\"@id\":\"https:\\\/\\\/blogs.transparent.com\\\/portuguese\\\/time-adverbs-in-portuguese\\\/#mainImage\",\"width\":1200,\"height\":900},\"primaryImageOfPage\":{\"@id\":\"https:\\\/\\\/blogs.transparent.com\\\/portuguese\\\/time-adverbs-in-portuguese\\\/#mainImage\"},\"datePublished\":\"2012-12-14T08:00:16+00:00\",\"dateModified\":\"2014-07-24T19:48:51+00:00\"},{\"@type\":\"WebSite\",\"@id\":\"https:\\\/\\\/blogs.transparent.com\\\/portuguese\\\/#website\",\"url\":\"https:\\\/\\\/blogs.transparent.com\\\/portuguese\\\/\",\"name\":\"Portuguese Language Blog\",\"description\":\"Language and Culture of the Portuguese-Speaking World\",\"inLanguage\":\"en-US\",\"publisher\":{\"@id\":\"https:\\\/\\\/blogs.transparent.com\\\/portuguese\\\/#organization\"}}]}\n\t\t<\/script>\n\t\t<!-- All in One SEO -->\n\n","aioseo_head_json":{"title":"Time adverbs in Portuguese | Portuguese Language Blog","description":"Let's learn several adverbs of time in Portuguese!","canonical_url":"https:\/\/blogs.transparent.com\/portuguese\/time-adverbs-in-portuguese\/","robots":"max-image-preview:large","keywords":"adverbs,portuguese,how,say,speak,como,falar,adv\u00e9rbios,tempo,portugu\u00eas,fluent,fluente,curso,course,free,gr\u00e1tis,online,grammar,vocabulary","webmasterTools":{"miscellaneous":""},"schema":{"@context":"https:\/\/schema.org","@graph":[{"@type":"Article","@id":"https:\/\/blogs.transparent.com\/portuguese\/time-adverbs-in-portuguese\/#article","name":"Time adverbs in Portuguese | Portuguese Language Blog","headline":"Time adverbs in Portuguese","author":{"@id":"https:\/\/blogs.transparent.com\/portuguese\/author\/adirferreira\/#author"},"publisher":{"@id":"https:\/\/blogs.transparent.com\/portuguese\/#organization"},"image":{"@type":"ImageObject","url":"https:\/\/blogs.transparent.com\/portuguese\/wp-content\/uploads\/sites\/13\/2012\/12\/bola-do-brasil.jpg","width":1200,"height":900},"datePublished":"2012-12-14T08:00:16+00:00","dateModified":"2014-07-24T19:48:51+00:00","inLanguage":"en-US","mainEntityOfPage":{"@id":"https:\/\/blogs.transparent.com\/portuguese\/time-adverbs-in-portuguese\/#webpage"},"isPartOf":{"@id":"https:\/\/blogs.transparent.com\/portuguese\/time-adverbs-in-portuguese\/#webpage"},"articleSection":"Grammar, Vocabulary, Grammar, Vocabulary"},{"@type":"BreadcrumbList","@id":"https:\/\/blogs.transparent.com\/portuguese\/time-adverbs-in-portuguese\/#breadcrumblist","itemListElement":[{"@type":"ListItem","@id":"https:\/\/blogs.transparent.com\/portuguese#listItem","position":1,"name":"Home","item":"https:\/\/blogs.transparent.com\/portuguese","nextItem":{"@type":"ListItem","@id":"https:\/\/blogs.transparent.com\/portuguese\/category\/learning\/#listItem","name":"Learning"}},{"@type":"ListItem","@id":"https:\/\/blogs.transparent.com\/portuguese\/category\/learning\/#listItem","position":2,"name":"Learning","item":"https:\/\/blogs.transparent.com\/portuguese\/category\/learning\/","nextItem":{"@type":"ListItem","@id":"https:\/\/blogs.transparent.com\/portuguese\/category\/learning\/grammar\/#listItem","name":"Grammar"},"previousItem":{"@type":"ListItem","@id":"https:\/\/blogs.transparent.com\/portuguese#listItem","name":"Home"}},{"@type":"ListItem","@id":"https:\/\/blogs.transparent.com\/portuguese\/category\/learning\/grammar\/#listItem","position":3,"name":"Grammar","item":"https:\/\/blogs.transparent.com\/portuguese\/category\/learning\/grammar\/","nextItem":{"@type":"ListItem","@id":"https:\/\/blogs.transparent.com\/portuguese\/time-adverbs-in-portuguese\/#listItem","name":"Time adverbs in Portuguese"},"previousItem":{"@type":"ListItem","@id":"https:\/\/blogs.transparent.com\/portuguese\/category\/learning\/#listItem","name":"Learning"}},{"@type":"ListItem","@id":"https:\/\/blogs.transparent.com\/portuguese\/time-adverbs-in-portuguese\/#listItem","position":4,"name":"Time adverbs in Portuguese","previousItem":{"@type":"ListItem","@id":"https:\/\/blogs.transparent.com\/portuguese\/category\/learning\/grammar\/#listItem","name":"Grammar"}}]},{"@type":"Organization","@id":"https:\/\/blogs.transparent.com\/portuguese\/#organization","name":"Portuguese Language Blog","description":"Language and Culture of the Portuguese-Speaking World","url":"https:\/\/blogs.transparent.com\/portuguese\/"},{"@type":"Person","@id":"https:\/\/blogs.transparent.com\/portuguese\/author\/adirferreira\/#author","url":"https:\/\/blogs.transparent.com\/portuguese\/author\/adirferreira\/","name":"Adir","image":{"@type":"ImageObject","@id":"https:\/\/blogs.transparent.com\/portuguese\/time-adverbs-in-portuguese\/#authorImage","url":"https:\/\/secure.gravatar.com\/avatar\/cf3ed8e664d72a4b68c46802367f864b4fcb161e57b7366f3ba7f42ed07c52e1?s=96&d=mm&r=g","width":96,"height":96,"caption":"Adir"}},{"@type":"WebPage","@id":"https:\/\/blogs.transparent.com\/portuguese\/time-adverbs-in-portuguese\/#webpage","url":"https:\/\/blogs.transparent.com\/portuguese\/time-adverbs-in-portuguese\/","name":"Time adverbs in Portuguese | Portuguese Language Blog","description":"Let's learn several adverbs of time in Portuguese!","inLanguage":"en-US","isPartOf":{"@id":"https:\/\/blogs.transparent.com\/portuguese\/#website"},"breadcrumb":{"@id":"https:\/\/blogs.transparent.com\/portuguese\/time-adverbs-in-portuguese\/#breadcrumblist"},"author":{"@id":"https:\/\/blogs.transparent.com\/portuguese\/author\/adirferreira\/#author"},"creator":{"@id":"https:\/\/blogs.transparent.com\/portuguese\/author\/adirferreira\/#author"},"image":{"@type":"ImageObject","url":"https:\/\/blogs.transparent.com\/portuguese\/wp-content\/uploads\/sites\/13\/2012\/12\/bola-do-brasil.jpg","@id":"https:\/\/blogs.transparent.com\/portuguese\/time-adverbs-in-portuguese\/#mainImage","width":1200,"height":900},"primaryImageOfPage":{"@id":"https:\/\/blogs.transparent.com\/portuguese\/time-adverbs-in-portuguese\/#mainImage"},"datePublished":"2012-12-14T08:00:16+00:00","dateModified":"2014-07-24T19:48:51+00:00"},{"@type":"WebSite","@id":"https:\/\/blogs.transparent.com\/portuguese\/#website","url":"https:\/\/blogs.transparent.com\/portuguese\/","name":"Portuguese Language Blog","description":"Language and Culture of the Portuguese-Speaking World","inLanguage":"en-US","publisher":{"@id":"https:\/\/blogs.transparent.com\/portuguese\/#organization"}}]},"og:locale":"en_US","og:site_name":"Portuguese Language Blog | Language and Culture of the Portuguese-Speaking World","og:type":"article","og:title":"Time adverbs in Portuguese | Portuguese Language Blog","og:description":"Let's learn several adverbs of time in Portuguese!","og:url":"https:\/\/blogs.transparent.com\/portuguese\/time-adverbs-in-portuguese\/","article:published_time":"2012-12-14T08:00:16+00:00","article:modified_time":"2014-07-24T19:48:51+00:00","twitter:card":"summary_large_image","twitter:title":"Time adverbs in Portuguese | Portuguese Language Blog","twitter:description":"Let's learn several adverbs of time in Portuguese!"},"aioseo_meta_data":{"post_id":"4290","title":"Time adverbs in Portuguese | #site_title","description":"Let's learn several adverbs of time in Portuguese!","keywords":[{"label":"adverbs","value":"adverbs"},{"label":"portuguese","value":"portuguese"},{"label":"how","value":"how"},{"label":"say","value":"say"},{"label":"speak","value":"speak"},{"label":"como","value":"como"},{"label":"falar","value":"falar"},{"label":"adv\u00e9rbios","value":"adv\u00e9rbios"},{"label":"tempo","value":"tempo"},{"label":"portugu\u00eas","value":"portugu\u00eas"},{"label":"fluent","value":"fluent"},{"label":"fluente","value":"fluente"},{"label":"curso","value":"curso"},{"label":"course","value":"course"},{"label":"free","value":"free"},{"label":"gr\u00e1tis","value":"gr\u00e1tis"},{"label":"online","value":"online"}],"keyphrases":null,"primary_term":null,"canonical_url":null,"og_title":null,"og_description":null,"og_object_type":"default","og_image_type":"default","og_image_url":null,"og_image_width":null,"og_image_height":null,"og_image_custom_url":null,"og_image_custom_fields":null,"og_video":null,"og_custom_url":null,"og_article_section":null,"og_article_tags":null,"twitter_use_og":false,"twitter_card":"default","twitter_image_type":"default","twitter_image_url":null,"twitter_image_custom_url":null,"twitter_image_custom_fields":null,"twitter_title":null,"twitter_description":null,"schema":{"blockGraphs":[],"customGraphs":[],"default":{"data":{"Article":[],"Course":[],"Dataset":[],"FAQPage":[],"Movie":[],"Person":[],"Product":[],"ProductReview":[],"Car":[],"Recipe":[],"Service":[],"SoftwareApplication":[],"WebPage":[]},"graphName":"Article","isEnabled":true},"graphs":[]},"schema_type":null,"schema_type_options":null,"pillar_content":false,"robots_default":true,"robots_noindex":false,"robots_noarchive":false,"robots_nosnippet":false,"robots_nofollow":false,"robots_noimageindex":false,"robots_noodp":false,"robots_notranslate":false,"robots_max_snippet":null,"robots_max_videopreview":null,"robots_max_imagepreview":"large","priority":null,"frequency":null,"location":null,"local_seo":null,"breadcrumb_settings":null,"limit_modified_date":false,"ai":null,"created":"2020-12-21 16:21:16","updated":"2025-07-10 12:39:34","focus_keyword":null,"additional_keywords":null,"truseo_locale":null,"seo_analyzer_scan_date":null},"_links":{"self":[{"href":"https:\/\/blogs.transparent.com\/portuguese\/wp-json\/wp\/v2\/posts\/4290","targetHints":{"allow":["GET"]}}],"collection":[{"href":"https:\/\/blogs.transparent.com\/portuguese\/wp-json\/wp\/v2\/posts"}],"about":[{"href":"https:\/\/blogs.transparent.com\/portuguese\/wp-json\/wp\/v2\/types\/post"}],"author":[{"embeddable":true,"href":"https:\/\/blogs.transparent.com\/portuguese\/wp-json\/wp\/v2\/users\/9"}],"replies":[{"embeddable":true,"href":"https:\/\/blogs.transparent.com\/portuguese\/wp-json\/wp\/v2\/comments?post=4290"}],"version-history":[{"count":7,"href":"https:\/\/blogs.transparent.com\/portuguese\/wp-json\/wp\/v2\/posts\/4290\/revisions"}],"predecessor-version":[{"id":5779,"href":"https:\/\/blogs.transparent.com\/portuguese\/wp-json\/wp\/v2\/posts\/4290\/revisions\/5779"}],"wp:featuredmedia":[{"embeddable":true,"href":"https:\/\/blogs.transparent.com\/portuguese\/wp-json\/wp\/v2\/media\/4295"}],"wp:attachment":[{"href":"https:\/\/blogs.transparent.com\/portuguese\/wp-json\/wp\/v2\/media?parent=4290"}],"wp:term":[{"taxonomy":"category","embeddable":true,"href":"https:\/\/blogs.transparent.com\/portuguese\/wp-json\/wp\/v2\/categories?post=4290"},{"taxonomy":"post_tag","embeddable":true,"href":"https:\/\/blogs.transparent.com\/portuguese\/wp-json\/wp\/v2\/tags?post=4290"}],"curies":[{"name":"wp","href":"https:\/\/api.w.org\/{rel}","templated":true}]}}