{"id":646,"date":"2009-09-21T09:05:46","date_gmt":"2009-09-21T13:05:46","guid":{"rendered":"https:\/\/blogs.transparent.com\/portuguese\/?p=616"},"modified":"2009-09-21T09:05:46","modified_gmt":"2009-09-21T13:05:46","slug":"lyrics-practice-elis-regina","status":"publish","type":"post","link":"https:\/\/blogs.transparent.com\/portuguese\/lyrics-practice-elis-regina\/","title":{"rendered":"Lyrics Practice: Elis Regina"},"content":{"rendered":"<p>Let&#8217;s kick off the week with a lovely little tune by Gilberto Gil, as sung by the classic singer Elis Regina. Follow along and see if you can keep up with the lyrics:<\/p>\n<p><a href=\"http:\/\/www.youtube.com\/watch?v=XgogzmeBmNs&#038;feature=player_embedded\">http:\/\/www.youtube.com\/watch?v=XgogzmeBmNs&amp;feature=player_embedded<\/a><\/p>\n<div id=\"div_letra\" style=\"height: 540px\">\n<p><em>Essa ladeira, que ladeira \u00e9 essa?<br \/>\nEssa \u00e9 a ladeira da pregui\u00e7a<br \/>\nEssa ladeira, que ladeira \u00e9 essa?<br \/>\nEssa \u00e9 a ladeira da pregui\u00e7a<\/em><\/p>\n<p><em>Pregui\u00e7a que eu tive sempre de escrever para a fam\u00edlia<br \/>\nE de mandar conta pra casa<br \/>\nQue esse mundo \u00e9 uma maravilha<br \/>\nE pra saber se a menina<br \/>\nJ\u00e1 conta as estrelas e sabe a segunda cartilha<br \/>\nE pra saber se o menino<br \/>\nJ\u00e1 canta cantigas e j\u00e1 n\u00e3o bota mais a m\u00e3o na baguilha<\/em><\/p>\n<p><em>E pra falar do mundo falo uma besteira<br \/>\nFomenteira \u00e9 uma ilha<br \/>\nOnde se chega de barco, m\u00e3e<br \/>\nQue nem l\u00e1, na ilha do medo<br \/>\nQue nem l\u00e1, na ilha do frade<br \/>\nQue nem l\u00e1, na ilha de mar\u00e9<br \/>\nQue nem l\u00e1, salina das margaridas<\/em><\/p>\n<p><em>Essa ladeira, que ladeira \u00e9 essa?<br \/>\nEssa \u00e9 a ladeira da pregui\u00e7a [Repeat]<\/em><\/p>\n<p><em>Pregui\u00e7a que eu tive sempre de escrever para a fam\u00edlia<br \/>\nE de mandar conta pra casa<br \/>\nQue esse mundo \u00e9 uma maravilha<br \/>\nE pra saber se a menina<br \/>\nJ\u00e1 conta as estrelas e sabe a segunda cartilha<br \/>\nE pra saber se o menino<br \/>\nJ\u00e1 canta cantigas e j\u00e1 n\u00e3o bota mais a m\u00e3o na baguilha<\/em><\/p>\n<p><em>E pra falar do mundo falo uma besteira<br \/>\nFomenteira \u00e9 uma ilha<br \/>\nOnde se chega de barco, m\u00e3e<br \/>\nQue nem l\u00e1, na ilha do medo<br \/>\nQue nem l\u00e1, na ilha do frade<br \/>\nQue nem l\u00e1, na ilha de mar\u00e9<br \/>\nQue nem l\u00e1, salina das margaridas<\/em><\/p>\n<p><em>Essa ladeira, que ladeira \u00e9 essa?<br \/>\nEssa \u00e9 a ladeira da pregui\u00e7a [Repeat]<\/em><\/p>\n<p><em>Ela \u00e9 de hoje<br \/>\nEla \u00e9 desde quando<br \/>\nSe amarrava cachorro com lingui\u00e7a<\/em><\/p>\n<\/div>\n<p><!--Session data--><\/p>\n","protected":false},"excerpt":{"rendered":"<p>Let&#8217;s kick off the week with a lovely little tune by Gilberto Gil, as sung by the classic singer Elis Regina. Follow along and see if you can keep up with the lyrics: Essa ladeira, que ladeira \u00e9 essa? Essa \u00e9 a ladeira da pregui\u00e7a Essa ladeira, que ladeira \u00e9 essa? Essa \u00e9 a ladeira&hellip;<\/p>\n<p class=\"post-item__readmore\"><a class=\"btn btn--md\" href=\"https:\/\/blogs.transparent.com\/portuguese\/lyrics-practice-elis-regina\/\">Continue Reading<\/a><\/p>","protected":false},"author":41,"featured_media":0,"comment_status":"open","ping_status":"open","sticky":false,"template":"","format":"standard","meta":{"content-type":""},"categories":[1851,108],"tags":[2094,2163,2277,379359,2489],"class_list":["post-646","post","type-post","status-publish","hentry","category-learning","category-music","tag-elis-regina","tag-gilberto-gil","tag-lyrics","tag-music","tag-samba"],"aioseo_notices":[],"aioseo_head":"\n\t\t<!-- All in One SEO 5.0.0.1 - aioseo.com -->\n\t<meta name=\"description\" content=\"Let&#039;s kick off the week with a lovely little tune by Gilberto Gil, as sung by the classic singer Elis Regina. Follow along and see if you can keep up with the lyrics: Essa ladeira, que ladeira \u00e9 essa? Essa \u00e9 a ladeira da pregui\u00e7a Essa ladeira, que ladeira \u00e9 essa? Essa \u00e9 a ladeira\" \/>\n\t<meta name=\"robots\" content=\"max-image-preview:large\" \/>\n\t<meta name=\"author\" content=\"Rachel\"\/>\n\t<meta name=\"keywords\" content=\"elis regina,gilberto gil,lyrics,music,samba\" \/>\n\t<link rel=\"canonical\" href=\"https:\/\/blogs.transparent.com\/portuguese\/lyrics-practice-elis-regina\/\" \/>\n\t<meta name=\"generator\" content=\"All in One SEO (AIOSEO) 5.0.0.1\" \/>\n\t\t<meta property=\"og:locale\" content=\"en_US\" \/>\n\t\t<meta property=\"og:site_name\" content=\"Portuguese Language Blog | Language and Culture of the Portuguese-Speaking World\" \/>\n\t\t<meta property=\"og:type\" content=\"article\" \/>\n\t\t<meta property=\"og:title\" content=\"Lyrics Practice: Elis Regina | Portuguese Language Blog\" \/>\n\t\t<meta property=\"og:description\" content=\"Let&#039;s kick off the week with a lovely little tune by Gilberto Gil, as sung by the classic singer Elis Regina. Follow along and see if you can keep up with the lyrics: Essa ladeira, que ladeira \u00e9 essa? Essa \u00e9 a ladeira da pregui\u00e7a Essa ladeira, que ladeira \u00e9 essa? Essa \u00e9 a ladeira\" \/>\n\t\t<meta property=\"og:url\" content=\"https:\/\/blogs.transparent.com\/portuguese\/lyrics-practice-elis-regina\/\" \/>\n\t\t<meta property=\"article:published_time\" content=\"2009-09-21T13:05:46+00:00\" \/>\n\t\t<meta property=\"article:modified_time\" content=\"2009-09-21T13:05:46+00:00\" \/>\n\t\t<meta name=\"twitter:card\" content=\"summary_large_image\" \/>\n\t\t<meta name=\"twitter:title\" content=\"Lyrics Practice: Elis Regina | Portuguese Language Blog\" \/>\n\t\t<meta name=\"twitter:description\" content=\"Let&#039;s kick off the week with a lovely little tune by Gilberto Gil, as sung by the classic singer Elis Regina. Follow along and see if you can keep up with the lyrics: Essa ladeira, que ladeira \u00e9 essa? Essa \u00e9 a ladeira da pregui\u00e7a Essa ladeira, que ladeira \u00e9 essa? Essa \u00e9 a ladeira\" \/>\n\t\t<script type=\"application\/ld+json\" class=\"aioseo-schema\">\n\t\t\t{\"@context\":\"https:\\\/\\\/schema.org\",\"@graph\":[{\"@type\":\"Article\",\"@id\":\"https:\\\/\\\/blogs.transparent.com\\\/portuguese\\\/lyrics-practice-elis-regina\\\/#article\",\"name\":\"Lyrics Practice: Elis Regina | Portuguese Language Blog\",\"headline\":\"Lyrics Practice: Elis Regina\",\"author\":{\"@id\":\"https:\\\/\\\/blogs.transparent.com\\\/portuguese\\\/author\\\/rachel\\\/#author\"},\"publisher\":{\"@id\":\"https:\\\/\\\/blogs.transparent.com\\\/portuguese\\\/#organization\"},\"datePublished\":\"2009-09-21T09:05:46+00:00\",\"dateModified\":\"2009-09-21T09:05:46+00:00\",\"inLanguage\":\"en-US\",\"mainEntityOfPage\":{\"@id\":\"https:\\\/\\\/blogs.transparent.com\\\/portuguese\\\/lyrics-practice-elis-regina\\\/#webpage\"},\"isPartOf\":{\"@id\":\"https:\\\/\\\/blogs.transparent.com\\\/portuguese\\\/lyrics-practice-elis-regina\\\/#webpage\"},\"articleSection\":\"Learning, Music, Elis Regina, Gilberto Gil, lyrics, Music, samba\"},{\"@type\":\"BreadcrumbList\",\"@id\":\"https:\\\/\\\/blogs.transparent.com\\\/portuguese\\\/lyrics-practice-elis-regina\\\/#breadcrumblist\",\"itemListElement\":[{\"@type\":\"ListItem\",\"@id\":\"https:\\\/\\\/blogs.transparent.com\\\/portuguese#listItem\",\"position\":1,\"name\":\"Home\",\"item\":\"https:\\\/\\\/blogs.transparent.com\\\/portuguese\",\"nextItem\":{\"@type\":\"ListItem\",\"@id\":\"https:\\\/\\\/blogs.transparent.com\\\/portuguese\\\/category\\\/culture\\\/#listItem\",\"name\":\"Culture\"}},{\"@type\":\"ListItem\",\"@id\":\"https:\\\/\\\/blogs.transparent.com\\\/portuguese\\\/category\\\/culture\\\/#listItem\",\"position\":2,\"name\":\"Culture\",\"item\":\"https:\\\/\\\/blogs.transparent.com\\\/portuguese\\\/category\\\/culture\\\/\",\"nextItem\":{\"@type\":\"ListItem\",\"@id\":\"https:\\\/\\\/blogs.transparent.com\\\/portuguese\\\/category\\\/culture\\\/music\\\/#listItem\",\"name\":\"Music\"},\"previousItem\":{\"@type\":\"ListItem\",\"@id\":\"https:\\\/\\\/blogs.transparent.com\\\/portuguese#listItem\",\"name\":\"Home\"}},{\"@type\":\"ListItem\",\"@id\":\"https:\\\/\\\/blogs.transparent.com\\\/portuguese\\\/category\\\/culture\\\/music\\\/#listItem\",\"position\":3,\"name\":\"Music\",\"item\":\"https:\\\/\\\/blogs.transparent.com\\\/portuguese\\\/category\\\/culture\\\/music\\\/\",\"nextItem\":{\"@type\":\"ListItem\",\"@id\":\"https:\\\/\\\/blogs.transparent.com\\\/portuguese\\\/lyrics-practice-elis-regina\\\/#listItem\",\"name\":\"Lyrics Practice: Elis Regina\"},\"previousItem\":{\"@type\":\"ListItem\",\"@id\":\"https:\\\/\\\/blogs.transparent.com\\\/portuguese\\\/category\\\/culture\\\/#listItem\",\"name\":\"Culture\"}},{\"@type\":\"ListItem\",\"@id\":\"https:\\\/\\\/blogs.transparent.com\\\/portuguese\\\/lyrics-practice-elis-regina\\\/#listItem\",\"position\":4,\"name\":\"Lyrics Practice: Elis Regina\",\"previousItem\":{\"@type\":\"ListItem\",\"@id\":\"https:\\\/\\\/blogs.transparent.com\\\/portuguese\\\/category\\\/culture\\\/music\\\/#listItem\",\"name\":\"Music\"}}]},{\"@type\":\"Organization\",\"@id\":\"https:\\\/\\\/blogs.transparent.com\\\/portuguese\\\/#organization\",\"name\":\"Portuguese Language Blog\",\"description\":\"Language and Culture of the Portuguese-Speaking World\",\"url\":\"https:\\\/\\\/blogs.transparent.com\\\/portuguese\\\/\"},{\"@type\":\"Person\",\"@id\":\"https:\\\/\\\/blogs.transparent.com\\\/portuguese\\\/author\\\/rachel\\\/#author\",\"url\":\"https:\\\/\\\/blogs.transparent.com\\\/portuguese\\\/author\\\/rachel\\\/\",\"name\":\"Rachel\",\"image\":{\"@type\":\"ImageObject\",\"@id\":\"https:\\\/\\\/blogs.transparent.com\\\/portuguese\\\/lyrics-practice-elis-regina\\\/#authorImage\",\"url\":\"https:\\\/\\\/secure.gravatar.com\\\/avatar\\\/f379c3886619e9fb4164923bfd24a0c5d73e63f74b9097b41e6663244f894859?s=96&d=mm&r=g\",\"width\":96,\"height\":96,\"caption\":\"Rachel\"}},{\"@type\":\"WebPage\",\"@id\":\"https:\\\/\\\/blogs.transparent.com\\\/portuguese\\\/lyrics-practice-elis-regina\\\/#webpage\",\"url\":\"https:\\\/\\\/blogs.transparent.com\\\/portuguese\\\/lyrics-practice-elis-regina\\\/\",\"name\":\"Lyrics Practice: Elis Regina | Portuguese Language Blog\",\"description\":\"Let's kick off the week with a lovely little tune by Gilberto Gil, as sung by the classic singer Elis Regina. Follow along and see if you can keep up with the lyrics: Essa ladeira, que ladeira \\u00e9 essa? Essa \\u00e9 a ladeira da pregui\\u00e7a Essa ladeira, que ladeira \\u00e9 essa? Essa \\u00e9 a ladeira\",\"inLanguage\":\"en-US\",\"isPartOf\":{\"@id\":\"https:\\\/\\\/blogs.transparent.com\\\/portuguese\\\/#website\"},\"breadcrumb\":{\"@id\":\"https:\\\/\\\/blogs.transparent.com\\\/portuguese\\\/lyrics-practice-elis-regina\\\/#breadcrumblist\"},\"author\":{\"@id\":\"https:\\\/\\\/blogs.transparent.com\\\/portuguese\\\/author\\\/rachel\\\/#author\"},\"creator\":{\"@id\":\"https:\\\/\\\/blogs.transparent.com\\\/portuguese\\\/author\\\/rachel\\\/#author\"},\"datePublished\":\"2009-09-21T09:05:46+00:00\",\"dateModified\":\"2009-09-21T09:05:46+00:00\"},{\"@type\":\"WebSite\",\"@id\":\"https:\\\/\\\/blogs.transparent.com\\\/portuguese\\\/#website\",\"url\":\"https:\\\/\\\/blogs.transparent.com\\\/portuguese\\\/\",\"name\":\"Portuguese Language Blog\",\"description\":\"Language and Culture of the Portuguese-Speaking World\",\"inLanguage\":\"en-US\",\"publisher\":{\"@id\":\"https:\\\/\\\/blogs.transparent.com\\\/portuguese\\\/#organization\"}}]}\n\t\t<\/script>\n\t\t<!-- All in One SEO -->\n\n","aioseo_head_json":{"title":"Lyrics Practice: Elis Regina | Portuguese Language Blog","description":"Let's kick off the week with a lovely little tune by Gilberto Gil, as sung by the classic singer Elis Regina. Follow along and see if you can keep up with the lyrics: Essa ladeira, que ladeira \u00e9 essa? Essa \u00e9 a ladeira da pregui\u00e7a Essa ladeira, que ladeira \u00e9 essa? Essa \u00e9 a ladeira","canonical_url":"https:\/\/blogs.transparent.com\/portuguese\/lyrics-practice-elis-regina\/","robots":"max-image-preview:large","keywords":"elis regina,gilberto gil,lyrics,music,samba","webmasterTools":{"miscellaneous":""},"schema":{"@context":"https:\/\/schema.org","@graph":[{"@type":"Article","@id":"https:\/\/blogs.transparent.com\/portuguese\/lyrics-practice-elis-regina\/#article","name":"Lyrics Practice: Elis Regina | Portuguese Language Blog","headline":"Lyrics Practice: Elis Regina","author":{"@id":"https:\/\/blogs.transparent.com\/portuguese\/author\/rachel\/#author"},"publisher":{"@id":"https:\/\/blogs.transparent.com\/portuguese\/#organization"},"datePublished":"2009-09-21T09:05:46+00:00","dateModified":"2009-09-21T09:05:46+00:00","inLanguage":"en-US","mainEntityOfPage":{"@id":"https:\/\/blogs.transparent.com\/portuguese\/lyrics-practice-elis-regina\/#webpage"},"isPartOf":{"@id":"https:\/\/blogs.transparent.com\/portuguese\/lyrics-practice-elis-regina\/#webpage"},"articleSection":"Learning, Music, Elis Regina, Gilberto Gil, lyrics, Music, samba"},{"@type":"BreadcrumbList","@id":"https:\/\/blogs.transparent.com\/portuguese\/lyrics-practice-elis-regina\/#breadcrumblist","itemListElement":[{"@type":"ListItem","@id":"https:\/\/blogs.transparent.com\/portuguese#listItem","position":1,"name":"Home","item":"https:\/\/blogs.transparent.com\/portuguese","nextItem":{"@type":"ListItem","@id":"https:\/\/blogs.transparent.com\/portuguese\/category\/culture\/#listItem","name":"Culture"}},{"@type":"ListItem","@id":"https:\/\/blogs.transparent.com\/portuguese\/category\/culture\/#listItem","position":2,"name":"Culture","item":"https:\/\/blogs.transparent.com\/portuguese\/category\/culture\/","nextItem":{"@type":"ListItem","@id":"https:\/\/blogs.transparent.com\/portuguese\/category\/culture\/music\/#listItem","name":"Music"},"previousItem":{"@type":"ListItem","@id":"https:\/\/blogs.transparent.com\/portuguese#listItem","name":"Home"}},{"@type":"ListItem","@id":"https:\/\/blogs.transparent.com\/portuguese\/category\/culture\/music\/#listItem","position":3,"name":"Music","item":"https:\/\/blogs.transparent.com\/portuguese\/category\/culture\/music\/","nextItem":{"@type":"ListItem","@id":"https:\/\/blogs.transparent.com\/portuguese\/lyrics-practice-elis-regina\/#listItem","name":"Lyrics Practice: Elis Regina"},"previousItem":{"@type":"ListItem","@id":"https:\/\/blogs.transparent.com\/portuguese\/category\/culture\/#listItem","name":"Culture"}},{"@type":"ListItem","@id":"https:\/\/blogs.transparent.com\/portuguese\/lyrics-practice-elis-regina\/#listItem","position":4,"name":"Lyrics Practice: Elis Regina","previousItem":{"@type":"ListItem","@id":"https:\/\/blogs.transparent.com\/portuguese\/category\/culture\/music\/#listItem","name":"Music"}}]},{"@type":"Organization","@id":"https:\/\/blogs.transparent.com\/portuguese\/#organization","name":"Portuguese Language Blog","description":"Language and Culture of the Portuguese-Speaking World","url":"https:\/\/blogs.transparent.com\/portuguese\/"},{"@type":"Person","@id":"https:\/\/blogs.transparent.com\/portuguese\/author\/rachel\/#author","url":"https:\/\/blogs.transparent.com\/portuguese\/author\/rachel\/","name":"Rachel","image":{"@type":"ImageObject","@id":"https:\/\/blogs.transparent.com\/portuguese\/lyrics-practice-elis-regina\/#authorImage","url":"https:\/\/secure.gravatar.com\/avatar\/f379c3886619e9fb4164923bfd24a0c5d73e63f74b9097b41e6663244f894859?s=96&d=mm&r=g","width":96,"height":96,"caption":"Rachel"}},{"@type":"WebPage","@id":"https:\/\/blogs.transparent.com\/portuguese\/lyrics-practice-elis-regina\/#webpage","url":"https:\/\/blogs.transparent.com\/portuguese\/lyrics-practice-elis-regina\/","name":"Lyrics Practice: Elis Regina | Portuguese Language Blog","description":"Let's kick off the week with a lovely little tune by Gilberto Gil, as sung by the classic singer Elis Regina. Follow along and see if you can keep up with the lyrics: Essa ladeira, que ladeira \u00e9 essa? Essa \u00e9 a ladeira da pregui\u00e7a Essa ladeira, que ladeira \u00e9 essa? Essa \u00e9 a ladeira","inLanguage":"en-US","isPartOf":{"@id":"https:\/\/blogs.transparent.com\/portuguese\/#website"},"breadcrumb":{"@id":"https:\/\/blogs.transparent.com\/portuguese\/lyrics-practice-elis-regina\/#breadcrumblist"},"author":{"@id":"https:\/\/blogs.transparent.com\/portuguese\/author\/rachel\/#author"},"creator":{"@id":"https:\/\/blogs.transparent.com\/portuguese\/author\/rachel\/#author"},"datePublished":"2009-09-21T09:05:46+00:00","dateModified":"2009-09-21T09:05:46+00:00"},{"@type":"WebSite","@id":"https:\/\/blogs.transparent.com\/portuguese\/#website","url":"https:\/\/blogs.transparent.com\/portuguese\/","name":"Portuguese Language Blog","description":"Language and Culture of the Portuguese-Speaking World","inLanguage":"en-US","publisher":{"@id":"https:\/\/blogs.transparent.com\/portuguese\/#organization"}}]},"og:locale":"en_US","og:site_name":"Portuguese Language Blog | Language and Culture of the Portuguese-Speaking World","og:type":"article","og:title":"Lyrics Practice: Elis Regina | Portuguese Language Blog","og:description":"Let's kick off the week with a lovely little tune by Gilberto Gil, as sung by the classic singer Elis Regina. Follow along and see if you can keep up with the lyrics: Essa ladeira, que ladeira \u00e9 essa? Essa \u00e9 a ladeira da pregui\u00e7a Essa ladeira, que ladeira \u00e9 essa? Essa \u00e9 a ladeira","og:url":"https:\/\/blogs.transparent.com\/portuguese\/lyrics-practice-elis-regina\/","article:published_time":"2009-09-21T13:05:46+00:00","article:modified_time":"2009-09-21T13:05:46+00:00","twitter:card":"summary_large_image","twitter:title":"Lyrics Practice: Elis Regina | Portuguese Language Blog","twitter:description":"Let's kick off the week with a lovely little tune by Gilberto Gil, as sung by the classic singer Elis Regina. Follow along and see if you can keep up with the lyrics: Essa ladeira, que ladeira \u00e9 essa? Essa \u00e9 a ladeira da pregui\u00e7a Essa ladeira, que ladeira \u00e9 essa? Essa \u00e9 a ladeira"},"aioseo_meta_data":{"post_id":"646","title":null,"description":null,"keywords":null,"keyphrases":null,"primary_term":null,"canonical_url":null,"og_title":null,"og_description":null,"og_object_type":"default","og_image_type":"default","og_image_url":null,"og_image_width":null,"og_image_height":null,"og_image_custom_url":null,"og_image_custom_fields":null,"og_video":null,"og_custom_url":null,"og_article_section":null,"og_article_tags":null,"twitter_use_og":false,"twitter_card":"default","twitter_image_type":"default","twitter_image_url":null,"twitter_image_custom_url":null,"twitter_image_custom_fields":null,"twitter_title":null,"twitter_description":null,"schema":{"blockGraphs":[],"customGraphs":[],"default":{"data":{"Article":[],"Course":[],"Dataset":[],"FAQPage":[],"Movie":[],"Person":[],"Product":[],"ProductReview":[],"Car":[],"Recipe":[],"Service":[],"SoftwareApplication":[],"WebPage":[]},"graphName":"Article","isEnabled":true},"graphs":[]},"schema_type":null,"schema_type_options":null,"pillar_content":false,"robots_default":true,"robots_noindex":false,"robots_noarchive":false,"robots_nosnippet":false,"robots_nofollow":false,"robots_noimageindex":false,"robots_noodp":false,"robots_notranslate":false,"robots_max_snippet":null,"robots_max_videopreview":null,"robots_max_imagepreview":"large","priority":null,"frequency":null,"location":null,"local_seo":null,"breadcrumb_settings":null,"limit_modified_date":false,"ai":null,"created":"2020-12-21 16:15:06","updated":"2025-07-09 17:55:30","focus_keyword":null,"additional_keywords":null,"truseo_locale":null,"seo_analyzer_scan_date":null},"_links":{"self":[{"href":"https:\/\/blogs.transparent.com\/portuguese\/wp-json\/wp\/v2\/posts\/646","targetHints":{"allow":["GET"]}}],"collection":[{"href":"https:\/\/blogs.transparent.com\/portuguese\/wp-json\/wp\/v2\/posts"}],"about":[{"href":"https:\/\/blogs.transparent.com\/portuguese\/wp-json\/wp\/v2\/types\/post"}],"author":[{"embeddable":true,"href":"https:\/\/blogs.transparent.com\/portuguese\/wp-json\/wp\/v2\/users\/41"}],"replies":[{"embeddable":true,"href":"https:\/\/blogs.transparent.com\/portuguese\/wp-json\/wp\/v2\/comments?post=646"}],"version-history":[{"count":0,"href":"https:\/\/blogs.transparent.com\/portuguese\/wp-json\/wp\/v2\/posts\/646\/revisions"}],"wp:attachment":[{"href":"https:\/\/blogs.transparent.com\/portuguese\/wp-json\/wp\/v2\/media?parent=646"}],"wp:term":[{"taxonomy":"category","embeddable":true,"href":"https:\/\/blogs.transparent.com\/portuguese\/wp-json\/wp\/v2\/categories?post=646"},{"taxonomy":"post_tag","embeddable":true,"href":"https:\/\/blogs.transparent.com\/portuguese\/wp-json\/wp\/v2\/tags?post=646"}],"curies":[{"name":"wp","href":"https:\/\/api.w.org\/{rel}","templated":true}]}}