{"id":675,"date":"2009-10-28T09:00:20","date_gmt":"2009-10-28T13:00:20","guid":{"rendered":"https:\/\/blogs.transparent.com\/portuguese\/?p=645"},"modified":"2009-10-28T09:00:20","modified_gmt":"2009-10-28T13:00:20","slug":"brazilian-indigenous-art-exposition-in-new-york","status":"publish","type":"post","link":"https:\/\/blogs.transparent.com\/portuguese\/brazilian-indigenous-art-exposition-in-new-york\/","title":{"rendered":"Brazilian Indigenous Art Exposition in New York"},"content":{"rendered":"<p>For all of you in New York and in the U.S. Northeast, be sure to check out the exhibit sponsored by the <a href=\"http:\/\/www.slpdaonu.org\/3.html\" target=\"_blank\">Sociedade da L\u00edngua Portuguesa da Organiza\u00e7\u00e3o         das Na\u00e7\u00f5es Unidas<\/a> (UNSRC), known in English as the UN Portuguese Language Society.<\/p>\n<p>The UNSRC will host an exhibit featuring one hundred pieces by eight indigenous artists from the Amazon. The artists come from a variety of tribes, including the Tukano, Wanano and Kokoma tribes. Check out some of the pieces <a href=\"http:\/\/www.globoamazonia.com\/Amazonia\/0,,MUL1356537-16052,00-INDIGENAS+EXPOEM+ARTE+AMAZONICA+NA+SEDE+DA+ONU+EM+NOVA+YORK.html\" target=\"_blank\">here<\/a>.<\/p>\n<p>The exhibition will take place from October 26 through November 6th at the UN, located at 2 United Nations Plaza in Manhattan.<\/p>\n","protected":false},"excerpt":{"rendered":"<p>For all of you in New York and in the U.S. Northeast, be sure to check out the exhibit sponsored by the Sociedade da L\u00edngua Portuguesa da Organiza\u00e7\u00e3o das Na\u00e7\u00f5es Unidas (UNSRC), known in English as the UN Portuguese Language Society. The UNSRC will host an exhibit featuring one hundred pieces by eight indigenous artists&hellip;<\/p>\n<p class=\"post-item__readmore\"><a class=\"btn btn--md\" href=\"https:\/\/blogs.transparent.com\/portuguese\/brazilian-indigenous-art-exposition-in-new-york\/\">Continue Reading<\/a><\/p>","protected":false},"author":41,"featured_media":0,"comment_status":"open","ping_status":"open","sticky":false,"template":"","format":"standard","meta":{"content-type":""},"categories":[3],"tags":[1891,21,1949,2214,2341,2593],"class_list":["post-675","post","type-post","status-publish","hentry","category-culture","tag-amazon","tag-art","tag-brazil","tag-indigenous","tag-new-york","tag-tribe"],"aioseo_notices":[],"aioseo_head":"\n\t\t<!-- All in One SEO 5.0.0.1 - aioseo.com -->\n\t<meta name=\"description\" content=\"For all of you in New York and in the U.S. Northeast, be sure to check out the exhibit sponsored by the Sociedade da L\u00edngua Portuguesa da Organiza\u00e7\u00e3o das Na\u00e7\u00f5es Unidas (UNSRC), known in English as the UN Portuguese Language Society. The UNSRC will host an exhibit featuring one hundred pieces by eight indigenous artists\" \/>\n\t<meta name=\"robots\" content=\"max-image-preview:large\" \/>\n\t<meta name=\"author\" content=\"Rachel\"\/>\n\t<meta name=\"keywords\" content=\"amazon,art,brazil,indigenous,new york,tribe\" \/>\n\t<link rel=\"canonical\" href=\"https:\/\/blogs.transparent.com\/portuguese\/brazilian-indigenous-art-exposition-in-new-york\/\" \/>\n\t<meta name=\"generator\" content=\"All in One SEO (AIOSEO) 5.0.0.1\" \/>\n\t\t<meta property=\"og:locale\" content=\"en_US\" \/>\n\t\t<meta property=\"og:site_name\" content=\"Portuguese Language Blog | Language and Culture of the Portuguese-Speaking World\" \/>\n\t\t<meta property=\"og:type\" content=\"article\" \/>\n\t\t<meta property=\"og:title\" content=\"Brazilian Indigenous Art Exposition in New York | Portuguese Language Blog\" \/>\n\t\t<meta property=\"og:description\" content=\"For all of you in New York and in the U.S. Northeast, be sure to check out the exhibit sponsored by the Sociedade da L\u00edngua Portuguesa da Organiza\u00e7\u00e3o das Na\u00e7\u00f5es Unidas (UNSRC), known in English as the UN Portuguese Language Society. The UNSRC will host an exhibit featuring one hundred pieces by eight indigenous artists\" \/>\n\t\t<meta property=\"og:url\" content=\"https:\/\/blogs.transparent.com\/portuguese\/brazilian-indigenous-art-exposition-in-new-york\/\" \/>\n\t\t<meta property=\"article:published_time\" content=\"2009-10-28T13:00:20+00:00\" \/>\n\t\t<meta property=\"article:modified_time\" content=\"2009-10-28T13:00:20+00:00\" \/>\n\t\t<meta name=\"twitter:card\" content=\"summary_large_image\" \/>\n\t\t<meta name=\"twitter:title\" content=\"Brazilian Indigenous Art Exposition in New York | Portuguese Language Blog\" \/>\n\t\t<meta name=\"twitter:description\" content=\"For all of you in New York and in the U.S. Northeast, be sure to check out the exhibit sponsored by the Sociedade da L\u00edngua Portuguesa da Organiza\u00e7\u00e3o das Na\u00e7\u00f5es Unidas (UNSRC), known in English as the UN Portuguese Language Society. The UNSRC will host an exhibit featuring one hundred pieces by eight indigenous artists\" \/>\n\t\t<script type=\"application\/ld+json\" class=\"aioseo-schema\">\n\t\t\t{\"@context\":\"https:\\\/\\\/schema.org\",\"@graph\":[{\"@type\":\"Article\",\"@id\":\"https:\\\/\\\/blogs.transparent.com\\\/portuguese\\\/brazilian-indigenous-art-exposition-in-new-york\\\/#article\",\"name\":\"Brazilian Indigenous Art Exposition in New York | Portuguese Language Blog\",\"headline\":\"Brazilian Indigenous Art Exposition in New York\",\"author\":{\"@id\":\"https:\\\/\\\/blogs.transparent.com\\\/portuguese\\\/author\\\/rachel\\\/#author\"},\"publisher\":{\"@id\":\"https:\\\/\\\/blogs.transparent.com\\\/portuguese\\\/#organization\"},\"datePublished\":\"2009-10-28T09:00:20+00:00\",\"dateModified\":\"2009-10-28T09:00:20+00:00\",\"inLanguage\":\"en-US\",\"mainEntityOfPage\":{\"@id\":\"https:\\\/\\\/blogs.transparent.com\\\/portuguese\\\/brazilian-indigenous-art-exposition-in-new-york\\\/#webpage\"},\"isPartOf\":{\"@id\":\"https:\\\/\\\/blogs.transparent.com\\\/portuguese\\\/brazilian-indigenous-art-exposition-in-new-york\\\/#webpage\"},\"articleSection\":\"Culture, Amazon, art, Brazil, indigenous, New York, tribe\"},{\"@type\":\"BreadcrumbList\",\"@id\":\"https:\\\/\\\/blogs.transparent.com\\\/portuguese\\\/brazilian-indigenous-art-exposition-in-new-york\\\/#breadcrumblist\",\"itemListElement\":[{\"@type\":\"ListItem\",\"@id\":\"https:\\\/\\\/blogs.transparent.com\\\/portuguese#listItem\",\"position\":1,\"name\":\"Home\",\"item\":\"https:\\\/\\\/blogs.transparent.com\\\/portuguese\",\"nextItem\":{\"@type\":\"ListItem\",\"@id\":\"https:\\\/\\\/blogs.transparent.com\\\/portuguese\\\/category\\\/culture\\\/#listItem\",\"name\":\"Culture\"}},{\"@type\":\"ListItem\",\"@id\":\"https:\\\/\\\/blogs.transparent.com\\\/portuguese\\\/category\\\/culture\\\/#listItem\",\"position\":2,\"name\":\"Culture\",\"item\":\"https:\\\/\\\/blogs.transparent.com\\\/portuguese\\\/category\\\/culture\\\/\",\"nextItem\":{\"@type\":\"ListItem\",\"@id\":\"https:\\\/\\\/blogs.transparent.com\\\/portuguese\\\/brazilian-indigenous-art-exposition-in-new-york\\\/#listItem\",\"name\":\"Brazilian Indigenous Art Exposition in New York\"},\"previousItem\":{\"@type\":\"ListItem\",\"@id\":\"https:\\\/\\\/blogs.transparent.com\\\/portuguese#listItem\",\"name\":\"Home\"}},{\"@type\":\"ListItem\",\"@id\":\"https:\\\/\\\/blogs.transparent.com\\\/portuguese\\\/brazilian-indigenous-art-exposition-in-new-york\\\/#listItem\",\"position\":3,\"name\":\"Brazilian Indigenous Art Exposition in New York\",\"previousItem\":{\"@type\":\"ListItem\",\"@id\":\"https:\\\/\\\/blogs.transparent.com\\\/portuguese\\\/category\\\/culture\\\/#listItem\",\"name\":\"Culture\"}}]},{\"@type\":\"Organization\",\"@id\":\"https:\\\/\\\/blogs.transparent.com\\\/portuguese\\\/#organization\",\"name\":\"Portuguese Language Blog\",\"description\":\"Language and Culture of the Portuguese-Speaking World\",\"url\":\"https:\\\/\\\/blogs.transparent.com\\\/portuguese\\\/\"},{\"@type\":\"Person\",\"@id\":\"https:\\\/\\\/blogs.transparent.com\\\/portuguese\\\/author\\\/rachel\\\/#author\",\"url\":\"https:\\\/\\\/blogs.transparent.com\\\/portuguese\\\/author\\\/rachel\\\/\",\"name\":\"Rachel\",\"image\":{\"@type\":\"ImageObject\",\"@id\":\"https:\\\/\\\/blogs.transparent.com\\\/portuguese\\\/brazilian-indigenous-art-exposition-in-new-york\\\/#authorImage\",\"url\":\"https:\\\/\\\/secure.gravatar.com\\\/avatar\\\/f379c3886619e9fb4164923bfd24a0c5d73e63f74b9097b41e6663244f894859?s=96&d=mm&r=g\",\"width\":96,\"height\":96,\"caption\":\"Rachel\"}},{\"@type\":\"WebPage\",\"@id\":\"https:\\\/\\\/blogs.transparent.com\\\/portuguese\\\/brazilian-indigenous-art-exposition-in-new-york\\\/#webpage\",\"url\":\"https:\\\/\\\/blogs.transparent.com\\\/portuguese\\\/brazilian-indigenous-art-exposition-in-new-york\\\/\",\"name\":\"Brazilian Indigenous Art Exposition in New York | Portuguese Language Blog\",\"description\":\"For all of you in New York and in the U.S. Northeast, be sure to check out the exhibit sponsored by the Sociedade da L\\u00edngua Portuguesa da Organiza\\u00e7\\u00e3o das Na\\u00e7\\u00f5es Unidas (UNSRC), known in English as the UN Portuguese Language Society. The UNSRC will host an exhibit featuring one hundred pieces by eight indigenous artists\",\"inLanguage\":\"en-US\",\"isPartOf\":{\"@id\":\"https:\\\/\\\/blogs.transparent.com\\\/portuguese\\\/#website\"},\"breadcrumb\":{\"@id\":\"https:\\\/\\\/blogs.transparent.com\\\/portuguese\\\/brazilian-indigenous-art-exposition-in-new-york\\\/#breadcrumblist\"},\"author\":{\"@id\":\"https:\\\/\\\/blogs.transparent.com\\\/portuguese\\\/author\\\/rachel\\\/#author\"},\"creator\":{\"@id\":\"https:\\\/\\\/blogs.transparent.com\\\/portuguese\\\/author\\\/rachel\\\/#author\"},\"datePublished\":\"2009-10-28T09:00:20+00:00\",\"dateModified\":\"2009-10-28T09:00:20+00:00\"},{\"@type\":\"WebSite\",\"@id\":\"https:\\\/\\\/blogs.transparent.com\\\/portuguese\\\/#website\",\"url\":\"https:\\\/\\\/blogs.transparent.com\\\/portuguese\\\/\",\"name\":\"Portuguese Language Blog\",\"description\":\"Language and Culture of the Portuguese-Speaking World\",\"inLanguage\":\"en-US\",\"publisher\":{\"@id\":\"https:\\\/\\\/blogs.transparent.com\\\/portuguese\\\/#organization\"}}]}\n\t\t<\/script>\n\t\t<!-- All in One SEO -->\n\n","aioseo_head_json":{"title":"Brazilian Indigenous Art Exposition in New York | Portuguese Language Blog","description":"For all of you in New York and in the U.S. Northeast, be sure to check out the exhibit sponsored by the Sociedade da L\u00edngua Portuguesa da Organiza\u00e7\u00e3o das Na\u00e7\u00f5es Unidas (UNSRC), known in English as the UN Portuguese Language Society. The UNSRC will host an exhibit featuring one hundred pieces by eight indigenous artists","canonical_url":"https:\/\/blogs.transparent.com\/portuguese\/brazilian-indigenous-art-exposition-in-new-york\/","robots":"max-image-preview:large","keywords":"amazon,art,brazil,indigenous,new york,tribe","webmasterTools":{"miscellaneous":""},"schema":{"@context":"https:\/\/schema.org","@graph":[{"@type":"Article","@id":"https:\/\/blogs.transparent.com\/portuguese\/brazilian-indigenous-art-exposition-in-new-york\/#article","name":"Brazilian Indigenous Art Exposition in New York | Portuguese Language Blog","headline":"Brazilian Indigenous Art Exposition in New York","author":{"@id":"https:\/\/blogs.transparent.com\/portuguese\/author\/rachel\/#author"},"publisher":{"@id":"https:\/\/blogs.transparent.com\/portuguese\/#organization"},"datePublished":"2009-10-28T09:00:20+00:00","dateModified":"2009-10-28T09:00:20+00:00","inLanguage":"en-US","mainEntityOfPage":{"@id":"https:\/\/blogs.transparent.com\/portuguese\/brazilian-indigenous-art-exposition-in-new-york\/#webpage"},"isPartOf":{"@id":"https:\/\/blogs.transparent.com\/portuguese\/brazilian-indigenous-art-exposition-in-new-york\/#webpage"},"articleSection":"Culture, Amazon, art, Brazil, indigenous, New York, tribe"},{"@type":"BreadcrumbList","@id":"https:\/\/blogs.transparent.com\/portuguese\/brazilian-indigenous-art-exposition-in-new-york\/#breadcrumblist","itemListElement":[{"@type":"ListItem","@id":"https:\/\/blogs.transparent.com\/portuguese#listItem","position":1,"name":"Home","item":"https:\/\/blogs.transparent.com\/portuguese","nextItem":{"@type":"ListItem","@id":"https:\/\/blogs.transparent.com\/portuguese\/category\/culture\/#listItem","name":"Culture"}},{"@type":"ListItem","@id":"https:\/\/blogs.transparent.com\/portuguese\/category\/culture\/#listItem","position":2,"name":"Culture","item":"https:\/\/blogs.transparent.com\/portuguese\/category\/culture\/","nextItem":{"@type":"ListItem","@id":"https:\/\/blogs.transparent.com\/portuguese\/brazilian-indigenous-art-exposition-in-new-york\/#listItem","name":"Brazilian Indigenous Art Exposition in New York"},"previousItem":{"@type":"ListItem","@id":"https:\/\/blogs.transparent.com\/portuguese#listItem","name":"Home"}},{"@type":"ListItem","@id":"https:\/\/blogs.transparent.com\/portuguese\/brazilian-indigenous-art-exposition-in-new-york\/#listItem","position":3,"name":"Brazilian Indigenous Art Exposition in New York","previousItem":{"@type":"ListItem","@id":"https:\/\/blogs.transparent.com\/portuguese\/category\/culture\/#listItem","name":"Culture"}}]},{"@type":"Organization","@id":"https:\/\/blogs.transparent.com\/portuguese\/#organization","name":"Portuguese Language Blog","description":"Language and Culture of the Portuguese-Speaking World","url":"https:\/\/blogs.transparent.com\/portuguese\/"},{"@type":"Person","@id":"https:\/\/blogs.transparent.com\/portuguese\/author\/rachel\/#author","url":"https:\/\/blogs.transparent.com\/portuguese\/author\/rachel\/","name":"Rachel","image":{"@type":"ImageObject","@id":"https:\/\/blogs.transparent.com\/portuguese\/brazilian-indigenous-art-exposition-in-new-york\/#authorImage","url":"https:\/\/secure.gravatar.com\/avatar\/f379c3886619e9fb4164923bfd24a0c5d73e63f74b9097b41e6663244f894859?s=96&d=mm&r=g","width":96,"height":96,"caption":"Rachel"}},{"@type":"WebPage","@id":"https:\/\/blogs.transparent.com\/portuguese\/brazilian-indigenous-art-exposition-in-new-york\/#webpage","url":"https:\/\/blogs.transparent.com\/portuguese\/brazilian-indigenous-art-exposition-in-new-york\/","name":"Brazilian Indigenous Art Exposition in New York | Portuguese Language Blog","description":"For all of you in New York and in the U.S. Northeast, be sure to check out the exhibit sponsored by the Sociedade da L\u00edngua Portuguesa da Organiza\u00e7\u00e3o das Na\u00e7\u00f5es Unidas (UNSRC), known in English as the UN Portuguese Language Society. The UNSRC will host an exhibit featuring one hundred pieces by eight indigenous artists","inLanguage":"en-US","isPartOf":{"@id":"https:\/\/blogs.transparent.com\/portuguese\/#website"},"breadcrumb":{"@id":"https:\/\/blogs.transparent.com\/portuguese\/brazilian-indigenous-art-exposition-in-new-york\/#breadcrumblist"},"author":{"@id":"https:\/\/blogs.transparent.com\/portuguese\/author\/rachel\/#author"},"creator":{"@id":"https:\/\/blogs.transparent.com\/portuguese\/author\/rachel\/#author"},"datePublished":"2009-10-28T09:00:20+00:00","dateModified":"2009-10-28T09:00:20+00:00"},{"@type":"WebSite","@id":"https:\/\/blogs.transparent.com\/portuguese\/#website","url":"https:\/\/blogs.transparent.com\/portuguese\/","name":"Portuguese Language Blog","description":"Language and Culture of the Portuguese-Speaking World","inLanguage":"en-US","publisher":{"@id":"https:\/\/blogs.transparent.com\/portuguese\/#organization"}}]},"og:locale":"en_US","og:site_name":"Portuguese Language Blog | Language and Culture of the Portuguese-Speaking World","og:type":"article","og:title":"Brazilian Indigenous Art Exposition in New York | Portuguese Language Blog","og:description":"For all of you in New York and in the U.S. Northeast, be sure to check out the exhibit sponsored by the Sociedade da L\u00edngua Portuguesa da Organiza\u00e7\u00e3o das Na\u00e7\u00f5es Unidas (UNSRC), known in English as the UN Portuguese Language Society. The UNSRC will host an exhibit featuring one hundred pieces by eight indigenous artists","og:url":"https:\/\/blogs.transparent.com\/portuguese\/brazilian-indigenous-art-exposition-in-new-york\/","article:published_time":"2009-10-28T13:00:20+00:00","article:modified_time":"2009-10-28T13:00:20+00:00","twitter:card":"summary_large_image","twitter:title":"Brazilian Indigenous Art Exposition in New York | Portuguese Language Blog","twitter:description":"For all of you in New York and in the U.S. Northeast, be sure to check out the exhibit sponsored by the Sociedade da L\u00edngua Portuguesa da Organiza\u00e7\u00e3o das Na\u00e7\u00f5es Unidas (UNSRC), known in English as the UN Portuguese Language Society. The UNSRC will host an exhibit featuring one hundred pieces by eight indigenous artists"},"aioseo_meta_data":{"post_id":"675","title":null,"description":null,"keywords":null,"keyphrases":null,"primary_term":null,"canonical_url":null,"og_title":null,"og_description":null,"og_object_type":"default","og_image_type":"default","og_image_url":null,"og_image_width":null,"og_image_height":null,"og_image_custom_url":null,"og_image_custom_fields":null,"og_video":null,"og_custom_url":null,"og_article_section":null,"og_article_tags":null,"twitter_use_og":false,"twitter_card":"default","twitter_image_type":"default","twitter_image_url":null,"twitter_image_custom_url":null,"twitter_image_custom_fields":null,"twitter_title":null,"twitter_description":null,"schema":{"blockGraphs":[],"customGraphs":[],"default":{"data":{"Article":[],"Course":[],"Dataset":[],"FAQPage":[],"Movie":[],"Person":[],"Product":[],"ProductReview":[],"Car":[],"Recipe":[],"Service":[],"SoftwareApplication":[],"WebPage":[]},"graphName":"Article","isEnabled":true},"graphs":[]},"schema_type":null,"schema_type_options":null,"pillar_content":false,"robots_default":true,"robots_noindex":false,"robots_noarchive":false,"robots_nosnippet":false,"robots_nofollow":false,"robots_noimageindex":false,"robots_noodp":false,"robots_notranslate":false,"robots_max_snippet":null,"robots_max_videopreview":null,"robots_max_imagepreview":"large","priority":null,"frequency":null,"location":null,"local_seo":null,"breadcrumb_settings":null,"limit_modified_date":false,"ai":null,"created":"2020-12-21 16:16:34","updated":"2025-07-10 10:44:27","focus_keyword":null,"additional_keywords":null,"truseo_locale":null,"seo_analyzer_scan_date":null},"_links":{"self":[{"href":"https:\/\/blogs.transparent.com\/portuguese\/wp-json\/wp\/v2\/posts\/675","targetHints":{"allow":["GET"]}}],"collection":[{"href":"https:\/\/blogs.transparent.com\/portuguese\/wp-json\/wp\/v2\/posts"}],"about":[{"href":"https:\/\/blogs.transparent.com\/portuguese\/wp-json\/wp\/v2\/types\/post"}],"author":[{"embeddable":true,"href":"https:\/\/blogs.transparent.com\/portuguese\/wp-json\/wp\/v2\/users\/41"}],"replies":[{"embeddable":true,"href":"https:\/\/blogs.transparent.com\/portuguese\/wp-json\/wp\/v2\/comments?post=675"}],"version-history":[{"count":0,"href":"https:\/\/blogs.transparent.com\/portuguese\/wp-json\/wp\/v2\/posts\/675\/revisions"}],"wp:attachment":[{"href":"https:\/\/blogs.transparent.com\/portuguese\/wp-json\/wp\/v2\/media?parent=675"}],"wp:term":[{"taxonomy":"category","embeddable":true,"href":"https:\/\/blogs.transparent.com\/portuguese\/wp-json\/wp\/v2\/categories?post=675"},{"taxonomy":"post_tag","embeddable":true,"href":"https:\/\/blogs.transparent.com\/portuguese\/wp-json\/wp\/v2\/tags?post=675"}],"curies":[{"name":"wp","href":"https:\/\/api.w.org\/{rel}","templated":true}]}}