{"id":9488,"date":"2021-10-22T09:28:16","date_gmt":"2021-10-22T09:28:16","guid":{"rendered":"https:\/\/blogs.transparent.com\/portuguese\/?p=9488"},"modified":"2021-10-27T09:33:40","modified_gmt":"2021-10-27T09:33:40","slug":"being-pregnant-in-portuguese","status":"publish","type":"post","link":"https:\/\/blogs.transparent.com\/portuguese\/being-pregnant-in-portuguese\/","title":{"rendered":"Being pregnant in Portuguese"},"content":{"rendered":"<p><span style=\"font-weight: 400\">Bom dia, amigos e amigas! Good morning! Last week, on October 12th, Brazilians got a break to observe o <em>Dia de Nossa Senhora Aparecida (Our Lady of Aparecida day)<\/em>, a <em>feriado<\/em> (public holiday) in the country. She is considered to be the official <em>padroeira<\/em> (patroness) of Brazil. Most importantly, her day is regarded as <em>Dia das Crian\u00e7as<\/em> (Children&#8217;s Day)! Unlike most countries, who commonly celebrate it in June, Brazil devotes the month of <em>Outubro<\/em> to the little ones. And with them in mind, today&#8217;s post will go over a beautiful and special moment in our lives: the process of getting pregnant and the birth of a baby. So we have a look at some typical phrases and terms to describe this one of a kind moment, from the <\/span>descoberta da gesta\u00e7\u00e3o de uma nova vida (find out about generating a new life) to certain <em>procedimentos m\u00e9dicos<\/em> (medical procedures). <em>Venham comigo!<\/em><\/p>\n<div id=\"attachment_9490\" style=\"width: 503px\" class=\"wp-caption alignright post-item__attachment\"><img loading=\"lazy\" decoding=\"async\" aria-describedby=\"caption-attachment-9490\" class=\" wp-image-9490\" src=\"https:\/\/blogs.transparent.com\/portuguese\/wp-content\/uploads\/sites\/13\/2021\/10\/pregnant-g331b5d855_640.jpg\" alt=\"\" width=\"493\" height=\"329\" srcset=\"https:\/\/blogs.transparent.com\/portuguese\/wp-content\/uploads\/sites\/13\/2021\/10\/pregnant-g331b5d855_640.jpg 640w, https:\/\/blogs.transparent.com\/portuguese\/wp-content\/uploads\/sites\/13\/2021\/10\/pregnant-g331b5d855_640-350x234.jpg 350w\" sizes=\"auto, (max-width: 493px) 100vw, 493px\" \/><p id=\"caption-attachment-9490\" class=\"wp-caption-text\">Falando sobre gravidez em portugu\u00eas (Image by Marjon Besteman from Pixabay)<\/p><\/div>\n<h2 style=\"text-align: center\"><strong style=\"font-size: 16px\">beb\u00ea, nen\u00e9m<\/strong><strong>\u00a0|\u00a0<\/strong><em><strong style=\"font-size: 16px\">baby<\/strong><\/em><\/h2>\n<ul>\n<li><span style=\"font-weight: 400\">Jo\u00e3o e Marta decidiram tentar ter um<strong>\u00a0beb\u00ea<\/strong>\u00a0|\u00a0<\/span><em>John and Mary decided to try for a\u00a0<strong>baby.<\/strong><\/em><\/li>\n<li><span style=\"font-weight: 400\">O casal fez um ultrassom para descobrir o sexo do\u00a0<strong>beb\u00ea<\/strong>\u00a0|\u00a0<\/span><em>The couple had an ultrasound to find about about the sex of the<strong>\u00a0baby.<\/strong><\/em><\/li>\n<\/ul>\n<h3 style=\"text-align: center\"><strong style=\"font-size: 16px\">menstrua\u00e7\u00e3o atrasada<\/strong><strong>\u00a0|\u00a0<\/strong><em><strong style=\"font-size: 16px\">to miss a period, to be late<\/strong><\/em><\/h3>\n<ul>\n<li><span style=\"font-weight: 400\">No m\u00eas passado,\u00a0<strong>a menstrua\u00e7\u00e3o de Carla atrasou<\/strong>\u00a0|\u00a0<\/span><em>Last month, Carla\u00a0<strong>missed her period.<\/strong><\/em><\/li>\n<li><strong>Minha menstrua\u00e7\u00e3o\u00a0est\u00e1<\/strong>duas semanas\u00a0<strong>atrasada<\/strong>, ent\u00e3o decidi fazer um teste de gravidez\u00a0|\u00a0<em><strong>I&#8217;m<\/strong>\u00a0two weeks<strong>\u00a0late<\/strong>, so I decided to take a pregnancy test<\/em><\/li>\n<\/ul>\n<h3 style=\"text-align: center\"><strong style=\"font-size: 16px\">gravidez, gr\u00e1vida<\/strong><strong>\u00a0|\u00a0<\/strong><em><strong style=\"font-size: 16px\">pregnancy, pregnant<\/strong><\/em><\/h3>\n<ul>\n<li><span style=\"font-weight: 400\">Joana n\u00e3o estava esperando que o teste de\u00a0<strong>gravidez<\/strong>\u00a0desse negativo\u00a0|\u00a0<\/span><em>Joana was not expecting a negative\u00a0<strong>pregnancy<\/strong>\u00a0test.<\/em><\/li>\n<li><span style=\"font-weight: 400\">Alice ficou muito feliz que o teste de\u00a0<strong>gravidez<\/strong>\u00a0deu positivo\u00a0|\u00a0<\/span><em>Alice was overjoyed to have a positive\u00a0<strong>pregnancy<\/strong>\u00a0test.<\/em><\/li>\n<li><span style=\"font-weight: 400\">Eles est\u00e3o muito assustados com a\u00a0<strong>gravidez<\/strong>\u00a0inesperada\u00a0|<em>\u00a0<\/em><\/span><em>They are scared about the unexpected<strong>\u00a0pregnancy.<\/strong><\/em><\/li>\n<li><span style=\"font-weight: 400\">Acabei de saber que voc\u00ea est\u00e1\u00a0<strong>gr\u00e1vida<\/strong>, meus parab\u00e9ns!|\u00a0<\/span><em>I just heard you are\u00a0<strong>pregnant<\/strong>, congratulations!\u00a0<\/em><\/li>\n<\/ul>\n<h3 style=\"text-align: center\"><strong style=\"font-size: 16px\">esperando um beb\u00ea<\/strong><strong>\u00a0|\u00a0<\/strong><em><strong style=\"font-size: 16px\">expecting a baby<\/strong><\/em><\/h3>\n<ul>\n<li>Agora que meus vizinhos est\u00e3o\u00a0<strong>esperando um beb\u00ea<\/strong>, eles v\u00e3o se mudar para um apartamento maior \u00a0| <em>Now that my neighbors are\u00a0<strong>expecting a baby<\/strong>\u00a0they are moving to a bigger flat.<\/em><\/li>\n<\/ul>\n<h3 style=\"text-align: center\"><strong style=\"font-size: 16px\">barriga<\/strong><strong>\u00a0|\u00a0<\/strong><em><strong style=\"font-size: 16px\">belly<\/strong><\/em><\/h3>\n<ul>\n<li>O beb\u00ea estava chutando, ent\u00e3o Ana acariciou sua\u00a0<strong>barriga<\/strong>\u00a0| <em>The baby was kicking, so Ana rubbed her\u00a0<strong>belly.<\/strong><\/em><\/li>\n<li><span style=\"font-weight: 400\">Voc\u00ea sentiu o beb\u00ea mexendo em minha\u00a0<strong>barriga<\/strong>?\u00a0|\u00a0<\/span><em>Could you feel the baby moving in my<strong>\u00a0belly<\/strong>?<\/em><\/li>\n<\/ul>\n<div id=\"attachment_9491\" style=\"width: 530px\" class=\"wp-caption alignleft post-item__attachment\"><img loading=\"lazy\" decoding=\"async\" aria-describedby=\"caption-attachment-9491\" class=\" wp-image-9491\" src=\"https:\/\/blogs.transparent.com\/portuguese\/wp-content\/uploads\/sites\/13\/2021\/10\/girls-g0e46bfe71_640.jpg\" alt=\"\" width=\"520\" height=\"346\" srcset=\"https:\/\/blogs.transparent.com\/portuguese\/wp-content\/uploads\/sites\/13\/2021\/10\/girls-g0e46bfe71_640.jpg 640w, https:\/\/blogs.transparent.com\/portuguese\/wp-content\/uploads\/sites\/13\/2021\/10\/girls-g0e46bfe71_640-350x233.jpg 350w\" sizes=\"auto, (max-width: 520px) 100vw, 520px\" \/><p id=\"caption-attachment-9491\" class=\"wp-caption-text\">Doze de outubro \u00e9 dia das crian\u00e7as no Brasil (Image by Cheryl Holt from Pixabay)<\/p><\/div>\n<h3 style=\"text-align: center\"><strong style=\"font-size: 16px\">enj\u00f4o matinal <\/strong><strong>\u00a0|\u00a0<\/strong><em><strong style=\"font-size: 16px\">morning sickness<\/strong><\/em><\/h3>\n<ul>\n<li>Minha esposa tem tido muitos\u00a0<strong>enjoos pela manh\u00e3<\/strong>\u00a0| <em>My wife has been getting a lot of\u00a0<strong>morning sickness.<\/strong><\/em><\/li>\n<\/ul>\n<h3 style=\"text-align: center\"><strong style=\"font-size: 16px\">batida do cora\u00e7\u00e3o<\/strong><strong>\u00a0|\u00a0<\/strong><em><strong style=\"font-size: 16px\">heartbeat<\/strong><\/em><\/h3>\n<ul>\n<li><span style=\"font-weight: 400\">No consult\u00f3rio, consegui ouvir o<strong>\u00a0cora\u00e7\u00e3o do beb\u00ea batendo<\/strong>!\u00a0|\u00a0<\/span><em>I was able to listen to the baby&#8217;s\u00a0<strong>heartbeat<\/strong>\u00a0at the doctor&#8217;s office!<\/em><\/li>\n<\/ul>\n<h3 style=\"text-align: center\"><strong style=\"font-size: 16px\">exame pr\u00e9-natal<\/strong><strong>\u00a0|\u00a0<\/strong><em><strong style=\"font-size: 16px\">pre natal care<\/strong><\/em><\/h3>\n<ul>\n<li>Sara tirou o dia de folga para fazer o\u00a0<strong>exame de pr\u00e9-natal<\/strong>\u00a0| <em>Sara took a day off to take the\u00a0<strong>prenatal care.<\/strong><\/em><\/li>\n<\/ul>\n<h3 style=\"text-align: center\"><strong style=\"font-size: 16px\">analg\u00e9sico<\/strong><strong>\u00a0|\u00a0<\/strong><em><strong style=\"font-size: 16px\">painkiller<\/strong><\/em><\/h3>\n<ul>\n<li>Please, ask the doctor for some <strong>painkillers<\/strong> | <em>Pe\u00e7a ao m\u00e9dico um <strong>analg\u00e9sico<\/strong> para mim, por favor<\/em><\/li>\n<\/ul>\n<h3 style=\"text-align: center\"><strong style=\"font-size: 16px\">sala de parto<\/strong><strong>\u00a0|\u00a0<\/strong><em><strong style=\"font-size: 16px\">delivery room<\/strong><\/em><\/h3>\n<ul>\n<li>Only the parents are allowed in the <strong>delivery room<\/strong> | <em>Somente os pais s\u00e3o autorizados na <strong>sala de parto<\/strong><\/em><\/li>\n<\/ul>\n<h3 style=\"text-align: center\"><strong style=\"font-size: 16px\">rec\u00e9m-nascido<\/strong><strong>\u00a0|\u00a0<\/strong><em><strong style=\"font-size: 16px\">newborn<\/strong><\/em><\/h3>\n<ul>\n<li><span style=\"font-weight: 400\"><span style=\"font-weight: 400\">It is important to take the <strong>newborn<\/strong> to its mother so they can bond | <em>\u00c9 importante que o <strong>rec\u00e9m-nascido<\/strong> v\u00e1 para o colo da m\u00e3e para j\u00e1 criar la\u00e7os<\/em><\/span><\/span>\n<p><div id=\"attachment_9492\" style=\"width: 470px\" class=\"wp-caption alignright post-item__attachment\"><img loading=\"lazy\" decoding=\"async\" aria-describedby=\"caption-attachment-9492\" class=\" wp-image-9492\" src=\"https:\/\/blogs.transparent.com\/portuguese\/wp-content\/uploads\/sites\/13\/2021\/10\/baby-g418a4a9b4_640.jpg\" alt=\"\" width=\"460\" height=\"306\" srcset=\"https:\/\/blogs.transparent.com\/portuguese\/wp-content\/uploads\/sites\/13\/2021\/10\/baby-g418a4a9b4_640.jpg 640w, https:\/\/blogs.transparent.com\/portuguese\/wp-content\/uploads\/sites\/13\/2021\/10\/baby-g418a4a9b4_640-350x233.jpg 350w\" sizes=\"auto, (max-width: 460px) 100vw, 460px\" \/><p id=\"caption-attachment-9492\" class=\"wp-caption-text\">Falando sobre beb\u00eas (Image by Artist and zabiyaka from Pixabay )<\/p><\/div><\/li>\n<\/ul>\n<h3 style=\"text-align: center\"><strong>dar a luz | <em>give birth<\/em><\/strong><\/h3>\n<ul>\n<li>Marta deu a luz a um saud\u00e1vel menino de 3,5kg | <em>Marta gave birth to a healthy 3,5kg baby boy.<\/em><\/li>\n<\/ul>\n<h3><strong style=\"font-size: 16px\">Frases \u00fateis<\/strong><strong>\u00a0|\u00a0<\/strong><em><strong style=\"font-size: 16px\">Useful phrases<\/strong><\/em><\/h3>\n<ul>\n<li><span style=\"font-weight: 400\">Voc\u00eas j\u00e1 escolheram o nome da crian\u00e7a? |\u00a0<\/span><em>Have you picked the baby&#8217;s name yet?<\/em><\/li>\n<li><span style=\"font-weight: 400\">A gravidez est\u00e1 me fazendo comer por dois! |\u00a0<\/span><em>This pregnancy is making me eat for two!<\/em><\/li>\n<li><span style=\"font-weight: 400\">Voc\u00ea vai fazer o parto natural ou cesariana? |\u00a0<\/span><em>Will you have a normal delivery or a C-section.<\/em><\/li>\n<li><span style=\"font-weight: 400\">\u00c9 menino ou menina?\u00a0|\u00a0<\/span><em>Is it a boy or a girl?<\/em><\/li>\n<li>Voc\u00ea est\u00e1 com quantos meses de gesta\u00e7\u00e3o?\u00a0|<em> How far along are you?\/ When is the baby due?<\/em><\/li>\n<li><span style=\"font-weight: 400\">Minha bolsa estourou! |<em>\u00a0<\/em><\/span><em>Minha water just broke!<\/em><\/li>\n<li><span style=\"font-weight: 400\">Ela entrou em trabalho de parto agora! |\u00a0<\/span><em>She just went into labor right now!<\/em><\/li>\n<li><span style=\"font-weight: 400\">Empurre com mais for\u00e7a, o beb\u00ea est\u00e1 quase nascendo! |\u00a0<\/span><em>Push harder, you&#8217;re almost there!<\/em><\/li>\n<li><span style=\"font-weight: 400\">O m\u00e9dico j\u00e1 cortou o cord\u00e3o umbilical |\u00a0<\/span><em>The doctor already cut the umbilical cord.<\/em><\/li>\n<\/ul>\n<p><span style=\"font-weight: 400\">So, what did you think? Are there any other pregnancy-related phrases or terms you can think of? Share them with us! At\u00e9 a pr\u00f3xima!<\/span><\/p>\n","protected":false},"excerpt":{"rendered":"<img width=\"350\" height=\"233\" src=\"https:\/\/blogs.transparent.com\/portuguese\/wp-content\/uploads\/sites\/13\/2021\/10\/baby-g418a4a9b4_640-350x233.jpg\" class=\"attachment-post-thumbnail size-post-thumbnail wp-post-image\" alt=\"\" decoding=\"async\" loading=\"lazy\" srcset=\"https:\/\/blogs.transparent.com\/portuguese\/wp-content\/uploads\/sites\/13\/2021\/10\/baby-g418a4a9b4_640-350x233.jpg 350w, https:\/\/blogs.transparent.com\/portuguese\/wp-content\/uploads\/sites\/13\/2021\/10\/baby-g418a4a9b4_640.jpg 640w\" sizes=\"auto, (max-width: 350px) 100vw, 350px\" \/><p>Bom dia, amigos e amigas! Good morning! Last week, on October 12th, Brazilians got a break to observe o Dia de Nossa Senhora Aparecida (Our Lady of Aparecida day), a feriado (public holiday) in the country. She is considered to be the official padroeira (patroness) of Brazil. Most importantly, her day is regarded as Dia&hellip;<\/p>\n<p class=\"post-item__readmore\"><a class=\"btn btn--md\" href=\"https:\/\/blogs.transparent.com\/portuguese\/being-pregnant-in-portuguese\/\">Continue Reading<\/a><\/p>","protected":false},"author":136,"featured_media":9492,"comment_status":"open","ping_status":"closed","sticky":false,"template":"","format":"standard","meta":{"content-type":""},"categories":[1846,3,1848,2648,1851,13],"tags":[548865,548866,548862,507656,548863,548864,548860,548861],"class_list":["post-9488","post","type-post","status-publish","has-post-thumbnail","hentry","category-brazilian-profile","category-culture","category-customs","category-holidays-culture","category-learning","category-vocabulary","tag-babies","tag-bebe","tag-childrens-day-brazil","tag-dia-das-criancas","tag-gravida","tag-gravidez","tag-gravidez-portugues","tag-pregnancy-portuguese"],"aioseo_notices":[],"aioseo_head":"\n\t\t<!-- All in One SEO 5.0.0.1 - aioseo.com -->\n\t<meta name=\"description\" content=\"Bom dia, amigos e amigas! Good morning! Last week, on October 12th, Brazilians got a break to observe o Dia de Nossa Senhora Aparecida (Our Lady of Aparecida day), a feriado (public holiday) in the country. She is considered to be the official padroeira (patroness) of Brazil. Most importantly, her day is regarded as Dia\" \/>\n\t<meta name=\"robots\" content=\"max-image-preview:large\" \/>\n\t<meta name=\"author\" content=\"carol\"\/>\n\t<meta name=\"keywords\" content=\"babies,bebe,children\\&#039;s day brazil,dia das crian\u00e7as,gravida,gravidez,gravidez portugues,pregnancy portuguese\" \/>\n\t<link rel=\"canonical\" href=\"https:\/\/blogs.transparent.com\/portuguese\/being-pregnant-in-portuguese\/\" \/>\n\t<meta name=\"generator\" content=\"All in One SEO (AIOSEO) 5.0.0.1\" \/>\n\t\t<meta property=\"og:locale\" content=\"en_US\" \/>\n\t\t<meta property=\"og:site_name\" content=\"Portuguese Language Blog | Language and Culture of the Portuguese-Speaking World\" \/>\n\t\t<meta property=\"og:type\" content=\"article\" \/>\n\t\t<meta property=\"og:title\" content=\"Being pregnant in Portuguese | Portuguese Language Blog\" \/>\n\t\t<meta property=\"og:description\" content=\"Bom dia, amigos e amigas! Good morning! Last week, on October 12th, Brazilians got a break to observe o Dia de Nossa Senhora Aparecida (Our Lady of Aparecida day), a feriado (public holiday) in the country. She is considered to be the official padroeira (patroness) of Brazil. Most importantly, her day is regarded as Dia\" \/>\n\t\t<meta property=\"og:url\" content=\"https:\/\/blogs.transparent.com\/portuguese\/being-pregnant-in-portuguese\/\" \/>\n\t\t<meta property=\"article:published_time\" content=\"2021-10-22T09:28:16+00:00\" \/>\n\t\t<meta property=\"article:modified_time\" content=\"2021-10-27T09:33:40+00:00\" \/>\n\t\t<meta name=\"twitter:card\" content=\"summary_large_image\" \/>\n\t\t<meta name=\"twitter:title\" content=\"Being pregnant in Portuguese | Portuguese Language Blog\" \/>\n\t\t<meta name=\"twitter:description\" content=\"Bom dia, amigos e amigas! Good morning! Last week, on October 12th, Brazilians got a break to observe o Dia de Nossa Senhora Aparecida (Our Lady of Aparecida day), a feriado (public holiday) in the country. She is considered to be the official padroeira (patroness) of Brazil. Most importantly, her day is regarded as Dia\" \/>\n\t\t<script type=\"application\/ld+json\" class=\"aioseo-schema\">\n\t\t\t{\"@context\":\"https:\\\/\\\/schema.org\",\"@graph\":[{\"@type\":\"Article\",\"@id\":\"https:\\\/\\\/blogs.transparent.com\\\/portuguese\\\/being-pregnant-in-portuguese\\\/#article\",\"name\":\"Being pregnant in Portuguese | Portuguese Language Blog\",\"headline\":\"Being pregnant in Portuguese\",\"author\":{\"@id\":\"https:\\\/\\\/blogs.transparent.com\\\/portuguese\\\/author\\\/carol\\\/#author\"},\"publisher\":{\"@id\":\"https:\\\/\\\/blogs.transparent.com\\\/portuguese\\\/#organization\"},\"image\":{\"@type\":\"ImageObject\",\"url\":\"https:\\\/\\\/blogs.transparent.com\\\/portuguese\\\/wp-content\\\/uploads\\\/sites\\\/13\\\/2021\\\/10\\\/baby-g418a4a9b4_640.jpg\",\"width\":640,\"height\":426,\"caption\":\"Falando sobre beb\\u00eas (Image by Artist and zabiyaka from Pixabay )\"},\"datePublished\":\"2021-10-22T09:28:16+00:00\",\"dateModified\":\"2021-10-27T09:33:40+00:00\",\"inLanguage\":\"en-US\",\"mainEntityOfPage\":{\"@id\":\"https:\\\/\\\/blogs.transparent.com\\\/portuguese\\\/being-pregnant-in-portuguese\\\/#webpage\"},\"isPartOf\":{\"@id\":\"https:\\\/\\\/blogs.transparent.com\\\/portuguese\\\/being-pregnant-in-portuguese\\\/#webpage\"},\"articleSection\":\"Brazilian Profile, Culture, Customs, Holidays, Learning, Vocabulary, babies, bebe, children's day brazil, dia das crian\\u00e7as, gravida, gravidez, gravidez portugues, pregnancy portuguese\"},{\"@type\":\"BreadcrumbList\",\"@id\":\"https:\\\/\\\/blogs.transparent.com\\\/portuguese\\\/being-pregnant-in-portuguese\\\/#breadcrumblist\",\"itemListElement\":[{\"@type\":\"ListItem\",\"@id\":\"https:\\\/\\\/blogs.transparent.com\\\/portuguese#listItem\",\"position\":1,\"name\":\"Home\",\"item\":\"https:\\\/\\\/blogs.transparent.com\\\/portuguese\",\"nextItem\":{\"@type\":\"ListItem\",\"@id\":\"https:\\\/\\\/blogs.transparent.com\\\/portuguese\\\/category\\\/culture\\\/#listItem\",\"name\":\"Culture\"}},{\"@type\":\"ListItem\",\"@id\":\"https:\\\/\\\/blogs.transparent.com\\\/portuguese\\\/category\\\/culture\\\/#listItem\",\"position\":2,\"name\":\"Culture\",\"item\":\"https:\\\/\\\/blogs.transparent.com\\\/portuguese\\\/category\\\/culture\\\/\",\"nextItem\":{\"@type\":\"ListItem\",\"@id\":\"https:\\\/\\\/blogs.transparent.com\\\/portuguese\\\/category\\\/culture\\\/customs\\\/#listItem\",\"name\":\"Customs\"},\"previousItem\":{\"@type\":\"ListItem\",\"@id\":\"https:\\\/\\\/blogs.transparent.com\\\/portuguese#listItem\",\"name\":\"Home\"}},{\"@type\":\"ListItem\",\"@id\":\"https:\\\/\\\/blogs.transparent.com\\\/portuguese\\\/category\\\/culture\\\/customs\\\/#listItem\",\"position\":3,\"name\":\"Customs\",\"item\":\"https:\\\/\\\/blogs.transparent.com\\\/portuguese\\\/category\\\/culture\\\/customs\\\/\",\"nextItem\":{\"@type\":\"ListItem\",\"@id\":\"https:\\\/\\\/blogs.transparent.com\\\/portuguese\\\/being-pregnant-in-portuguese\\\/#listItem\",\"name\":\"Being pregnant in Portuguese\"},\"previousItem\":{\"@type\":\"ListItem\",\"@id\":\"https:\\\/\\\/blogs.transparent.com\\\/portuguese\\\/category\\\/culture\\\/#listItem\",\"name\":\"Culture\"}},{\"@type\":\"ListItem\",\"@id\":\"https:\\\/\\\/blogs.transparent.com\\\/portuguese\\\/being-pregnant-in-portuguese\\\/#listItem\",\"position\":4,\"name\":\"Being pregnant in Portuguese\",\"previousItem\":{\"@type\":\"ListItem\",\"@id\":\"https:\\\/\\\/blogs.transparent.com\\\/portuguese\\\/category\\\/culture\\\/customs\\\/#listItem\",\"name\":\"Customs\"}}]},{\"@type\":\"Organization\",\"@id\":\"https:\\\/\\\/blogs.transparent.com\\\/portuguese\\\/#organization\",\"name\":\"Portuguese Language Blog\",\"description\":\"Language and Culture of the Portuguese-Speaking World\",\"url\":\"https:\\\/\\\/blogs.transparent.com\\\/portuguese\\\/\"},{\"@type\":\"Person\",\"@id\":\"https:\\\/\\\/blogs.transparent.com\\\/portuguese\\\/author\\\/carol\\\/#author\",\"url\":\"https:\\\/\\\/blogs.transparent.com\\\/portuguese\\\/author\\\/carol\\\/\",\"name\":\"carol\",\"image\":{\"@type\":\"ImageObject\",\"@id\":\"https:\\\/\\\/blogs.transparent.com\\\/portuguese\\\/being-pregnant-in-portuguese\\\/#authorImage\",\"url\":\"https:\\\/\\\/secure.gravatar.com\\\/avatar\\\/6ca243d0ad2ed351a7ef125b1d1535c2dd8a70464c866eaf6ebb46150bf9ad25?s=96&d=mm&r=g\",\"width\":96,\"height\":96,\"caption\":\"carol\"}},{\"@type\":\"WebPage\",\"@id\":\"https:\\\/\\\/blogs.transparent.com\\\/portuguese\\\/being-pregnant-in-portuguese\\\/#webpage\",\"url\":\"https:\\\/\\\/blogs.transparent.com\\\/portuguese\\\/being-pregnant-in-portuguese\\\/\",\"name\":\"Being pregnant in Portuguese | Portuguese Language Blog\",\"description\":\"Bom dia, amigos e amigas! Good morning! Last week, on October 12th, Brazilians got a break to observe o Dia de Nossa Senhora Aparecida (Our Lady of Aparecida day), a feriado (public holiday) in the country. She is considered to be the official padroeira (patroness) of Brazil. Most importantly, her day is regarded as Dia\",\"inLanguage\":\"en-US\",\"isPartOf\":{\"@id\":\"https:\\\/\\\/blogs.transparent.com\\\/portuguese\\\/#website\"},\"breadcrumb\":{\"@id\":\"https:\\\/\\\/blogs.transparent.com\\\/portuguese\\\/being-pregnant-in-portuguese\\\/#breadcrumblist\"},\"author\":{\"@id\":\"https:\\\/\\\/blogs.transparent.com\\\/portuguese\\\/author\\\/carol\\\/#author\"},\"creator\":{\"@id\":\"https:\\\/\\\/blogs.transparent.com\\\/portuguese\\\/author\\\/carol\\\/#author\"},\"image\":{\"@type\":\"ImageObject\",\"url\":\"https:\\\/\\\/blogs.transparent.com\\\/portuguese\\\/wp-content\\\/uploads\\\/sites\\\/13\\\/2021\\\/10\\\/baby-g418a4a9b4_640.jpg\",\"@id\":\"https:\\\/\\\/blogs.transparent.com\\\/portuguese\\\/being-pregnant-in-portuguese\\\/#mainImage\",\"width\":640,\"height\":426,\"caption\":\"Falando sobre beb\\u00eas (Image by Artist and zabiyaka from Pixabay )\"},\"primaryImageOfPage\":{\"@id\":\"https:\\\/\\\/blogs.transparent.com\\\/portuguese\\\/being-pregnant-in-portuguese\\\/#mainImage\"},\"datePublished\":\"2021-10-22T09:28:16+00:00\",\"dateModified\":\"2021-10-27T09:33:40+00:00\"},{\"@type\":\"WebSite\",\"@id\":\"https:\\\/\\\/blogs.transparent.com\\\/portuguese\\\/#website\",\"url\":\"https:\\\/\\\/blogs.transparent.com\\\/portuguese\\\/\",\"name\":\"Portuguese Language Blog\",\"description\":\"Language and Culture of the Portuguese-Speaking World\",\"inLanguage\":\"en-US\",\"publisher\":{\"@id\":\"https:\\\/\\\/blogs.transparent.com\\\/portuguese\\\/#organization\"}}]}\n\t\t<\/script>\n\t\t<!-- All in One SEO -->\n\n","aioseo_head_json":{"title":"Being pregnant in Portuguese | Portuguese Language Blog","description":"Bom dia, amigos e amigas! Good morning! Last week, on October 12th, Brazilians got a break to observe o Dia de Nossa Senhora Aparecida (Our Lady of Aparecida day), a feriado (public holiday) in the country. She is considered to be the official padroeira (patroness) of Brazil. Most importantly, her day is regarded as Dia","canonical_url":"https:\/\/blogs.transparent.com\/portuguese\/being-pregnant-in-portuguese\/","robots":"max-image-preview:large","keywords":"babies,bebe,children\\'s day brazil,dia das crian\u00e7as,gravida,gravidez,gravidez portugues,pregnancy portuguese","webmasterTools":{"miscellaneous":""},"schema":{"@context":"https:\/\/schema.org","@graph":[{"@type":"Article","@id":"https:\/\/blogs.transparent.com\/portuguese\/being-pregnant-in-portuguese\/#article","name":"Being pregnant in Portuguese | Portuguese Language Blog","headline":"Being pregnant in Portuguese","author":{"@id":"https:\/\/blogs.transparent.com\/portuguese\/author\/carol\/#author"},"publisher":{"@id":"https:\/\/blogs.transparent.com\/portuguese\/#organization"},"image":{"@type":"ImageObject","url":"https:\/\/blogs.transparent.com\/portuguese\/wp-content\/uploads\/sites\/13\/2021\/10\/baby-g418a4a9b4_640.jpg","width":640,"height":426,"caption":"Falando sobre beb\u00eas (Image by Artist and zabiyaka from Pixabay )"},"datePublished":"2021-10-22T09:28:16+00:00","dateModified":"2021-10-27T09:33:40+00:00","inLanguage":"en-US","mainEntityOfPage":{"@id":"https:\/\/blogs.transparent.com\/portuguese\/being-pregnant-in-portuguese\/#webpage"},"isPartOf":{"@id":"https:\/\/blogs.transparent.com\/portuguese\/being-pregnant-in-portuguese\/#webpage"},"articleSection":"Brazilian Profile, Culture, Customs, Holidays, Learning, Vocabulary, babies, bebe, children's day brazil, dia das crian\u00e7as, gravida, gravidez, gravidez portugues, pregnancy portuguese"},{"@type":"BreadcrumbList","@id":"https:\/\/blogs.transparent.com\/portuguese\/being-pregnant-in-portuguese\/#breadcrumblist","itemListElement":[{"@type":"ListItem","@id":"https:\/\/blogs.transparent.com\/portuguese#listItem","position":1,"name":"Home","item":"https:\/\/blogs.transparent.com\/portuguese","nextItem":{"@type":"ListItem","@id":"https:\/\/blogs.transparent.com\/portuguese\/category\/culture\/#listItem","name":"Culture"}},{"@type":"ListItem","@id":"https:\/\/blogs.transparent.com\/portuguese\/category\/culture\/#listItem","position":2,"name":"Culture","item":"https:\/\/blogs.transparent.com\/portuguese\/category\/culture\/","nextItem":{"@type":"ListItem","@id":"https:\/\/blogs.transparent.com\/portuguese\/category\/culture\/customs\/#listItem","name":"Customs"},"previousItem":{"@type":"ListItem","@id":"https:\/\/blogs.transparent.com\/portuguese#listItem","name":"Home"}},{"@type":"ListItem","@id":"https:\/\/blogs.transparent.com\/portuguese\/category\/culture\/customs\/#listItem","position":3,"name":"Customs","item":"https:\/\/blogs.transparent.com\/portuguese\/category\/culture\/customs\/","nextItem":{"@type":"ListItem","@id":"https:\/\/blogs.transparent.com\/portuguese\/being-pregnant-in-portuguese\/#listItem","name":"Being pregnant in Portuguese"},"previousItem":{"@type":"ListItem","@id":"https:\/\/blogs.transparent.com\/portuguese\/category\/culture\/#listItem","name":"Culture"}},{"@type":"ListItem","@id":"https:\/\/blogs.transparent.com\/portuguese\/being-pregnant-in-portuguese\/#listItem","position":4,"name":"Being pregnant in Portuguese","previousItem":{"@type":"ListItem","@id":"https:\/\/blogs.transparent.com\/portuguese\/category\/culture\/customs\/#listItem","name":"Customs"}}]},{"@type":"Organization","@id":"https:\/\/blogs.transparent.com\/portuguese\/#organization","name":"Portuguese Language Blog","description":"Language and Culture of the Portuguese-Speaking World","url":"https:\/\/blogs.transparent.com\/portuguese\/"},{"@type":"Person","@id":"https:\/\/blogs.transparent.com\/portuguese\/author\/carol\/#author","url":"https:\/\/blogs.transparent.com\/portuguese\/author\/carol\/","name":"carol","image":{"@type":"ImageObject","@id":"https:\/\/blogs.transparent.com\/portuguese\/being-pregnant-in-portuguese\/#authorImage","url":"https:\/\/secure.gravatar.com\/avatar\/6ca243d0ad2ed351a7ef125b1d1535c2dd8a70464c866eaf6ebb46150bf9ad25?s=96&d=mm&r=g","width":96,"height":96,"caption":"carol"}},{"@type":"WebPage","@id":"https:\/\/blogs.transparent.com\/portuguese\/being-pregnant-in-portuguese\/#webpage","url":"https:\/\/blogs.transparent.com\/portuguese\/being-pregnant-in-portuguese\/","name":"Being pregnant in Portuguese | Portuguese Language Blog","description":"Bom dia, amigos e amigas! Good morning! Last week, on October 12th, Brazilians got a break to observe o Dia de Nossa Senhora Aparecida (Our Lady of Aparecida day), a feriado (public holiday) in the country. She is considered to be the official padroeira (patroness) of Brazil. Most importantly, her day is regarded as Dia","inLanguage":"en-US","isPartOf":{"@id":"https:\/\/blogs.transparent.com\/portuguese\/#website"},"breadcrumb":{"@id":"https:\/\/blogs.transparent.com\/portuguese\/being-pregnant-in-portuguese\/#breadcrumblist"},"author":{"@id":"https:\/\/blogs.transparent.com\/portuguese\/author\/carol\/#author"},"creator":{"@id":"https:\/\/blogs.transparent.com\/portuguese\/author\/carol\/#author"},"image":{"@type":"ImageObject","url":"https:\/\/blogs.transparent.com\/portuguese\/wp-content\/uploads\/sites\/13\/2021\/10\/baby-g418a4a9b4_640.jpg","@id":"https:\/\/blogs.transparent.com\/portuguese\/being-pregnant-in-portuguese\/#mainImage","width":640,"height":426,"caption":"Falando sobre beb\u00eas (Image by Artist and zabiyaka from Pixabay )"},"primaryImageOfPage":{"@id":"https:\/\/blogs.transparent.com\/portuguese\/being-pregnant-in-portuguese\/#mainImage"},"datePublished":"2021-10-22T09:28:16+00:00","dateModified":"2021-10-27T09:33:40+00:00"},{"@type":"WebSite","@id":"https:\/\/blogs.transparent.com\/portuguese\/#website","url":"https:\/\/blogs.transparent.com\/portuguese\/","name":"Portuguese Language Blog","description":"Language and Culture of the Portuguese-Speaking World","inLanguage":"en-US","publisher":{"@id":"https:\/\/blogs.transparent.com\/portuguese\/#organization"}}]},"og:locale":"en_US","og:site_name":"Portuguese Language Blog | Language and Culture of the Portuguese-Speaking World","og:type":"article","og:title":"Being pregnant in Portuguese | Portuguese Language Blog","og:description":"Bom dia, amigos e amigas! Good morning! Last week, on October 12th, Brazilians got a break to observe o Dia de Nossa Senhora Aparecida (Our Lady of Aparecida day), a feriado (public holiday) in the country. She is considered to be the official padroeira (patroness) of Brazil. Most importantly, her day is regarded as Dia","og:url":"https:\/\/blogs.transparent.com\/portuguese\/being-pregnant-in-portuguese\/","article:published_time":"2021-10-22T09:28:16+00:00","article:modified_time":"2021-10-27T09:33:40+00:00","twitter:card":"summary_large_image","twitter:title":"Being pregnant in Portuguese | Portuguese Language Blog","twitter:description":"Bom dia, amigos e amigas! Good morning! Last week, on October 12th, Brazilians got a break to observe o Dia de Nossa Senhora Aparecida (Our Lady of Aparecida day), a feriado (public holiday) in the country. She is considered to be the official padroeira (patroness) of Brazil. Most importantly, her day is regarded as Dia"},"aioseo_meta_data":{"post_id":"9488","title":null,"description":null,"keywords":[],"keyphrases":{"focus":[],"additional":[]},"primary_term":null,"canonical_url":null,"og_title":null,"og_description":null,"og_object_type":"default","og_image_type":"default","og_image_url":null,"og_image_width":null,"og_image_height":null,"og_image_custom_url":null,"og_image_custom_fields":null,"og_video":"","og_custom_url":null,"og_article_section":null,"og_article_tags":[],"twitter_use_og":false,"twitter_card":"default","twitter_image_type":"default","twitter_image_url":null,"twitter_image_custom_url":null,"twitter_image_custom_fields":null,"twitter_title":null,"twitter_description":null,"schema":{"blockGraphs":[],"customGraphs":[],"default":{"data":{"Article":{"id":"aioseo-article-63a1c60e0c96d","slug":"article","graphName":"Article","label":"Article","properties":{"type":"BlogPosting","name":"#post_title","headline":"#post_title","description":"#post_excerpt","image":"","keywords":"","author":{"name":"#author_name","url":"#author_url"},"dates":{"include":true,"datePublished":"","dateModified":""}}},"Course":[],"Dataset":[],"FAQPage":[],"Movie":[],"Person":[],"Product":[],"ProductReview":[],"Car":[],"Recipe":[],"Service":[],"SoftwareApplication":[],"WebPage":[]},"graphName":"Article","isEnabled":true},"graphs":[]},"schema_type":"default","schema_type_options":"{\"article\":{\"articleType\":\"BlogPosting\"},\"course\":{\"name\":\"\",\"description\":\"\",\"provider\":\"\"},\"faq\":{\"pages\":[]},\"product\":{\"reviews\":[]},\"recipe\":{\"ingredients\":[],\"instructions\":[],\"keywords\":[]},\"software\":{\"reviews\":[],\"operatingSystems\":[]},\"webPage\":{\"webPageType\":\"WebPage\"}}","pillar_content":false,"robots_default":true,"robots_noindex":false,"robots_noarchive":false,"robots_nosnippet":false,"robots_nofollow":false,"robots_noimageindex":false,"robots_noodp":false,"robots_notranslate":false,"robots_max_snippet":"-1","robots_max_videopreview":"-1","robots_max_imagepreview":"large","priority":null,"frequency":"default","location":null,"local_seo":null,"breadcrumb_settings":null,"limit_modified_date":false,"ai":null,"created":"2021-10-22 08:13:33","updated":"2025-07-10 13:42:47","focus_keyword":null,"additional_keywords":null,"truseo_locale":null,"seo_analyzer_scan_date":null},"_links":{"self":[{"href":"https:\/\/blogs.transparent.com\/portuguese\/wp-json\/wp\/v2\/posts\/9488","targetHints":{"allow":["GET"]}}],"collection":[{"href":"https:\/\/blogs.transparent.com\/portuguese\/wp-json\/wp\/v2\/posts"}],"about":[{"href":"https:\/\/blogs.transparent.com\/portuguese\/wp-json\/wp\/v2\/types\/post"}],"author":[{"embeddable":true,"href":"https:\/\/blogs.transparent.com\/portuguese\/wp-json\/wp\/v2\/users\/136"}],"replies":[{"embeddable":true,"href":"https:\/\/blogs.transparent.com\/portuguese\/wp-json\/wp\/v2\/comments?post=9488"}],"version-history":[{"count":3,"href":"https:\/\/blogs.transparent.com\/portuguese\/wp-json\/wp\/v2\/posts\/9488\/revisions"}],"predecessor-version":[{"id":9495,"href":"https:\/\/blogs.transparent.com\/portuguese\/wp-json\/wp\/v2\/posts\/9488\/revisions\/9495"}],"wp:featuredmedia":[{"embeddable":true,"href":"https:\/\/blogs.transparent.com\/portuguese\/wp-json\/wp\/v2\/media\/9492"}],"wp:attachment":[{"href":"https:\/\/blogs.transparent.com\/portuguese\/wp-json\/wp\/v2\/media?parent=9488"}],"wp:term":[{"taxonomy":"category","embeddable":true,"href":"https:\/\/blogs.transparent.com\/portuguese\/wp-json\/wp\/v2\/categories?post=9488"},{"taxonomy":"post_tag","embeddable":true,"href":"https:\/\/blogs.transparent.com\/portuguese\/wp-json\/wp\/v2\/tags?post=9488"}],"curies":[{"name":"wp","href":"https:\/\/api.w.org\/{rel}","templated":true}]}}