{"id":2270,"date":"2011-01-18T21:39:17","date_gmt":"2011-01-18T21:39:17","guid":{"rendered":"https:\/\/blogs.transparent.com\/spanish\/?p=2270"},"modified":"2011-01-19T15:32:31","modified_gmt":"2011-01-19T15:32:31","slug":"hablemos-de-adjetivos","status":"publish","type":"post","link":"https:\/\/blogs.transparent.com\/spanish\/hablemos-de-adjetivos\/","title":{"rendered":"Hablemos de adjetivos"},"content":{"rendered":"<p>Hoy vamos a dedicar nuestro post a recordar c\u00f3mo se utilizan los adjetivos en espa\u00f1ol. No es demasiado complicado, aunque como veremos, algunos \u201ctienen truco\u201d: no es lo mismo hablar de una \u201camiga vieja\u201d que de una \u201cvieja amiga\u201d.<\/p>\n<p>La funci\u00f3n de los adjetivos es la de resaltar una cualidad del sustantivo al que acompa\u00f1an, concordando en g\u00e9nero y n\u00famero con \u00e9l. Veamos c\u00f3mo se colocan con respecto al nombre:<\/p>\n<ul>\n<li>Usamos      un adjetivo delante del nombre, cuando queremos resaltar una cualidad que      caracteriza a ese ser u objeto del que hablamos, o mostrar \u00e9nfasis. Estos      son los llamados adjetivos <strong>explicativos<\/strong>:      <em>la peque\u00f1a ni\u00f1a, su negra envidia.<\/em><\/li>\n<\/ul>\n<p><em> <\/em><\/p>\n<ul>\n<li>Cuando      va colocado tras el sustantivo, nombra una cualidad que distingue a un ser      u objeto de otros de su misma clase. Los llamamos adjetivos <strong>especificativos<\/strong>: <em>su pelo negro, su piel morena.<\/em><\/li>\n<\/ul>\n<p><em> <\/em><\/p>\n<ul>\n<li>Los      adjetivos demostrativos, posesivos, indefinidos, numerales y los art\u00edculos      se colocan delante del sustantivo. Tambi\u00e9n se pueden considerar como      determinantes, y no adjetivos: <em>sus      dos amigos, alguna ma\u00f1ana.<\/em><\/li>\n<\/ul>\n<ul>\n<li>Algunos      adjetivos mantienen una posici\u00f3n fija en la oraci\u00f3n, como es el caso de      mejor y peor, entre otros: <em>su peor canci\u00f3n, el mejor poema, rara      vez.<\/em><\/li>\n<\/ul>\n<p><em> <\/em><\/p>\n<ul>\n<li>Cuando      son varios los adjetivos que califican a un nombre, van detr\u00e1s del mismo: <em>un estudiante aplicado y trabajador,      una casa peque\u00f1a y coqueta.<\/em><\/li>\n<\/ul>\n<p><em> <\/em><\/p>\n<ul>\n<li>Por      \u00faltimo, hay que recordar que algunos adjetivos pierden su terminaci\u00f3n      cuando van delante del sustantivo. Este es el caso de bueno-buen, grande-      gran, primero-primer, entre otros: <em>El      tercer d\u00eda (tercero), San Manuel Bueno M\u00e1rtir (santo).<\/em><\/li>\n<\/ul>\n<p><em> <\/em><\/p>\n<p>Y para terminar, un sencillo ejercicio: \u00bfsabr\u00edais distinguir qu\u00e9 tipo de adjetivos aparecen en este peque\u00f1o fragmento de Pulgarcita?<\/p>\n<p>\u201c<em>Es una hermosa flor\u201d, pens\u00f3 la mujer abrazando sus bellos p\u00e9talos rojos y amarillos; y en el preciso instante de besarla, la flor se abri\u00f3 produciendo un ruido similar al de una explosi\u00f3n. Se hab\u00eda convertido en un verdadero tulip\u00e1n y en el centro, sentada sobre los verdes estambres, se encontraba una ni\u00f1a peque\u00f1ita, graciosa y delicada, cuya altura no superaba el tama\u00f1o de un pulgar.\u201d<\/em><\/p>\n<p><em>Hans Christian Andersen<\/em><\/p>\n<p><em><br \/>\n<\/em><\/p>\n<h2>Let\u00b4s talk about adjectives<em><br \/>\n<\/em><\/h2>\n<p>Today we are going to dedicate our post to remembering how we use adjectives in Spanish. It is not too complicated, although we will see that some of them are tricky: it is not the same to talk about &#8220;una amiga vieja&#8221; (old, referring to her age) than about &#8220;una vieja amiga &#8221; (someone we know from a long time ago).<\/p>\n<p>The function of the adjective is to highlight a quality of the noun it complements, agreeing both in gender and number with it. Let&#8217;s see how they are placed in relation to the noun:<\/p>\n<ul>\n<li>We use an adjective in front of      the noun when we want to highlight a quality that characterizes the person      or object about which we speak, or to show emphasis. These are the so      called non-defining adjectives: <em>la      peque\u00f1a ni\u00f1a, (<\/em>the small girl), <em>su      negra envidia<\/em> (his black envy).<\/li>\n<\/ul>\n<ul>\n<li>When it is placed after the      noun, it shows a quality that distinguishes one person or object from      others of the same class. These are called defining adjectives: <em>su pelo negro (<\/em>her dark hair<em>), su piel morena, <\/em>(her brown skin<em>).<\/em><\/li>\n<\/ul>\n<ul>\n<li>Demonstrative, possessive,      indefinite, numeral adjectives and articles are placed in front of the      noun. They can also be considered as determiners, not adjectives: <em>sus dos amigos (<\/em>her two friends<em>), alguna ma\u00f1ana (<\/em>some morning<em>).<\/em><\/li>\n<\/ul>\n<ul>\n<li>Some adjectives have a fixed      position in the sentence; that is the case of better and worse, among      others: <em>su peor canci\u00f3n (<\/em>their worst song<em>), el mejor poema <\/em>(the best poem<em>), rara vez <\/em>(rarely<em>).<\/em><em> <\/em><\/li>\n<\/ul>\n<p><em> <\/em><\/p>\n<ul>\n<li>When there are several      adjectives that qualify one single noun, they go behind it: <em>un estudiante aplicado y trabajador<\/em> (a diligent and hard-working student), <em>una      casa peque\u00f1a y coqueta<\/em> (a small and cute house).<\/li>\n<\/ul>\n<ul>\n<li>Finally, we need to remember      that some adjectives lose their ending when they go in front of the noun.      This is the case of bueno-buen (good), grande- gran (big), primero-primer (first),      among others: <em>El tercer d\u00eda      (tercero) (the third day), San Manuel Bueno M\u00e1rtir (santo) (Saint Manuel      Bueno martyr).<\/em><\/li>\n<\/ul>\n<p>Finally, a very easy exercise: can you find what type of adjectives appear in the above excerpt from the tale <em>Thumbelina<\/em>?<\/p>\n","protected":false},"excerpt":{"rendered":"<p>Hoy vamos a dedicar nuestro post a recordar c\u00f3mo se utilizan los adjetivos en espa\u00f1ol. No es demasiado complicado, aunque como veremos, algunos \u201ctienen truco\u201d: no es lo mismo hablar de una \u201camiga vieja\u201d que de una \u201cvieja amiga\u201d. La funci\u00f3n de los adjetivos es la de resaltar una cualidad del sustantivo al que acompa\u00f1an&hellip;<\/p>\n<p class=\"post-item__readmore\"><a class=\"btn btn--md\" href=\"https:\/\/blogs.transparent.com\/spanish\/hablemos-de-adjetivos\/\">Continue Reading<\/a><\/p>","protected":false},"author":47,"featured_media":0,"comment_status":"open","ping_status":"open","sticky":false,"template":"","format":"standard","meta":{"content-type":""},"categories":[6],"tags":[17],"class_list":["post-2270","post","type-post","status-publish","hentry","category-grammar","tag-adjectives"],"aioseo_notices":[],"_links":{"self":[{"href":"https:\/\/blogs.transparent.com\/spanish\/wp-json\/wp\/v2\/posts\/2270","targetHints":{"allow":["GET"]}}],"collection":[{"href":"https:\/\/blogs.transparent.com\/spanish\/wp-json\/wp\/v2\/posts"}],"about":[{"href":"https:\/\/blogs.transparent.com\/spanish\/wp-json\/wp\/v2\/types\/post"}],"author":[{"embeddable":true,"href":"https:\/\/blogs.transparent.com\/spanish\/wp-json\/wp\/v2\/users\/47"}],"replies":[{"embeddable":true,"href":"https:\/\/blogs.transparent.com\/spanish\/wp-json\/wp\/v2\/comments?post=2270"}],"version-history":[{"count":5,"href":"https:\/\/blogs.transparent.com\/spanish\/wp-json\/wp\/v2\/posts\/2270\/revisions"}],"predecessor-version":[{"id":2275,"href":"https:\/\/blogs.transparent.com\/spanish\/wp-json\/wp\/v2\/posts\/2270\/revisions\/2275"}],"wp:attachment":[{"href":"https:\/\/blogs.transparent.com\/spanish\/wp-json\/wp\/v2\/media?parent=2270"}],"wp:term":[{"taxonomy":"category","embeddable":true,"href":"https:\/\/blogs.transparent.com\/spanish\/wp-json\/wp\/v2\/categories?post=2270"},{"taxonomy":"post_tag","embeddable":true,"href":"https:\/\/blogs.transparent.com\/spanish\/wp-json\/wp\/v2\/tags?post=2270"}],"curies":[{"name":"wp","href":"https:\/\/api.w.org\/{rel}","templated":true}]}}