{"id":100,"date":"2008-10-29T13:23:23","date_gmt":"2008-10-29T17:23:23","guid":{"rendered":"https:\/\/blogs.transparent.com\/swedish\/?p=100"},"modified":"2008-10-29T13:23:23","modified_gmt":"2008-10-29T17:23:23","slug":"vinterdepression","status":"publish","type":"post","link":"https:\/\/blogs.transparent.com\/swedish\/vinterdepression\/","title":{"rendered":"Vinterdepression"},"content":{"rendered":"<p><a href=\"https:\/\/blogs.transparent.com\/swedish\/wp-content\/uploads\/sites\/9\/2008\/10\/lightbulb.jpg\" aria-label=\"Lightbulb\"><img loading=\"lazy\" decoding=\"async\" class=\"alignright size-full wp-image-101\"  alt=\"\" width=\"200\" height=\"318\" \/ src=\"https:\/\/blogs.transparent.com\/swedish\/wp-content\/uploads\/sites\/9\/2008\/10\/lightbulb.jpg\"><\/a>Returning to Sweden after we changed to winter time last weekend was a bit harsh. Suddenly it gets dark at 4PM here. And it will only get worse. That\u2019s one of the joys of living in the North. I like winter, don\u2019t get me wrong, it\u2019s the darkness that kills me.<\/p>\n<p>So, to make sure that I stay alive and keep blogging, I went in search of my favorite full-spectrum light bulbs today. And wouldn\u2019t you know it, I was late \u2013 apparently the whole town had the same idea. <strong>Elkedjan<\/strong> was all sold out. They only had one \u201cnatural sunlight\u201d light bulb left and told me to come back next week when a new shipment arrives.<\/p>\n<p>This is my yearly ritual \u2013 replacing all normal light bulbs with those bluish \u201cnatural sunlight\u201d ones and plugging in massive greenhouse-style lamps. And leaving them all on until springtime. Yes, I know I said that I\u2019m big on saving energy and all that, but I make up for my ginormous winter electricity consumption during summers when I don\u2019t turn on any lights at all. So it all evens out, I hope, and my carbon footprint should stay more or less the same.<\/p>\n<p>This is not just an Anna quirk, or a goofy habit with no scientific background. Seasonal affective disorder is a serious thing. And I\u2019d never known just how serious until I moved to <strong>Norrland<\/strong>. My first winter was dreadful. So dreadful in fact, that I ended up popping anti-depressants like Pez candy. I gained a ton of weight, had to go on medical leave and eventually ended up hospitalized. <em>Winter in Norrland \u2013 1: Anna \u2013 0.<\/em> It wasn\u2019t pleasant. Fortunately, I don\u2019t remember much of it now.<\/p>\n<p>The following year I was much better prepared. I read up on SAD (<strong>vinterdepression eller \u00e5rstidsbunden depression<\/strong>) and was ready. I turned my living room into a greenhouse and got serious about light therapy (<strong>ljusterapi<\/strong>). And just to make sure I got adequate sun exposure, I also went to Gran Canaria in December. Yes, I know it\u2019s a cheesy clich\u00e9, but it did help.<\/p>\n<p>These days I feel like a veteran of northern winters. I know the drill now &#8211; over the years I\u2019ve learned what works for me and perfected it to fit my needs. Winter doesn\u2019t bother me anymore \u2013 it\u2019s nothing but a few annoying pages in my wall calendar and a brilliant excuse to go somewhere on vacation.<\/p>\n<p>But first things first, I need to replace those light bulbs. And then book a week-long break somewhere warm. This year it needs to be somewhere cheap, too. I\u2019m thinking Cyprus or Egypt. Any suggestions?<\/p>\n<p>Here are some common symptoms of <strong>\u00e5rstidsbunden depression<\/strong>:<\/p>\n<ul>\n<li><strong>en melankolisk sinnesst\u00e4mning,<\/strong><\/li>\n<li><strong>\u00f6kat s\u00f6mnbehov<\/strong><\/li>\n<li><strong>nedsatt social, fysisk och\/eller sexuell aktivitet<\/strong><\/li>\n<li><strong>\u00e4ndrad (vanligtvis \u00f6kad) aptit med \u00e4ndrat \u00e4tbeteende (sockerbehov) och vikt\u00f6kning<\/strong><\/li>\n<li><strong>premenstruella sp\u00e4nningar<\/strong><\/li>\n<li><strong>koncentrationssv\u00e5righeter<\/strong><\/li>\n<li><strong>eller ofta en kombination av dessa.<\/strong><\/li>\n<\/ul>\n<p>And remember, if you feel like you just can&#8217;t take it any longer, seek medical attention. It&#8217;s been my experience that doctors in Sweden are familiar with those symptoms and treat them seriously.<\/p>\n","protected":false},"excerpt":{"rendered":"<img width=\"200\" height=\"318\" src=\"https:\/\/blogs.transparent.com\/swedish\/wp-content\/uploads\/sites\/9\/2008\/10\/lightbulb.jpg\" class=\"attachment-post-thumbnail size-post-thumbnail wp-post-image\" alt=\"\" decoding=\"async\" loading=\"lazy\" \/><p>Returning to Sweden after we changed to winter time last weekend was a bit harsh. Suddenly it gets dark at 4PM here. And it will only get worse. That\u2019s one of the joys of living in the North. I like winter, don\u2019t get me wrong, it\u2019s the darkness that kills me. So, to make sure&hellip;<\/p>\n<p class=\"post-item__readmore\"><a class=\"btn btn--md\" href=\"https:\/\/blogs.transparent.com\/swedish\/vinterdepression\/\">Continue Reading<\/a><\/p>","protected":false},"author":1,"featured_media":101,"comment_status":"open","ping_status":"open","sticky":false,"template":"","format":"standard","meta":{"content-type":""},"categories":[3,13],"tags":[3151,3157,3385,3511,992],"class_list":["post-100","post","type-post","status-publish","has-post-thumbnail","hentry","category-culture","category-vocabulary","tag-darkness","tag-depression","tag-sad","tag-vinterdepression","tag-winter"],"aioseo_notices":[],"aioseo_head":"\n\t\t<!-- All in One SEO 5.0.0.1 - aioseo.com -->\n\t<meta name=\"description\" content=\"Returning to Sweden after we changed to winter time last weekend was a bit harsh. Suddenly it gets dark at 4PM here. And it will only get worse. That\u2019s one of the joys of living in the North. I like winter, don\u2019t get me wrong, it\u2019s the darkness that kills me. So, to make sure\" \/>\n\t<meta name=\"robots\" content=\"max-image-preview:large\" \/>\n\t<meta name=\"author\" content=\"Transparent Language\"\/>\n\t<meta name=\"keywords\" content=\"darkness,depression,sad,vinterdepression,winter\" \/>\n\t<link rel=\"canonical\" href=\"https:\/\/blogs.transparent.com\/swedish\/vinterdepression\/\" \/>\n\t<meta name=\"generator\" content=\"All in One SEO (AIOSEO) 5.0.0.1\" \/>\n\t\t<meta property=\"og:locale\" content=\"en_US\" \/>\n\t\t<meta property=\"og:site_name\" content=\"Swedish Language Blog | Language and Culture of the Swedish-Speaking World\" \/>\n\t\t<meta property=\"og:type\" content=\"article\" \/>\n\t\t<meta property=\"og:title\" content=\"Vinterdepression | Swedish Language Blog\" \/>\n\t\t<meta property=\"og:description\" content=\"Returning to Sweden after we changed to winter time last weekend was a bit harsh. Suddenly it gets dark at 4PM here. And it will only get worse. That\u2019s one of the joys of living in the North. I like winter, don\u2019t get me wrong, it\u2019s the darkness that kills me. So, to make sure\" \/>\n\t\t<meta property=\"og:url\" content=\"https:\/\/blogs.transparent.com\/swedish\/vinterdepression\/\" \/>\n\t\t<meta property=\"article:published_time\" content=\"2008-10-29T17:23:23+00:00\" \/>\n\t\t<meta property=\"article:modified_time\" content=\"2008-10-29T17:23:23+00:00\" \/>\n\t\t<meta name=\"twitter:card\" content=\"summary_large_image\" \/>\n\t\t<meta name=\"twitter:title\" content=\"Vinterdepression | Swedish Language Blog\" \/>\n\t\t<meta name=\"twitter:description\" content=\"Returning to Sweden after we changed to winter time last weekend was a bit harsh. Suddenly it gets dark at 4PM here. And it will only get worse. That\u2019s one of the joys of living in the North. I like winter, don\u2019t get me wrong, it\u2019s the darkness that kills me. So, to make sure\" \/>\n\t\t<script type=\"application\/ld+json\" class=\"aioseo-schema\">\n\t\t\t{\"@context\":\"https:\\\/\\\/schema.org\",\"@graph\":[{\"@type\":\"Article\",\"@id\":\"https:\\\/\\\/blogs.transparent.com\\\/swedish\\\/vinterdepression\\\/#article\",\"name\":\"Vinterdepression | Swedish Language Blog\",\"headline\":\"Vinterdepression\",\"author\":{\"@id\":\"https:\\\/\\\/blogs.transparent.com\\\/swedish\\\/author\\\/transparentlanguage\\\/#author\"},\"publisher\":{\"@id\":\"https:\\\/\\\/blogs.transparent.com\\\/swedish\\\/#organization\"},\"image\":{\"@type\":\"ImageObject\",\"url\":\"https:\\\/\\\/blogs.transparent.com\\\/swedish\\\/wp-content\\\/uploads\\\/sites\\\/9\\\/2008\\\/10\\\/lightbulb.jpg\",\"width\":200,\"height\":318},\"datePublished\":\"2008-10-29T13:23:23+00:00\",\"dateModified\":\"2008-10-29T13:23:23+00:00\",\"inLanguage\":\"en-US\",\"commentCount\":7,\"mainEntityOfPage\":{\"@id\":\"https:\\\/\\\/blogs.transparent.com\\\/swedish\\\/vinterdepression\\\/#webpage\"},\"isPartOf\":{\"@id\":\"https:\\\/\\\/blogs.transparent.com\\\/swedish\\\/vinterdepression\\\/#webpage\"},\"articleSection\":\"Culture, Vocabulary, darkness, depression, SAD, vinterdepression, winter\"},{\"@type\":\"BreadcrumbList\",\"@id\":\"https:\\\/\\\/blogs.transparent.com\\\/swedish\\\/vinterdepression\\\/#breadcrumblist\",\"itemListElement\":[{\"@type\":\"ListItem\",\"@id\":\"https:\\\/\\\/blogs.transparent.com\\\/swedish#listItem\",\"position\":1,\"name\":\"Home\",\"item\":\"https:\\\/\\\/blogs.transparent.com\\\/swedish\",\"nextItem\":{\"@type\":\"ListItem\",\"@id\":\"https:\\\/\\\/blogs.transparent.com\\\/swedish\\\/category\\\/culture\\\/#listItem\",\"name\":\"Culture\"}},{\"@type\":\"ListItem\",\"@id\":\"https:\\\/\\\/blogs.transparent.com\\\/swedish\\\/category\\\/culture\\\/#listItem\",\"position\":2,\"name\":\"Culture\",\"item\":\"https:\\\/\\\/blogs.transparent.com\\\/swedish\\\/category\\\/culture\\\/\",\"nextItem\":{\"@type\":\"ListItem\",\"@id\":\"https:\\\/\\\/blogs.transparent.com\\\/swedish\\\/vinterdepression\\\/#listItem\",\"name\":\"Vinterdepression\"},\"previousItem\":{\"@type\":\"ListItem\",\"@id\":\"https:\\\/\\\/blogs.transparent.com\\\/swedish#listItem\",\"name\":\"Home\"}},{\"@type\":\"ListItem\",\"@id\":\"https:\\\/\\\/blogs.transparent.com\\\/swedish\\\/vinterdepression\\\/#listItem\",\"position\":3,\"name\":\"Vinterdepression\",\"previousItem\":{\"@type\":\"ListItem\",\"@id\":\"https:\\\/\\\/blogs.transparent.com\\\/swedish\\\/category\\\/culture\\\/#listItem\",\"name\":\"Culture\"}}]},{\"@type\":\"Organization\",\"@id\":\"https:\\\/\\\/blogs.transparent.com\\\/swedish\\\/#organization\",\"name\":\"Swedish Language Blog\",\"description\":\"Language and Culture of the Swedish-Speaking World\",\"url\":\"https:\\\/\\\/blogs.transparent.com\\\/swedish\\\/\"},{\"@type\":\"Person\",\"@id\":\"https:\\\/\\\/blogs.transparent.com\\\/swedish\\\/author\\\/transparentlanguage\\\/#author\",\"url\":\"https:\\\/\\\/blogs.transparent.com\\\/swedish\\\/author\\\/transparentlanguage\\\/\",\"name\":\"Transparent Language\",\"image\":{\"@type\":\"ImageObject\",\"@id\":\"https:\\\/\\\/blogs.transparent.com\\\/swedish\\\/vinterdepression\\\/#authorImage\",\"url\":\"https:\\\/\\\/secure.gravatar.com\\\/avatar\\\/567610e195faf147244bb8798fd8d1456c5a4afb8df9f9ee483d29ea1094a18c?s=96&d=mm&r=g\",\"width\":96,\"height\":96,\"caption\":\"Transparent Language\"}},{\"@type\":\"WebPage\",\"@id\":\"https:\\\/\\\/blogs.transparent.com\\\/swedish\\\/vinterdepression\\\/#webpage\",\"url\":\"https:\\\/\\\/blogs.transparent.com\\\/swedish\\\/vinterdepression\\\/\",\"name\":\"Vinterdepression | Swedish Language Blog\",\"description\":\"Returning to Sweden after we changed to winter time last weekend was a bit harsh. Suddenly it gets dark at 4PM here. And it will only get worse. That\\u2019s one of the joys of living in the North. I like winter, don\\u2019t get me wrong, it\\u2019s the darkness that kills me. So, to make sure\",\"inLanguage\":\"en-US\",\"isPartOf\":{\"@id\":\"https:\\\/\\\/blogs.transparent.com\\\/swedish\\\/#website\"},\"breadcrumb\":{\"@id\":\"https:\\\/\\\/blogs.transparent.com\\\/swedish\\\/vinterdepression\\\/#breadcrumblist\"},\"author\":{\"@id\":\"https:\\\/\\\/blogs.transparent.com\\\/swedish\\\/author\\\/transparentlanguage\\\/#author\"},\"creator\":{\"@id\":\"https:\\\/\\\/blogs.transparent.com\\\/swedish\\\/author\\\/transparentlanguage\\\/#author\"},\"image\":{\"@type\":\"ImageObject\",\"url\":\"https:\\\/\\\/blogs.transparent.com\\\/swedish\\\/wp-content\\\/uploads\\\/sites\\\/9\\\/2008\\\/10\\\/lightbulb.jpg\",\"@id\":\"https:\\\/\\\/blogs.transparent.com\\\/swedish\\\/vinterdepression\\\/#mainImage\",\"width\":200,\"height\":318},\"primaryImageOfPage\":{\"@id\":\"https:\\\/\\\/blogs.transparent.com\\\/swedish\\\/vinterdepression\\\/#mainImage\"},\"datePublished\":\"2008-10-29T13:23:23+00:00\",\"dateModified\":\"2008-10-29T13:23:23+00:00\"},{\"@type\":\"WebSite\",\"@id\":\"https:\\\/\\\/blogs.transparent.com\\\/swedish\\\/#website\",\"url\":\"https:\\\/\\\/blogs.transparent.com\\\/swedish\\\/\",\"name\":\"Swedish Language Blog\",\"description\":\"Language and Culture of the Swedish-Speaking World\",\"inLanguage\":\"en-US\",\"publisher\":{\"@id\":\"https:\\\/\\\/blogs.transparent.com\\\/swedish\\\/#organization\"}}]}\n\t\t<\/script>\n\t\t<!-- All in One SEO -->\n\n","aioseo_head_json":{"title":"Vinterdepression | Swedish Language Blog","description":"Returning to Sweden after we changed to winter time last weekend was a bit harsh. Suddenly it gets dark at 4PM here. And it will only get worse. That\u2019s one of the joys of living in the North. I like winter, don\u2019t get me wrong, it\u2019s the darkness that kills me. So, to make sure","canonical_url":"https:\/\/blogs.transparent.com\/swedish\/vinterdepression\/","robots":"max-image-preview:large","keywords":"darkness,depression,sad,vinterdepression,winter","webmasterTools":{"miscellaneous":""},"schema":{"@context":"https:\/\/schema.org","@graph":[{"@type":"Article","@id":"https:\/\/blogs.transparent.com\/swedish\/vinterdepression\/#article","name":"Vinterdepression | Swedish Language Blog","headline":"Vinterdepression","author":{"@id":"https:\/\/blogs.transparent.com\/swedish\/author\/transparentlanguage\/#author"},"publisher":{"@id":"https:\/\/blogs.transparent.com\/swedish\/#organization"},"image":{"@type":"ImageObject","url":"https:\/\/blogs.transparent.com\/swedish\/wp-content\/uploads\/sites\/9\/2008\/10\/lightbulb.jpg","width":200,"height":318},"datePublished":"2008-10-29T13:23:23+00:00","dateModified":"2008-10-29T13:23:23+00:00","inLanguage":"en-US","commentCount":7,"mainEntityOfPage":{"@id":"https:\/\/blogs.transparent.com\/swedish\/vinterdepression\/#webpage"},"isPartOf":{"@id":"https:\/\/blogs.transparent.com\/swedish\/vinterdepression\/#webpage"},"articleSection":"Culture, Vocabulary, darkness, depression, SAD, vinterdepression, winter"},{"@type":"BreadcrumbList","@id":"https:\/\/blogs.transparent.com\/swedish\/vinterdepression\/#breadcrumblist","itemListElement":[{"@type":"ListItem","@id":"https:\/\/blogs.transparent.com\/swedish#listItem","position":1,"name":"Home","item":"https:\/\/blogs.transparent.com\/swedish","nextItem":{"@type":"ListItem","@id":"https:\/\/blogs.transparent.com\/swedish\/category\/culture\/#listItem","name":"Culture"}},{"@type":"ListItem","@id":"https:\/\/blogs.transparent.com\/swedish\/category\/culture\/#listItem","position":2,"name":"Culture","item":"https:\/\/blogs.transparent.com\/swedish\/category\/culture\/","nextItem":{"@type":"ListItem","@id":"https:\/\/blogs.transparent.com\/swedish\/vinterdepression\/#listItem","name":"Vinterdepression"},"previousItem":{"@type":"ListItem","@id":"https:\/\/blogs.transparent.com\/swedish#listItem","name":"Home"}},{"@type":"ListItem","@id":"https:\/\/blogs.transparent.com\/swedish\/vinterdepression\/#listItem","position":3,"name":"Vinterdepression","previousItem":{"@type":"ListItem","@id":"https:\/\/blogs.transparent.com\/swedish\/category\/culture\/#listItem","name":"Culture"}}]},{"@type":"Organization","@id":"https:\/\/blogs.transparent.com\/swedish\/#organization","name":"Swedish Language Blog","description":"Language and Culture of the Swedish-Speaking World","url":"https:\/\/blogs.transparent.com\/swedish\/"},{"@type":"Person","@id":"https:\/\/blogs.transparent.com\/swedish\/author\/transparentlanguage\/#author","url":"https:\/\/blogs.transparent.com\/swedish\/author\/transparentlanguage\/","name":"Transparent Language","image":{"@type":"ImageObject","@id":"https:\/\/blogs.transparent.com\/swedish\/vinterdepression\/#authorImage","url":"https:\/\/secure.gravatar.com\/avatar\/567610e195faf147244bb8798fd8d1456c5a4afb8df9f9ee483d29ea1094a18c?s=96&d=mm&r=g","width":96,"height":96,"caption":"Transparent Language"}},{"@type":"WebPage","@id":"https:\/\/blogs.transparent.com\/swedish\/vinterdepression\/#webpage","url":"https:\/\/blogs.transparent.com\/swedish\/vinterdepression\/","name":"Vinterdepression | Swedish Language Blog","description":"Returning to Sweden after we changed to winter time last weekend was a bit harsh. Suddenly it gets dark at 4PM here. And it will only get worse. That\u2019s one of the joys of living in the North. I like winter, don\u2019t get me wrong, it\u2019s the darkness that kills me. So, to make sure","inLanguage":"en-US","isPartOf":{"@id":"https:\/\/blogs.transparent.com\/swedish\/#website"},"breadcrumb":{"@id":"https:\/\/blogs.transparent.com\/swedish\/vinterdepression\/#breadcrumblist"},"author":{"@id":"https:\/\/blogs.transparent.com\/swedish\/author\/transparentlanguage\/#author"},"creator":{"@id":"https:\/\/blogs.transparent.com\/swedish\/author\/transparentlanguage\/#author"},"image":{"@type":"ImageObject","url":"https:\/\/blogs.transparent.com\/swedish\/wp-content\/uploads\/sites\/9\/2008\/10\/lightbulb.jpg","@id":"https:\/\/blogs.transparent.com\/swedish\/vinterdepression\/#mainImage","width":200,"height":318},"primaryImageOfPage":{"@id":"https:\/\/blogs.transparent.com\/swedish\/vinterdepression\/#mainImage"},"datePublished":"2008-10-29T13:23:23+00:00","dateModified":"2008-10-29T13:23:23+00:00"},{"@type":"WebSite","@id":"https:\/\/blogs.transparent.com\/swedish\/#website","url":"https:\/\/blogs.transparent.com\/swedish\/","name":"Swedish Language Blog","description":"Language and Culture of the Swedish-Speaking World","inLanguage":"en-US","publisher":{"@id":"https:\/\/blogs.transparent.com\/swedish\/#organization"}}]},"og:locale":"en_US","og:site_name":"Swedish Language Blog | Language and Culture of the Swedish-Speaking World","og:type":"article","og:title":"Vinterdepression | Swedish Language Blog","og:description":"Returning to Sweden after we changed to winter time last weekend was a bit harsh. Suddenly it gets dark at 4PM here. And it will only get worse. That\u2019s one of the joys of living in the North. I like winter, don\u2019t get me wrong, it\u2019s the darkness that kills me. So, to make sure","og:url":"https:\/\/blogs.transparent.com\/swedish\/vinterdepression\/","article:published_time":"2008-10-29T17:23:23+00:00","article:modified_time":"2008-10-29T17:23:23+00:00","twitter:card":"summary_large_image","twitter:title":"Vinterdepression | Swedish Language Blog","twitter:description":"Returning to Sweden after we changed to winter time last weekend was a bit harsh. Suddenly it gets dark at 4PM here. And it will only get worse. That\u2019s one of the joys of living in the North. I like winter, don\u2019t get me wrong, it\u2019s the darkness that kills me. So, to make sure"},"aioseo_meta_data":{"post_id":"100","title":null,"description":null,"keywords":null,"keyphrases":null,"primary_term":null,"canonical_url":null,"og_title":null,"og_description":null,"og_object_type":"default","og_image_type":"default","og_image_url":null,"og_image_width":null,"og_image_height":null,"og_image_custom_url":null,"og_image_custom_fields":null,"og_video":null,"og_custom_url":null,"og_article_section":null,"og_article_tags":null,"twitter_use_og":false,"twitter_card":"default","twitter_image_type":"default","twitter_image_url":null,"twitter_image_custom_url":null,"twitter_image_custom_fields":null,"twitter_title":null,"twitter_description":null,"schema":{"blockGraphs":[],"customGraphs":[],"default":{"data":{"Article":[],"Course":[],"Dataset":[],"FAQPage":[],"Movie":[],"Person":[],"Product":[],"ProductReview":[],"Car":[],"Recipe":[],"Service":[],"SoftwareApplication":[],"WebPage":[]},"graphName":"Article","isEnabled":true},"graphs":[]},"schema_type":null,"schema_type_options":null,"pillar_content":false,"robots_default":true,"robots_noindex":false,"robots_noarchive":false,"robots_nosnippet":false,"robots_nofollow":false,"robots_noimageindex":false,"robots_noodp":false,"robots_notranslate":false,"robots_max_snippet":null,"robots_max_videopreview":null,"robots_max_imagepreview":"large","priority":null,"frequency":null,"location":null,"local_seo":null,"breadcrumb_settings":null,"limit_modified_date":false,"ai":null,"created":"2020-12-21 16:03:48","updated":"2025-07-09 15:54:40","focus_keyword":null,"additional_keywords":null,"truseo_locale":null,"seo_analyzer_scan_date":null},"_links":{"self":[{"href":"https:\/\/blogs.transparent.com\/swedish\/wp-json\/wp\/v2\/posts\/100","targetHints":{"allow":["GET"]}}],"collection":[{"href":"https:\/\/blogs.transparent.com\/swedish\/wp-json\/wp\/v2\/posts"}],"about":[{"href":"https:\/\/blogs.transparent.com\/swedish\/wp-json\/wp\/v2\/types\/post"}],"author":[{"embeddable":true,"href":"https:\/\/blogs.transparent.com\/swedish\/wp-json\/wp\/v2\/users\/1"}],"replies":[{"embeddable":true,"href":"https:\/\/blogs.transparent.com\/swedish\/wp-json\/wp\/v2\/comments?post=100"}],"version-history":[{"count":0,"href":"https:\/\/blogs.transparent.com\/swedish\/wp-json\/wp\/v2\/posts\/100\/revisions"}],"wp:featuredmedia":[{"embeddable":true,"href":"https:\/\/blogs.transparent.com\/swedish\/wp-json\/wp\/v2\/media\/101"}],"wp:attachment":[{"href":"https:\/\/blogs.transparent.com\/swedish\/wp-json\/wp\/v2\/media?parent=100"}],"wp:term":[{"taxonomy":"category","embeddable":true,"href":"https:\/\/blogs.transparent.com\/swedish\/wp-json\/wp\/v2\/categories?post=100"},{"taxonomy":"post_tag","embeddable":true,"href":"https:\/\/blogs.transparent.com\/swedish\/wp-json\/wp\/v2\/tags?post=100"}],"curies":[{"name":"wp","href":"https:\/\/api.w.org\/{rel}","templated":true}]}}