{"id":174,"date":"2009-02-25T08:13:13","date_gmt":"2009-02-25T12:13:13","guid":{"rendered":"https:\/\/blogs.transparent.com\/swedish\/?p=174"},"modified":"2009-02-25T08:13:13","modified_gmt":"2009-02-25T12:13:13","slug":"victoria-och-daniel-gifter-sig","status":"publish","type":"post","link":"https:\/\/blogs.transparent.com\/swedish\/victoria-och-daniel-gifter-sig\/","title":{"rendered":"Victoria och Daniel gifter sig!"},"content":{"rendered":"<p>There\u2019s one less eligible princess in the world today! Victoria and Daniel are getting married!<\/p>\n<p><strong>Victoria<\/strong>, Crown Princess of Sweden, Duchess of <strong>V\u00e4sterg\u00f6tland<\/strong> (<strong>Kronprinsessan Victoria, Sveriges kronprinsessa, hertiginna av V\u00e4sterg\u00f6tland<\/strong>) and her long-time boyfriend \u2013 <strong>Daniel Westling<\/strong> announced their engagement yesterday. And it was about time! They\u2019ve been together for seven years now, if I remember correctly.<\/p>\n<p><a href=\"https:\/\/blogs.transparent.com\/swedish\/wp-content\/uploads\/sites\/9\/2009\/02\/princess-v.jpg\" aria-label=\"Princess V\"><img loading=\"lazy\" decoding=\"async\" class=\"aligncenter size-full wp-image-175\"  alt=\"\" width=\"366\" height=\"180\" \/ src=\"https:\/\/blogs.transparent.com\/swedish\/wp-content\/uploads\/sites\/9\/2009\/02\/princess-v.jpg\" srcset=\"https:\/\/blogs.transparent.com\/swedish\/wp-content\/uploads\/sites\/9\/2009\/02\/princess-v.jpg 366w, https:\/\/blogs.transparent.com\/swedish\/wp-content\/uploads\/sites\/9\/2009\/02\/princess-v-350x172.jpg 350w\" sizes=\"auto, (max-width: 366px) 100vw, 366px\" \/><\/a><\/p>\n<p>This is of course big news in Sweden. When I went to the supermarket this morning, <strong>Victoria<\/strong>\u2019s smiling face was staring at me from every front page of every newspaper. And the wedding is not even until 2010. Can you imagine how bad the coverage will get by the time the couple actually ties the knot?<\/p>\n<p>Swedes are not as obsessed about their royal family as some other nations (yes, the British immediately come to mind) but most people do have a keen interest in what goes on at the Royal Castle, especially when it comes to royal gossip.<\/p>\n<p>So, what about this guy <strong>Victoria<\/strong> will be marrying next year?<\/p>\n<p>They met in 2002, and get this &#8211; he was her personal fitness trainer. <strong>Daniel Westling<\/strong> is not a royal. He\u2019s just a gym owner, he runs a company called Balance Training in <strong>Stockholm<\/strong>.<\/p>\n<p>I like the fact that Princess <strong>Victoria<\/strong> is marrying a commoner. A few years ago, when asked in an interview about royals marrying ordinary people, this is what she said:<br \/>\n<em> &#8220;I think the general idea of Swedes is that it&#8217;s the modern way to marry someone that you love, not necessarily where she or he comes from.&#8221;<\/em><\/p>\n<p>And I couldn\u2019t agree more. A very sensible approach to a very important issue, which just goes to prove once again that Sweden is a very egalitarian society, indeed.<\/p>\n<p>If you want to get your fill of all things Victoria, head to the Swedish Radio webpage. They have a <a href=\"http:\/\/www.sr.se\/cgi-bin\/ekot\/tema\/index.asp?ProgramID=3097&lt;br &gt;&lt;\/a&gt;\" target=\"_blank\">special section<\/a> devoted to the upcoming royal wedding. And as always with <strong>SR<\/strong>, it\u2019s written in clear and concise <strong>svenska<\/strong>.<\/p>\n<ul>\n<li><strong>f\u00f6rlovning<\/strong> (<em>def.<\/em> <strong>f\u00f6rlovningen<\/strong>, <em>pl.<\/em> <strong>f\u00f6rlovningar<\/strong>, <em>def.pl.<\/em> <strong>f\u00f6rlovningarna<\/strong>) &#8211; <strong>l\u00f6fte mellan tv\u00e5 personer om att de ska gifta sig senare<\/strong> \u2013 an agreement (promise) between two people to get married later on, an engagement.<\/li>\n<\/ul>\n","protected":false},"excerpt":{"rendered":"<img width=\"350\" height=\"172\" src=\"https:\/\/blogs.transparent.com\/swedish\/wp-content\/uploads\/sites\/9\/2009\/02\/princess-v-350x172.jpg\" class=\"attachment-post-thumbnail size-post-thumbnail wp-post-image\" alt=\"\" decoding=\"async\" loading=\"lazy\" srcset=\"https:\/\/blogs.transparent.com\/swedish\/wp-content\/uploads\/sites\/9\/2009\/02\/princess-v-350x172.jpg 350w, https:\/\/blogs.transparent.com\/swedish\/wp-content\/uploads\/sites\/9\/2009\/02\/princess-v.jpg 366w\" sizes=\"auto, (max-width: 350px) 100vw, 350px\" \/><p>There\u2019s one less eligible princess in the world today! Victoria and Daniel are getting married! Victoria, Crown Princess of Sweden, Duchess of V\u00e4sterg\u00f6tland (Kronprinsessan Victoria, Sveriges kronprinsessa, hertiginna av V\u00e4sterg\u00f6tland) and her long-time boyfriend \u2013 Daniel Westling announced their engagement yesterday. And it was about time! They\u2019ve been together for seven years now, if I&hellip;<\/p>\n<p class=\"post-item__readmore\"><a class=\"btn btn--md\" href=\"https:\/\/blogs.transparent.com\/swedish\/victoria-och-daniel-gifter-sig\/\">Continue Reading<\/a><\/p>","protected":false},"author":1,"featured_media":175,"comment_status":"open","ping_status":"open","sticky":false,"template":"","format":"standard","meta":{"content-type":""},"categories":[3],"tags":[911,3357,3381,3382],"class_list":["post-174","post","type-post","status-publish","has-post-thumbnail","hentry","category-culture","tag-current-events","tag-princess-victoria","tag-royal-engagement","tag-royal-family"],"aioseo_notices":[],"aioseo_head":"\n\t\t<!-- All in One SEO 5.0.0.1 - aioseo.com -->\n\t<meta name=\"description\" content=\"There\u2019s one less eligible princess in the world today! Victoria and Daniel are getting married! Victoria, Crown Princess of Sweden, Duchess of V\u00e4sterg\u00f6tland (Kronprinsessan Victoria, Sveriges kronprinsessa, hertiginna av V\u00e4sterg\u00f6tland) and her long-time boyfriend \u2013 Daniel Westling announced their engagement yesterday. And it was about time! They\u2019ve been together for seven years now, if I\" \/>\n\t<meta name=\"robots\" content=\"max-image-preview:large\" \/>\n\t<meta name=\"author\" content=\"Transparent Language\"\/>\n\t<meta name=\"keywords\" content=\"current events,princess victoria,royal engagement,royal family\" \/>\n\t<link rel=\"canonical\" href=\"https:\/\/blogs.transparent.com\/swedish\/victoria-och-daniel-gifter-sig\/\" \/>\n\t<meta name=\"generator\" content=\"All in One SEO (AIOSEO) 5.0.0.1\" \/>\n\t\t<meta property=\"og:locale\" content=\"en_US\" \/>\n\t\t<meta property=\"og:site_name\" content=\"Swedish Language Blog | Language and Culture of the Swedish-Speaking World\" \/>\n\t\t<meta property=\"og:type\" content=\"article\" \/>\n\t\t<meta property=\"og:title\" content=\"Victoria och Daniel gifter sig! | Swedish Language Blog\" \/>\n\t\t<meta property=\"og:description\" content=\"There\u2019s one less eligible princess in the world today! Victoria and Daniel are getting married! Victoria, Crown Princess of Sweden, Duchess of V\u00e4sterg\u00f6tland (Kronprinsessan Victoria, Sveriges kronprinsessa, hertiginna av V\u00e4sterg\u00f6tland) and her long-time boyfriend \u2013 Daniel Westling announced their engagement yesterday. And it was about time! They\u2019ve been together for seven years now, if I\" \/>\n\t\t<meta property=\"og:url\" content=\"https:\/\/blogs.transparent.com\/swedish\/victoria-och-daniel-gifter-sig\/\" \/>\n\t\t<meta property=\"article:published_time\" content=\"2009-02-25T12:13:13+00:00\" \/>\n\t\t<meta property=\"article:modified_time\" content=\"2009-02-25T12:13:13+00:00\" \/>\n\t\t<meta name=\"twitter:card\" content=\"summary_large_image\" \/>\n\t\t<meta name=\"twitter:title\" content=\"Victoria och Daniel gifter sig! | Swedish Language Blog\" \/>\n\t\t<meta name=\"twitter:description\" content=\"There\u2019s one less eligible princess in the world today! Victoria and Daniel are getting married! Victoria, Crown Princess of Sweden, Duchess of V\u00e4sterg\u00f6tland (Kronprinsessan Victoria, Sveriges kronprinsessa, hertiginna av V\u00e4sterg\u00f6tland) and her long-time boyfriend \u2013 Daniel Westling announced their engagement yesterday. And it was about time! They\u2019ve been together for seven years now, if I\" \/>\n\t\t<script type=\"application\/ld+json\" class=\"aioseo-schema\">\n\t\t\t{\"@context\":\"https:\\\/\\\/schema.org\",\"@graph\":[{\"@type\":\"Article\",\"@id\":\"https:\\\/\\\/blogs.transparent.com\\\/swedish\\\/victoria-och-daniel-gifter-sig\\\/#article\",\"name\":\"Victoria och Daniel gifter sig! | Swedish Language Blog\",\"headline\":\"Victoria och Daniel gifter sig!\",\"author\":{\"@id\":\"https:\\\/\\\/blogs.transparent.com\\\/swedish\\\/author\\\/transparentlanguage\\\/#author\"},\"publisher\":{\"@id\":\"https:\\\/\\\/blogs.transparent.com\\\/swedish\\\/#organization\"},\"image\":{\"@type\":\"ImageObject\",\"url\":\"https:\\\/\\\/blogs.transparent.com\\\/swedish\\\/wp-content\\\/uploads\\\/sites\\\/9\\\/2009\\\/02\\\/princess-v.jpg\",\"width\":366,\"height\":180},\"datePublished\":\"2009-02-25T08:13:13+00:00\",\"dateModified\":\"2009-02-25T08:13:13+00:00\",\"inLanguage\":\"en-US\",\"commentCount\":5,\"mainEntityOfPage\":{\"@id\":\"https:\\\/\\\/blogs.transparent.com\\\/swedish\\\/victoria-och-daniel-gifter-sig\\\/#webpage\"},\"isPartOf\":{\"@id\":\"https:\\\/\\\/blogs.transparent.com\\\/swedish\\\/victoria-och-daniel-gifter-sig\\\/#webpage\"},\"articleSection\":\"Culture, current events, princess victoria, royal engagement, royal family\"},{\"@type\":\"BreadcrumbList\",\"@id\":\"https:\\\/\\\/blogs.transparent.com\\\/swedish\\\/victoria-och-daniel-gifter-sig\\\/#breadcrumblist\",\"itemListElement\":[{\"@type\":\"ListItem\",\"@id\":\"https:\\\/\\\/blogs.transparent.com\\\/swedish#listItem\",\"position\":1,\"name\":\"Home\",\"item\":\"https:\\\/\\\/blogs.transparent.com\\\/swedish\",\"nextItem\":{\"@type\":\"ListItem\",\"@id\":\"https:\\\/\\\/blogs.transparent.com\\\/swedish\\\/category\\\/culture\\\/#listItem\",\"name\":\"Culture\"}},{\"@type\":\"ListItem\",\"@id\":\"https:\\\/\\\/blogs.transparent.com\\\/swedish\\\/category\\\/culture\\\/#listItem\",\"position\":2,\"name\":\"Culture\",\"item\":\"https:\\\/\\\/blogs.transparent.com\\\/swedish\\\/category\\\/culture\\\/\",\"nextItem\":{\"@type\":\"ListItem\",\"@id\":\"https:\\\/\\\/blogs.transparent.com\\\/swedish\\\/victoria-och-daniel-gifter-sig\\\/#listItem\",\"name\":\"Victoria och Daniel gifter sig!\"},\"previousItem\":{\"@type\":\"ListItem\",\"@id\":\"https:\\\/\\\/blogs.transparent.com\\\/swedish#listItem\",\"name\":\"Home\"}},{\"@type\":\"ListItem\",\"@id\":\"https:\\\/\\\/blogs.transparent.com\\\/swedish\\\/victoria-och-daniel-gifter-sig\\\/#listItem\",\"position\":3,\"name\":\"Victoria och Daniel gifter sig!\",\"previousItem\":{\"@type\":\"ListItem\",\"@id\":\"https:\\\/\\\/blogs.transparent.com\\\/swedish\\\/category\\\/culture\\\/#listItem\",\"name\":\"Culture\"}}]},{\"@type\":\"Organization\",\"@id\":\"https:\\\/\\\/blogs.transparent.com\\\/swedish\\\/#organization\",\"name\":\"Swedish Language Blog\",\"description\":\"Language and Culture of the Swedish-Speaking World\",\"url\":\"https:\\\/\\\/blogs.transparent.com\\\/swedish\\\/\"},{\"@type\":\"Person\",\"@id\":\"https:\\\/\\\/blogs.transparent.com\\\/swedish\\\/author\\\/transparentlanguage\\\/#author\",\"url\":\"https:\\\/\\\/blogs.transparent.com\\\/swedish\\\/author\\\/transparentlanguage\\\/\",\"name\":\"Transparent Language\",\"image\":{\"@type\":\"ImageObject\",\"@id\":\"https:\\\/\\\/blogs.transparent.com\\\/swedish\\\/victoria-och-daniel-gifter-sig\\\/#authorImage\",\"url\":\"https:\\\/\\\/secure.gravatar.com\\\/avatar\\\/567610e195faf147244bb8798fd8d1456c5a4afb8df9f9ee483d29ea1094a18c?s=96&d=mm&r=g\",\"width\":96,\"height\":96,\"caption\":\"Transparent Language\"}},{\"@type\":\"WebPage\",\"@id\":\"https:\\\/\\\/blogs.transparent.com\\\/swedish\\\/victoria-och-daniel-gifter-sig\\\/#webpage\",\"url\":\"https:\\\/\\\/blogs.transparent.com\\\/swedish\\\/victoria-och-daniel-gifter-sig\\\/\",\"name\":\"Victoria och Daniel gifter sig! | Swedish Language Blog\",\"description\":\"There\\u2019s one less eligible princess in the world today! Victoria and Daniel are getting married! Victoria, Crown Princess of Sweden, Duchess of V\\u00e4sterg\\u00f6tland (Kronprinsessan Victoria, Sveriges kronprinsessa, hertiginna av V\\u00e4sterg\\u00f6tland) and her long-time boyfriend \\u2013 Daniel Westling announced their engagement yesterday. And it was about time! They\\u2019ve been together for seven years now, if I\",\"inLanguage\":\"en-US\",\"isPartOf\":{\"@id\":\"https:\\\/\\\/blogs.transparent.com\\\/swedish\\\/#website\"},\"breadcrumb\":{\"@id\":\"https:\\\/\\\/blogs.transparent.com\\\/swedish\\\/victoria-och-daniel-gifter-sig\\\/#breadcrumblist\"},\"author\":{\"@id\":\"https:\\\/\\\/blogs.transparent.com\\\/swedish\\\/author\\\/transparentlanguage\\\/#author\"},\"creator\":{\"@id\":\"https:\\\/\\\/blogs.transparent.com\\\/swedish\\\/author\\\/transparentlanguage\\\/#author\"},\"image\":{\"@type\":\"ImageObject\",\"url\":\"https:\\\/\\\/blogs.transparent.com\\\/swedish\\\/wp-content\\\/uploads\\\/sites\\\/9\\\/2009\\\/02\\\/princess-v.jpg\",\"@id\":\"https:\\\/\\\/blogs.transparent.com\\\/swedish\\\/victoria-och-daniel-gifter-sig\\\/#mainImage\",\"width\":366,\"height\":180},\"primaryImageOfPage\":{\"@id\":\"https:\\\/\\\/blogs.transparent.com\\\/swedish\\\/victoria-och-daniel-gifter-sig\\\/#mainImage\"},\"datePublished\":\"2009-02-25T08:13:13+00:00\",\"dateModified\":\"2009-02-25T08:13:13+00:00\"},{\"@type\":\"WebSite\",\"@id\":\"https:\\\/\\\/blogs.transparent.com\\\/swedish\\\/#website\",\"url\":\"https:\\\/\\\/blogs.transparent.com\\\/swedish\\\/\",\"name\":\"Swedish Language Blog\",\"description\":\"Language and Culture of the Swedish-Speaking World\",\"inLanguage\":\"en-US\",\"publisher\":{\"@id\":\"https:\\\/\\\/blogs.transparent.com\\\/swedish\\\/#organization\"}}]}\n\t\t<\/script>\n\t\t<!-- All in One SEO -->\n\n","aioseo_head_json":{"title":"Victoria och Daniel gifter sig! | Swedish Language Blog","description":"There\u2019s one less eligible princess in the world today! Victoria and Daniel are getting married! Victoria, Crown Princess of Sweden, Duchess of V\u00e4sterg\u00f6tland (Kronprinsessan Victoria, Sveriges kronprinsessa, hertiginna av V\u00e4sterg\u00f6tland) and her long-time boyfriend \u2013 Daniel Westling announced their engagement yesterday. And it was about time! They\u2019ve been together for seven years now, if I","canonical_url":"https:\/\/blogs.transparent.com\/swedish\/victoria-och-daniel-gifter-sig\/","robots":"max-image-preview:large","keywords":"current events,princess victoria,royal engagement,royal family","webmasterTools":{"miscellaneous":""},"schema":{"@context":"https:\/\/schema.org","@graph":[{"@type":"Article","@id":"https:\/\/blogs.transparent.com\/swedish\/victoria-och-daniel-gifter-sig\/#article","name":"Victoria och Daniel gifter sig! | Swedish Language Blog","headline":"Victoria och Daniel gifter sig!","author":{"@id":"https:\/\/blogs.transparent.com\/swedish\/author\/transparentlanguage\/#author"},"publisher":{"@id":"https:\/\/blogs.transparent.com\/swedish\/#organization"},"image":{"@type":"ImageObject","url":"https:\/\/blogs.transparent.com\/swedish\/wp-content\/uploads\/sites\/9\/2009\/02\/princess-v.jpg","width":366,"height":180},"datePublished":"2009-02-25T08:13:13+00:00","dateModified":"2009-02-25T08:13:13+00:00","inLanguage":"en-US","commentCount":5,"mainEntityOfPage":{"@id":"https:\/\/blogs.transparent.com\/swedish\/victoria-och-daniel-gifter-sig\/#webpage"},"isPartOf":{"@id":"https:\/\/blogs.transparent.com\/swedish\/victoria-och-daniel-gifter-sig\/#webpage"},"articleSection":"Culture, current events, princess victoria, royal engagement, royal family"},{"@type":"BreadcrumbList","@id":"https:\/\/blogs.transparent.com\/swedish\/victoria-och-daniel-gifter-sig\/#breadcrumblist","itemListElement":[{"@type":"ListItem","@id":"https:\/\/blogs.transparent.com\/swedish#listItem","position":1,"name":"Home","item":"https:\/\/blogs.transparent.com\/swedish","nextItem":{"@type":"ListItem","@id":"https:\/\/blogs.transparent.com\/swedish\/category\/culture\/#listItem","name":"Culture"}},{"@type":"ListItem","@id":"https:\/\/blogs.transparent.com\/swedish\/category\/culture\/#listItem","position":2,"name":"Culture","item":"https:\/\/blogs.transparent.com\/swedish\/category\/culture\/","nextItem":{"@type":"ListItem","@id":"https:\/\/blogs.transparent.com\/swedish\/victoria-och-daniel-gifter-sig\/#listItem","name":"Victoria och Daniel gifter sig!"},"previousItem":{"@type":"ListItem","@id":"https:\/\/blogs.transparent.com\/swedish#listItem","name":"Home"}},{"@type":"ListItem","@id":"https:\/\/blogs.transparent.com\/swedish\/victoria-och-daniel-gifter-sig\/#listItem","position":3,"name":"Victoria och Daniel gifter sig!","previousItem":{"@type":"ListItem","@id":"https:\/\/blogs.transparent.com\/swedish\/category\/culture\/#listItem","name":"Culture"}}]},{"@type":"Organization","@id":"https:\/\/blogs.transparent.com\/swedish\/#organization","name":"Swedish Language Blog","description":"Language and Culture of the Swedish-Speaking World","url":"https:\/\/blogs.transparent.com\/swedish\/"},{"@type":"Person","@id":"https:\/\/blogs.transparent.com\/swedish\/author\/transparentlanguage\/#author","url":"https:\/\/blogs.transparent.com\/swedish\/author\/transparentlanguage\/","name":"Transparent Language","image":{"@type":"ImageObject","@id":"https:\/\/blogs.transparent.com\/swedish\/victoria-och-daniel-gifter-sig\/#authorImage","url":"https:\/\/secure.gravatar.com\/avatar\/567610e195faf147244bb8798fd8d1456c5a4afb8df9f9ee483d29ea1094a18c?s=96&d=mm&r=g","width":96,"height":96,"caption":"Transparent Language"}},{"@type":"WebPage","@id":"https:\/\/blogs.transparent.com\/swedish\/victoria-och-daniel-gifter-sig\/#webpage","url":"https:\/\/blogs.transparent.com\/swedish\/victoria-och-daniel-gifter-sig\/","name":"Victoria och Daniel gifter sig! | Swedish Language Blog","description":"There\u2019s one less eligible princess in the world today! Victoria and Daniel are getting married! Victoria, Crown Princess of Sweden, Duchess of V\u00e4sterg\u00f6tland (Kronprinsessan Victoria, Sveriges kronprinsessa, hertiginna av V\u00e4sterg\u00f6tland) and her long-time boyfriend \u2013 Daniel Westling announced their engagement yesterday. And it was about time! They\u2019ve been together for seven years now, if I","inLanguage":"en-US","isPartOf":{"@id":"https:\/\/blogs.transparent.com\/swedish\/#website"},"breadcrumb":{"@id":"https:\/\/blogs.transparent.com\/swedish\/victoria-och-daniel-gifter-sig\/#breadcrumblist"},"author":{"@id":"https:\/\/blogs.transparent.com\/swedish\/author\/transparentlanguage\/#author"},"creator":{"@id":"https:\/\/blogs.transparent.com\/swedish\/author\/transparentlanguage\/#author"},"image":{"@type":"ImageObject","url":"https:\/\/blogs.transparent.com\/swedish\/wp-content\/uploads\/sites\/9\/2009\/02\/princess-v.jpg","@id":"https:\/\/blogs.transparent.com\/swedish\/victoria-och-daniel-gifter-sig\/#mainImage","width":366,"height":180},"primaryImageOfPage":{"@id":"https:\/\/blogs.transparent.com\/swedish\/victoria-och-daniel-gifter-sig\/#mainImage"},"datePublished":"2009-02-25T08:13:13+00:00","dateModified":"2009-02-25T08:13:13+00:00"},{"@type":"WebSite","@id":"https:\/\/blogs.transparent.com\/swedish\/#website","url":"https:\/\/blogs.transparent.com\/swedish\/","name":"Swedish Language Blog","description":"Language and Culture of the Swedish-Speaking World","inLanguage":"en-US","publisher":{"@id":"https:\/\/blogs.transparent.com\/swedish\/#organization"}}]},"og:locale":"en_US","og:site_name":"Swedish Language Blog | Language and Culture of the Swedish-Speaking World","og:type":"article","og:title":"Victoria och Daniel gifter sig! | Swedish Language Blog","og:description":"There\u2019s one less eligible princess in the world today! Victoria and Daniel are getting married! Victoria, Crown Princess of Sweden, Duchess of V\u00e4sterg\u00f6tland (Kronprinsessan Victoria, Sveriges kronprinsessa, hertiginna av V\u00e4sterg\u00f6tland) and her long-time boyfriend \u2013 Daniel Westling announced their engagement yesterday. And it was about time! They\u2019ve been together for seven years now, if I","og:url":"https:\/\/blogs.transparent.com\/swedish\/victoria-och-daniel-gifter-sig\/","article:published_time":"2009-02-25T12:13:13+00:00","article:modified_time":"2009-02-25T12:13:13+00:00","twitter:card":"summary_large_image","twitter:title":"Victoria och Daniel gifter sig! | Swedish Language Blog","twitter:description":"There\u2019s one less eligible princess in the world today! Victoria and Daniel are getting married! Victoria, Crown Princess of Sweden, Duchess of V\u00e4sterg\u00f6tland (Kronprinsessan Victoria, Sveriges kronprinsessa, hertiginna av V\u00e4sterg\u00f6tland) and her long-time boyfriend \u2013 Daniel Westling announced their engagement yesterday. And it was about time! They\u2019ve been together for seven years now, if I"},"aioseo_meta_data":{"post_id":"174","title":null,"description":null,"keywords":null,"keyphrases":null,"primary_term":null,"canonical_url":null,"og_title":null,"og_description":null,"og_object_type":"default","og_image_type":"default","og_image_url":null,"og_image_width":null,"og_image_height":null,"og_image_custom_url":null,"og_image_custom_fields":null,"og_video":null,"og_custom_url":null,"og_article_section":null,"og_article_tags":null,"twitter_use_og":false,"twitter_card":"default","twitter_image_type":"default","twitter_image_url":null,"twitter_image_custom_url":null,"twitter_image_custom_fields":null,"twitter_title":null,"twitter_description":null,"schema":{"blockGraphs":[],"customGraphs":[],"default":{"data":{"Article":[],"Course":[],"Dataset":[],"FAQPage":[],"Movie":[],"Person":[],"Product":[],"ProductReview":[],"Car":[],"Recipe":[],"Service":[],"SoftwareApplication":[],"WebPage":[]},"graphName":"Article","isEnabled":true},"graphs":[]},"schema_type":null,"schema_type_options":null,"pillar_content":false,"robots_default":true,"robots_noindex":false,"robots_noarchive":false,"robots_nosnippet":false,"robots_nofollow":false,"robots_noimageindex":false,"robots_noodp":false,"robots_notranslate":false,"robots_max_snippet":null,"robots_max_videopreview":null,"robots_max_imagepreview":"large","priority":null,"frequency":null,"location":null,"local_seo":null,"breadcrumb_settings":null,"limit_modified_date":false,"ai":null,"created":"2020-12-21 16:04:53","updated":"2025-07-09 15:59:18","focus_keyword":null,"additional_keywords":null,"truseo_locale":null,"seo_analyzer_scan_date":null},"_links":{"self":[{"href":"https:\/\/blogs.transparent.com\/swedish\/wp-json\/wp\/v2\/posts\/174","targetHints":{"allow":["GET"]}}],"collection":[{"href":"https:\/\/blogs.transparent.com\/swedish\/wp-json\/wp\/v2\/posts"}],"about":[{"href":"https:\/\/blogs.transparent.com\/swedish\/wp-json\/wp\/v2\/types\/post"}],"author":[{"embeddable":true,"href":"https:\/\/blogs.transparent.com\/swedish\/wp-json\/wp\/v2\/users\/1"}],"replies":[{"embeddable":true,"href":"https:\/\/blogs.transparent.com\/swedish\/wp-json\/wp\/v2\/comments?post=174"}],"version-history":[{"count":0,"href":"https:\/\/blogs.transparent.com\/swedish\/wp-json\/wp\/v2\/posts\/174\/revisions"}],"wp:featuredmedia":[{"embeddable":true,"href":"https:\/\/blogs.transparent.com\/swedish\/wp-json\/wp\/v2\/media\/175"}],"wp:attachment":[{"href":"https:\/\/blogs.transparent.com\/swedish\/wp-json\/wp\/v2\/media?parent=174"}],"wp:term":[{"taxonomy":"category","embeddable":true,"href":"https:\/\/blogs.transparent.com\/swedish\/wp-json\/wp\/v2\/categories?post=174"},{"taxonomy":"post_tag","embeddable":true,"href":"https:\/\/blogs.transparent.com\/swedish\/wp-json\/wp\/v2\/tags?post=174"}],"curies":[{"name":"wp","href":"https:\/\/api.w.org\/{rel}","templated":true}]}}