{"id":6361,"date":"2013-07-02T10:08:22","date_gmt":"2013-07-02T10:08:22","guid":{"rendered":"https:\/\/blogs.transparent.com\/swedish\/?p=6361"},"modified":"2014-06-26T21:59:09","modified_gmt":"2014-06-26T21:59:09","slug":"bus-strike-in-sweden","status":"publish","type":"post","link":"https:\/\/blogs.transparent.com\/swedish\/bus-strike-in-sweden\/","title":{"rendered":"Bus strike in Sweden"},"content":{"rendered":"<p dir=\"ltr\">During the last week in June chaos has crept into the lives of many Swedes. Daily routines have been turned upside down, and why you might ask yourself? Because of the strikes of the local busses. Many people in Sweden, especially in the bigger cities don\u2019t own cars. They completely rely on being able to take the whereever they need to go, whether it is shopping, taking the kids to daycare or getting into town to have a drink with friends.<\/p>\n<p dir=\"ltr\" style=\"text-align: center\">\n<p dir=\"ltr\">During the first couple of days the strike involved all local busses in Ume\u00e5, S\u00f6dert\u00e4lje, Norrk\u00f6ping, J\u00f6nk\u00f6ping, Str\u00e4ngn\u00e4s, Halmstad, V\u00e4ster\u00e5s\/Hallstahammar, G\u00e4vle and most of the busses in Stockholm. But as the days went by the bus\/coach driver\u2019s union threatened to extend the strike to intercity coaches.<\/p>\n<p>Many newspapers interviewed locals about their views on the strike, revealing a great support amongst bus travelers. In general everybody wanted the bus\/coach driver\u2019s union conditions to be met. Before the strike many bus drivers had so short breaks that should something go wrong or delay the bus their breaks had to pay the price. Toilet or coffee breaks were luxuries on tough days, which are working conditions nobody should have to work under.<\/p>\n<p dir=\"ltr\">The other demands the union made were about job security and increased wages. Before the strike many bus drivers approaching retirement age were worried about their jobs in the event their subcontractors should change.<\/p>\n<p dir=\"ltr\">After a week of chaos as well as very patient travelers the strike ended when the bus driver\u2019s employers\u2019 and the unions agreed on better working conditions. Sweden now has it\u2019s public transport back and it is with a sigh of relief many travelers start swiping their bus cards again.<\/p>\n<div><\/div>\n","protected":false},"excerpt":{"rendered":"<p>During the last week in June chaos has crept into the lives of many Swedes. Daily routines have been turned upside down, and why you might ask yourself? Because of the strikes of the local busses. Many people in Sweden, especially in the bigger cities don\u2019t own cars. They completely rely on being able to&hellip;<\/p>\n<p class=\"post-item__readmore\"><a class=\"btn btn--md\" href=\"https:\/\/blogs.transparent.com\/swedish\/bus-strike-in-sweden\/\">Continue Reading<\/a><\/p>","protected":false},"author":25,"featured_media":0,"comment_status":"open","ping_status":"open","sticky":false,"template":"","format":"standard","meta":{"content-type":""},"categories":[1],"tags":[236388,3428,236389],"class_list":["post-6361","post","type-post","status-publish","hentry","category-uncategorized","tag-buses","tag-strike","tag-union"],"aioseo_notices":[],"aioseo_head":"\n\t\t<!-- All in One SEO 5.0.0.1 - aioseo.com -->\n\t<meta name=\"description\" content=\"Experienced the recent lack of public transport? You are probably not the only one, read more to find out the reason why the buses aren&#039;t running.\" \/>\n\t<meta name=\"robots\" content=\"max-image-preview:large\" \/>\n\t<meta name=\"author\" content=\"Katja\"\/>\n\t<meta name=\"keywords\" content=\"buses,strike,union,public transport in sweden,travel\" \/>\n\t<link rel=\"canonical\" href=\"https:\/\/blogs.transparent.com\/swedish\/bus-strike-in-sweden\/\" \/>\n\t<meta name=\"generator\" content=\"All in One SEO (AIOSEO) 5.0.0.1\" \/>\n\t\t<meta property=\"og:locale\" content=\"en_US\" \/>\n\t\t<meta property=\"og:site_name\" content=\"Swedish Language Blog | Language and Culture of the Swedish-Speaking World\" \/>\n\t\t<meta property=\"og:type\" content=\"article\" \/>\n\t\t<meta property=\"og:title\" content=\"Bus strike in Sweden | Swedish Language Blog\" \/>\n\t\t<meta property=\"og:description\" content=\"Experienced the recent lack of public transport? You are probably not the only one, read more to find out the reason why the buses aren&#039;t running.\" \/>\n\t\t<meta property=\"og:url\" content=\"https:\/\/blogs.transparent.com\/swedish\/bus-strike-in-sweden\/\" \/>\n\t\t<meta property=\"article:published_time\" content=\"2013-07-02T10:08:22+00:00\" \/>\n\t\t<meta property=\"article:modified_time\" content=\"2014-06-26T21:59:09+00:00\" \/>\n\t\t<meta name=\"twitter:card\" content=\"summary_large_image\" \/>\n\t\t<meta name=\"twitter:title\" content=\"Bus strike in Sweden | Swedish Language Blog\" \/>\n\t\t<meta name=\"twitter:description\" content=\"Experienced the recent lack of public transport? You are probably not the only one, read more to find out the reason why the buses aren&#039;t running.\" \/>\n\t\t<script type=\"application\/ld+json\" class=\"aioseo-schema\">\n\t\t\t{\"@context\":\"https:\\\/\\\/schema.org\",\"@graph\":[{\"@type\":\"Article\",\"@id\":\"https:\\\/\\\/blogs.transparent.com\\\/swedish\\\/bus-strike-in-sweden\\\/#article\",\"name\":\"Bus strike in Sweden | Swedish Language Blog\",\"headline\":\"Bus strike in Sweden\",\"author\":{\"@id\":\"https:\\\/\\\/blogs.transparent.com\\\/swedish\\\/author\\\/katja\\\/#author\"},\"publisher\":{\"@id\":\"https:\\\/\\\/blogs.transparent.com\\\/swedish\\\/#organization\"},\"datePublished\":\"2013-07-02T10:08:22+00:00\",\"dateModified\":\"2014-06-26T21:59:09+00:00\",\"inLanguage\":\"en-US\",\"commentCount\":1,\"mainEntityOfPage\":{\"@id\":\"https:\\\/\\\/blogs.transparent.com\\\/swedish\\\/bus-strike-in-sweden\\\/#webpage\"},\"isPartOf\":{\"@id\":\"https:\\\/\\\/blogs.transparent.com\\\/swedish\\\/bus-strike-in-sweden\\\/#webpage\"},\"articleSection\":\"Uncategorized, buses, strike, union\"},{\"@type\":\"BreadcrumbList\",\"@id\":\"https:\\\/\\\/blogs.transparent.com\\\/swedish\\\/bus-strike-in-sweden\\\/#breadcrumblist\",\"itemListElement\":[{\"@type\":\"ListItem\",\"@id\":\"https:\\\/\\\/blogs.transparent.com\\\/swedish#listItem\",\"position\":1,\"name\":\"Home\",\"item\":\"https:\\\/\\\/blogs.transparent.com\\\/swedish\",\"nextItem\":{\"@type\":\"ListItem\",\"@id\":\"https:\\\/\\\/blogs.transparent.com\\\/swedish\\\/category\\\/uncategorized\\\/#listItem\",\"name\":\"Uncategorized\"}},{\"@type\":\"ListItem\",\"@id\":\"https:\\\/\\\/blogs.transparent.com\\\/swedish\\\/category\\\/uncategorized\\\/#listItem\",\"position\":2,\"name\":\"Uncategorized\",\"item\":\"https:\\\/\\\/blogs.transparent.com\\\/swedish\\\/category\\\/uncategorized\\\/\",\"nextItem\":{\"@type\":\"ListItem\",\"@id\":\"https:\\\/\\\/blogs.transparent.com\\\/swedish\\\/bus-strike-in-sweden\\\/#listItem\",\"name\":\"Bus strike in Sweden\"},\"previousItem\":{\"@type\":\"ListItem\",\"@id\":\"https:\\\/\\\/blogs.transparent.com\\\/swedish#listItem\",\"name\":\"Home\"}},{\"@type\":\"ListItem\",\"@id\":\"https:\\\/\\\/blogs.transparent.com\\\/swedish\\\/bus-strike-in-sweden\\\/#listItem\",\"position\":3,\"name\":\"Bus strike in Sweden\",\"previousItem\":{\"@type\":\"ListItem\",\"@id\":\"https:\\\/\\\/blogs.transparent.com\\\/swedish\\\/category\\\/uncategorized\\\/#listItem\",\"name\":\"Uncategorized\"}}]},{\"@type\":\"Organization\",\"@id\":\"https:\\\/\\\/blogs.transparent.com\\\/swedish\\\/#organization\",\"name\":\"Swedish Language Blog\",\"description\":\"Language and Culture of the Swedish-Speaking World\",\"url\":\"https:\\\/\\\/blogs.transparent.com\\\/swedish\\\/\"},{\"@type\":\"Person\",\"@id\":\"https:\\\/\\\/blogs.transparent.com\\\/swedish\\\/author\\\/katja\\\/#author\",\"url\":\"https:\\\/\\\/blogs.transparent.com\\\/swedish\\\/author\\\/katja\\\/\",\"name\":\"Katja\",\"image\":{\"@type\":\"ImageObject\",\"@id\":\"https:\\\/\\\/blogs.transparent.com\\\/swedish\\\/bus-strike-in-sweden\\\/#authorImage\",\"url\":\"https:\\\/\\\/secure.gravatar.com\\\/avatar\\\/28dfc548bc8fd6cbd86454b58f201d93ff6c0c99d7c82e4e74b4cc5b2095d706?s=96&d=mm&r=g\",\"width\":96,\"height\":96,\"caption\":\"Katja\"}},{\"@type\":\"WebPage\",\"@id\":\"https:\\\/\\\/blogs.transparent.com\\\/swedish\\\/bus-strike-in-sweden\\\/#webpage\",\"url\":\"https:\\\/\\\/blogs.transparent.com\\\/swedish\\\/bus-strike-in-sweden\\\/\",\"name\":\"Bus strike in Sweden | Swedish Language Blog\",\"description\":\"Experienced the recent lack of public transport? You are probably not the only one, read more to find out the reason why the buses aren't running.\",\"inLanguage\":\"en-US\",\"isPartOf\":{\"@id\":\"https:\\\/\\\/blogs.transparent.com\\\/swedish\\\/#website\"},\"breadcrumb\":{\"@id\":\"https:\\\/\\\/blogs.transparent.com\\\/swedish\\\/bus-strike-in-sweden\\\/#breadcrumblist\"},\"author\":{\"@id\":\"https:\\\/\\\/blogs.transparent.com\\\/swedish\\\/author\\\/katja\\\/#author\"},\"creator\":{\"@id\":\"https:\\\/\\\/blogs.transparent.com\\\/swedish\\\/author\\\/katja\\\/#author\"},\"datePublished\":\"2013-07-02T10:08:22+00:00\",\"dateModified\":\"2014-06-26T21:59:09+00:00\"},{\"@type\":\"WebSite\",\"@id\":\"https:\\\/\\\/blogs.transparent.com\\\/swedish\\\/#website\",\"url\":\"https:\\\/\\\/blogs.transparent.com\\\/swedish\\\/\",\"name\":\"Swedish Language Blog\",\"description\":\"Language and Culture of the Swedish-Speaking World\",\"inLanguage\":\"en-US\",\"publisher\":{\"@id\":\"https:\\\/\\\/blogs.transparent.com\\\/swedish\\\/#organization\"}}]}\n\t\t<\/script>\n\t\t<!-- All in One SEO -->\n\n","aioseo_head_json":{"title":"Bus strike in Sweden | Swedish Language Blog","description":"Experienced the recent lack of public transport? You are probably not the only one, read more to find out the reason why the buses aren't running.","canonical_url":"https:\/\/blogs.transparent.com\/swedish\/bus-strike-in-sweden\/","robots":"max-image-preview:large","keywords":"buses,strike,union,public transport in sweden,travel","webmasterTools":{"miscellaneous":""},"schema":{"@context":"https:\/\/schema.org","@graph":[{"@type":"Article","@id":"https:\/\/blogs.transparent.com\/swedish\/bus-strike-in-sweden\/#article","name":"Bus strike in Sweden | Swedish Language Blog","headline":"Bus strike in Sweden","author":{"@id":"https:\/\/blogs.transparent.com\/swedish\/author\/katja\/#author"},"publisher":{"@id":"https:\/\/blogs.transparent.com\/swedish\/#organization"},"datePublished":"2013-07-02T10:08:22+00:00","dateModified":"2014-06-26T21:59:09+00:00","inLanguage":"en-US","commentCount":1,"mainEntityOfPage":{"@id":"https:\/\/blogs.transparent.com\/swedish\/bus-strike-in-sweden\/#webpage"},"isPartOf":{"@id":"https:\/\/blogs.transparent.com\/swedish\/bus-strike-in-sweden\/#webpage"},"articleSection":"Uncategorized, buses, strike, union"},{"@type":"BreadcrumbList","@id":"https:\/\/blogs.transparent.com\/swedish\/bus-strike-in-sweden\/#breadcrumblist","itemListElement":[{"@type":"ListItem","@id":"https:\/\/blogs.transparent.com\/swedish#listItem","position":1,"name":"Home","item":"https:\/\/blogs.transparent.com\/swedish","nextItem":{"@type":"ListItem","@id":"https:\/\/blogs.transparent.com\/swedish\/category\/uncategorized\/#listItem","name":"Uncategorized"}},{"@type":"ListItem","@id":"https:\/\/blogs.transparent.com\/swedish\/category\/uncategorized\/#listItem","position":2,"name":"Uncategorized","item":"https:\/\/blogs.transparent.com\/swedish\/category\/uncategorized\/","nextItem":{"@type":"ListItem","@id":"https:\/\/blogs.transparent.com\/swedish\/bus-strike-in-sweden\/#listItem","name":"Bus strike in Sweden"},"previousItem":{"@type":"ListItem","@id":"https:\/\/blogs.transparent.com\/swedish#listItem","name":"Home"}},{"@type":"ListItem","@id":"https:\/\/blogs.transparent.com\/swedish\/bus-strike-in-sweden\/#listItem","position":3,"name":"Bus strike in Sweden","previousItem":{"@type":"ListItem","@id":"https:\/\/blogs.transparent.com\/swedish\/category\/uncategorized\/#listItem","name":"Uncategorized"}}]},{"@type":"Organization","@id":"https:\/\/blogs.transparent.com\/swedish\/#organization","name":"Swedish Language Blog","description":"Language and Culture of the Swedish-Speaking World","url":"https:\/\/blogs.transparent.com\/swedish\/"},{"@type":"Person","@id":"https:\/\/blogs.transparent.com\/swedish\/author\/katja\/#author","url":"https:\/\/blogs.transparent.com\/swedish\/author\/katja\/","name":"Katja","image":{"@type":"ImageObject","@id":"https:\/\/blogs.transparent.com\/swedish\/bus-strike-in-sweden\/#authorImage","url":"https:\/\/secure.gravatar.com\/avatar\/28dfc548bc8fd6cbd86454b58f201d93ff6c0c99d7c82e4e74b4cc5b2095d706?s=96&d=mm&r=g","width":96,"height":96,"caption":"Katja"}},{"@type":"WebPage","@id":"https:\/\/blogs.transparent.com\/swedish\/bus-strike-in-sweden\/#webpage","url":"https:\/\/blogs.transparent.com\/swedish\/bus-strike-in-sweden\/","name":"Bus strike in Sweden | Swedish Language Blog","description":"Experienced the recent lack of public transport? You are probably not the only one, read more to find out the reason why the buses aren't running.","inLanguage":"en-US","isPartOf":{"@id":"https:\/\/blogs.transparent.com\/swedish\/#website"},"breadcrumb":{"@id":"https:\/\/blogs.transparent.com\/swedish\/bus-strike-in-sweden\/#breadcrumblist"},"author":{"@id":"https:\/\/blogs.transparent.com\/swedish\/author\/katja\/#author"},"creator":{"@id":"https:\/\/blogs.transparent.com\/swedish\/author\/katja\/#author"},"datePublished":"2013-07-02T10:08:22+00:00","dateModified":"2014-06-26T21:59:09+00:00"},{"@type":"WebSite","@id":"https:\/\/blogs.transparent.com\/swedish\/#website","url":"https:\/\/blogs.transparent.com\/swedish\/","name":"Swedish Language Blog","description":"Language and Culture of the Swedish-Speaking World","inLanguage":"en-US","publisher":{"@id":"https:\/\/blogs.transparent.com\/swedish\/#organization"}}]},"og:locale":"en_US","og:site_name":"Swedish Language Blog | Language and Culture of the Swedish-Speaking World","og:type":"article","og:title":"Bus strike in Sweden | Swedish Language Blog","og:description":"Experienced the recent lack of public transport? You are probably not the only one, read more to find out the reason why the buses aren't running.","og:url":"https:\/\/blogs.transparent.com\/swedish\/bus-strike-in-sweden\/","article:published_time":"2013-07-02T10:08:22+00:00","article:modified_time":"2014-06-26T21:59:09+00:00","twitter:card":"summary_large_image","twitter:title":"Bus strike in Sweden | Swedish Language Blog","twitter:description":"Experienced the recent lack of public transport? You are probably not the only one, read more to find out the reason why the buses aren't running."},"aioseo_meta_data":{"post_id":"6361","title":"Bus strike in Sweden  | #site_title","description":"Experienced the recent lack of public transport? You are probably not the only one, read more to find out the reason why the buses aren't running.","keywords":[{"label":"buses","value":"buses"},{"label":"strike","value":"strike"},{"label":"union","value":"union"},{"label":"public transport in sweden","value":"public transport in sweden"},{"label":"travel","value":"travel"}],"keyphrases":null,"primary_term":null,"canonical_url":null,"og_title":null,"og_description":null,"og_object_type":"default","og_image_type":"default","og_image_url":null,"og_image_width":null,"og_image_height":null,"og_image_custom_url":null,"og_image_custom_fields":null,"og_video":null,"og_custom_url":null,"og_article_section":null,"og_article_tags":null,"twitter_use_og":false,"twitter_card":"default","twitter_image_type":"default","twitter_image_url":null,"twitter_image_custom_url":null,"twitter_image_custom_fields":null,"twitter_title":null,"twitter_description":null,"schema":{"blockGraphs":[],"customGraphs":[],"default":{"data":{"Article":[],"Course":[],"Dataset":[],"FAQPage":[],"Movie":[],"Person":[],"Product":[],"ProductReview":[],"Car":[],"Recipe":[],"Service":[],"SoftwareApplication":[],"WebPage":[]},"graphName":"Article","isEnabled":true},"graphs":[]},"schema_type":null,"schema_type_options":null,"pillar_content":false,"robots_default":true,"robots_noindex":false,"robots_noarchive":false,"robots_nosnippet":false,"robots_nofollow":false,"robots_noimageindex":false,"robots_noodp":false,"robots_notranslate":false,"robots_max_snippet":null,"robots_max_videopreview":null,"robots_max_imagepreview":"large","priority":null,"frequency":null,"location":null,"local_seo":null,"breadcrumb_settings":null,"limit_modified_date":false,"ai":null,"created":"2020-12-21 16:08:56","updated":"2025-07-09 17:31:07","focus_keyword":null,"additional_keywords":null,"truseo_locale":null,"seo_analyzer_scan_date":null},"_links":{"self":[{"href":"https:\/\/blogs.transparent.com\/swedish\/wp-json\/wp\/v2\/posts\/6361","targetHints":{"allow":["GET"]}}],"collection":[{"href":"https:\/\/blogs.transparent.com\/swedish\/wp-json\/wp\/v2\/posts"}],"about":[{"href":"https:\/\/blogs.transparent.com\/swedish\/wp-json\/wp\/v2\/types\/post"}],"author":[{"embeddable":true,"href":"https:\/\/blogs.transparent.com\/swedish\/wp-json\/wp\/v2\/users\/25"}],"replies":[{"embeddable":true,"href":"https:\/\/blogs.transparent.com\/swedish\/wp-json\/wp\/v2\/comments?post=6361"}],"version-history":[{"count":6,"href":"https:\/\/blogs.transparent.com\/swedish\/wp-json\/wp\/v2\/posts\/6361\/revisions"}],"predecessor-version":[{"id":6682,"href":"https:\/\/blogs.transparent.com\/swedish\/wp-json\/wp\/v2\/posts\/6361\/revisions\/6682"}],"wp:attachment":[{"href":"https:\/\/blogs.transparent.com\/swedish\/wp-json\/wp\/v2\/media?parent=6361"}],"wp:term":[{"taxonomy":"category","embeddable":true,"href":"https:\/\/blogs.transparent.com\/swedish\/wp-json\/wp\/v2\/categories?post=6361"},{"taxonomy":"post_tag","embeddable":true,"href":"https:\/\/blogs.transparent.com\/swedish\/wp-json\/wp\/v2\/tags?post=6361"}],"curies":[{"name":"wp","href":"https:\/\/api.w.org\/{rel}","templated":true}]}}