{"id":8297,"date":"2018-11-12T10:00:41","date_gmt":"2018-11-12T10:00:41","guid":{"rendered":"https:\/\/blogs.transparent.com\/swedish\/?p=8297"},"modified":"2018-11-19T20:47:46","modified_gmt":"2018-11-19T20:47:46","slug":"still-no-government-in-sweden","status":"publish","type":"post","link":"https:\/\/blogs.transparent.com\/swedish\/still-no-government-in-sweden\/","title":{"rendered":"Still no government in Sweden"},"content":{"rendered":"<p>The 25 September voted most of the Swedish parliament (Riksdagen) against Stefan L\u00f6fv\u00e9n the sitting prime minister (<strong>statsminister<\/strong>) from the Socialdemocratic party. The most recent elections was held on 9\/9 where the turn out was very close between the right and the left block:<\/p>\n<table class=\"wikitable\" style=\"height: 93px\" width=\"750\">\n<tbody>\n<tr>\n<td><b>Alliance coalition between:<\/b>\u00a0(Moderate Party, Liberals, Center, Christian Democrats)<\/td>\n<td align=\"right\">40,2 %<\/td>\n<td align=\"right\"><\/td>\n<td align=\"right\"><\/td>\n<\/tr>\n<tr>\n<td><b>Red-green coalition between:<\/b>\u00a0(Social Democrats, The Green Party, The Left Party)<\/td>\n<td align=\"right\">40,7 %<\/td>\n<td align=\"right\"><\/td>\n<td align=\"right\"><\/td>\n<\/tr>\n<tr>\n<td><b>Swedish Democrats<\/b><\/td>\n<td align=\"right\">17,5 %<\/td>\n<td align=\"right\"><\/td>\n<td align=\"right\"><\/td>\n<\/tr>\n<\/tbody>\n<\/table>\n<p>Source: Valmyndigheten<\/p>\n<p>Since no coalitions (<strong>koalition<\/strong>) want to work together with the Swedish Democrats. There has been different suggestions\/guesses for a possible new Swedish government because the results are so close. It is the speaker&#8217;s (<strong>talman<\/strong>) roll to suggest the parties building a new government. The Alliance has also failed to build a government in this constellation and now the Moderate Party could try to form a minority government but the Swedish Democrats will probably not support that idea either. The Social Democrats has been trying to flirt with the Liberals and The Center Party but without any success so far. If the speaker is unable to help with the process a new election should be held in three months.<\/p>\n<p>Was it hard to understand this? I give you an easier explanation with the help of J-\u00c5 Lindstedt.<\/p>\n<p>&#8220;Stefan wants to talk to Jan and Annie who don&#8217;t want to talk to Stefan. Jimmie wants to talk to Ulf, but he only wants to talk to Ebba, Jan and Annie. Nobody wants to talk to Jimmie or Jonas, but Stefan could be friend with Jonas but then he won&#8217;t be able to talk to Jan and Annie because they don&#8217;t want to talk to Jonas. If Ulf and Ebba would talk to Jimmie then Jan and Annie would stop talking to Ulf and Ebba and then they would start talking to Stefan, but only of course if he stops talking to Jonas. The kindergarten teacher (<strong>dagisfr\u00f6ken<\/strong>) and the parents (<strong>f\u00f6r\u00e4ldrarna<\/strong>) are totally desperate and don&#8217;t know how the children should friends again.&#8221;<\/p>\n<p><a href=\"https:\/\/blogs.transparent.com\/swedish\/wp-content\/uploads\/sites\/9\/2018\/11\/rapport.jpg\" aria-label=\"Rapport 262x350\"><img loading=\"lazy\" decoding=\"async\" class=\"size-medium wp-image-8299 aligncenter\"  alt=\"\" width=\"262\" height=\"350\" \/ src=\"https:\/\/blogs.transparent.com\/swedish\/wp-content\/uploads\/sites\/9\/2018\/11\/rapport-262x350.jpg\" srcset=\"https:\/\/blogs.transparent.com\/swedish\/wp-content\/uploads\/sites\/9\/2018\/11\/rapport-262x350.jpg 262w, https:\/\/blogs.transparent.com\/swedish\/wp-content\/uploads\/sites\/9\/2018\/11\/rapport.jpg 562w\" sizes=\"auto, (max-width: 262px) 100vw, 262px\" \/><\/a><\/p>\n","protected":false},"excerpt":{"rendered":"<img width=\"262\" height=\"350\" src=\"https:\/\/blogs.transparent.com\/swedish\/wp-content\/uploads\/sites\/9\/2018\/11\/rapport-262x350.jpg\" class=\"attachment-post-thumbnail size-post-thumbnail wp-post-image\" alt=\"\" decoding=\"async\" loading=\"lazy\" srcset=\"https:\/\/blogs.transparent.com\/swedish\/wp-content\/uploads\/sites\/9\/2018\/11\/rapport-262x350.jpg 262w, https:\/\/blogs.transparent.com\/swedish\/wp-content\/uploads\/sites\/9\/2018\/11\/rapport.jpg 562w\" sizes=\"auto, (max-width: 262px) 100vw, 262px\" \/><p>The 25 September voted most of the Swedish parliament (Riksdagen) against Stefan L\u00f6fv\u00e9n the sitting prime minister (statsminister) from the Socialdemocratic party. The most recent elections was held on 9\/9 where the turn out was very close between the right and the left block: Alliance coalition between:\u00a0(Moderate Party, Liberals, Center, Christian Democrats) 40,2 % Red-green&hellip;<\/p>\n<p class=\"post-item__readmore\"><a class=\"btn btn--md\" href=\"https:\/\/blogs.transparent.com\/swedish\/still-no-government-in-sweden\/\">Continue Reading<\/a><\/p>","protected":false},"author":27,"featured_media":8299,"comment_status":"open","ping_status":"closed","sticky":false,"template":"","format":"standard","meta":{"content-type":""},"categories":[3079],"tags":[2092,477539,477538,3442,3446,10125],"class_list":["post-8297","post","type-post","status-publish","has-post-thumbnail","hentry","category-swedish-language","tag-elections","tag-j-a-lindstedt","tag-rapportfransandladan","tag-sweden","tag-swedish","tag-swedish-blog"],"aioseo_notices":[],"aioseo_head":"\n\t\t<!-- All in One SEO 5.0.0.1 - aioseo.com -->\n\t<meta name=\"description\" content=\"The 25 September voted most of the Swedish parliament (Riksdagen) against Stefan L\u00f6fv\u00e9n the sitting prime minister (statsminister) from the Socialdemocratic party. The most recent elections was held on 9\/9 where the turn out was very close between the right and the left block: Alliance coalition between: (Moderate Party, Liberals, Center, Christian Democrats) 40,2 % Red-green\" \/>\n\t<meta name=\"robots\" content=\"max-image-preview:large\" \/>\n\t<meta name=\"author\" content=\"Tibor\"\/>\n\t<meta name=\"keywords\" content=\"elections,j-\u00e5 lindstedt,rapportfr\u00e5nsandl\u00e5dan,sweden,swedish,swedish blog\" \/>\n\t<link rel=\"canonical\" href=\"https:\/\/blogs.transparent.com\/swedish\/still-no-government-in-sweden\/\" \/>\n\t<meta name=\"generator\" content=\"All in One SEO (AIOSEO) 5.0.0.1\" \/>\n\t\t<meta property=\"og:locale\" content=\"en_US\" \/>\n\t\t<meta property=\"og:site_name\" content=\"Swedish Language Blog | Language and Culture of the Swedish-Speaking World\" \/>\n\t\t<meta property=\"og:type\" content=\"article\" \/>\n\t\t<meta property=\"og:title\" content=\"Still no government in Sweden | Swedish Language Blog\" \/>\n\t\t<meta property=\"og:description\" content=\"The 25 September voted most of the Swedish parliament (Riksdagen) against Stefan L\u00f6fv\u00e9n the sitting prime minister (statsminister) from the Socialdemocratic party. The most recent elections was held on 9\/9 where the turn out was very close between the right and the left block: Alliance coalition between: (Moderate Party, Liberals, Center, Christian Democrats) 40,2 % Red-green\" \/>\n\t\t<meta property=\"og:url\" content=\"https:\/\/blogs.transparent.com\/swedish\/still-no-government-in-sweden\/\" \/>\n\t\t<meta property=\"article:published_time\" content=\"2018-11-12T10:00:41+00:00\" \/>\n\t\t<meta property=\"article:modified_time\" content=\"2018-11-19T20:47:46+00:00\" \/>\n\t\t<meta name=\"twitter:card\" content=\"summary_large_image\" \/>\n\t\t<meta name=\"twitter:title\" content=\"Still no government in Sweden | Swedish Language Blog\" \/>\n\t\t<meta name=\"twitter:description\" content=\"The 25 September voted most of the Swedish parliament (Riksdagen) against Stefan L\u00f6fv\u00e9n the sitting prime minister (statsminister) from the Socialdemocratic party. The most recent elections was held on 9\/9 where the turn out was very close between the right and the left block: Alliance coalition between: (Moderate Party, Liberals, Center, Christian Democrats) 40,2 % Red-green\" \/>\n\t\t<script type=\"application\/ld+json\" class=\"aioseo-schema\">\n\t\t\t{\"@context\":\"https:\\\/\\\/schema.org\",\"@graph\":[{\"@type\":\"Article\",\"@id\":\"https:\\\/\\\/blogs.transparent.com\\\/swedish\\\/still-no-government-in-sweden\\\/#article\",\"name\":\"Still no government in Sweden | Swedish Language Blog\",\"headline\":\"Still no government in Sweden\",\"author\":{\"@id\":\"https:\\\/\\\/blogs.transparent.com\\\/swedish\\\/author\\\/tibor\\\/#author\"},\"publisher\":{\"@id\":\"https:\\\/\\\/blogs.transparent.com\\\/swedish\\\/#organization\"},\"image\":{\"@type\":\"ImageObject\",\"url\":\"https:\\\/\\\/blogs.transparent.com\\\/swedish\\\/wp-content\\\/uploads\\\/sites\\\/9\\\/2018\\\/11\\\/rapport.jpg\",\"width\":562,\"height\":750},\"datePublished\":\"2018-11-12T10:00:41+00:00\",\"dateModified\":\"2018-11-19T20:47:46+00:00\",\"inLanguage\":\"en-US\",\"mainEntityOfPage\":{\"@id\":\"https:\\\/\\\/blogs.transparent.com\\\/swedish\\\/still-no-government-in-sweden\\\/#webpage\"},\"isPartOf\":{\"@id\":\"https:\\\/\\\/blogs.transparent.com\\\/swedish\\\/still-no-government-in-sweden\\\/#webpage\"},\"articleSection\":\"Swedish Language, elections, j-\\u00e5 lindstedt, rapportfr\\u00e5nsandl\\u00e5dan, Sweden, Swedish, Swedish blog\"},{\"@type\":\"BreadcrumbList\",\"@id\":\"https:\\\/\\\/blogs.transparent.com\\\/swedish\\\/still-no-government-in-sweden\\\/#breadcrumblist\",\"itemListElement\":[{\"@type\":\"ListItem\",\"@id\":\"https:\\\/\\\/blogs.transparent.com\\\/swedish#listItem\",\"position\":1,\"name\":\"Home\",\"item\":\"https:\\\/\\\/blogs.transparent.com\\\/swedish\",\"nextItem\":{\"@type\":\"ListItem\",\"@id\":\"https:\\\/\\\/blogs.transparent.com\\\/swedish\\\/category\\\/swedish-language\\\/#listItem\",\"name\":\"Swedish Language\"}},{\"@type\":\"ListItem\",\"@id\":\"https:\\\/\\\/blogs.transparent.com\\\/swedish\\\/category\\\/swedish-language\\\/#listItem\",\"position\":2,\"name\":\"Swedish Language\",\"item\":\"https:\\\/\\\/blogs.transparent.com\\\/swedish\\\/category\\\/swedish-language\\\/\",\"nextItem\":{\"@type\":\"ListItem\",\"@id\":\"https:\\\/\\\/blogs.transparent.com\\\/swedish\\\/still-no-government-in-sweden\\\/#listItem\",\"name\":\"Still no government in Sweden\"},\"previousItem\":{\"@type\":\"ListItem\",\"@id\":\"https:\\\/\\\/blogs.transparent.com\\\/swedish#listItem\",\"name\":\"Home\"}},{\"@type\":\"ListItem\",\"@id\":\"https:\\\/\\\/blogs.transparent.com\\\/swedish\\\/still-no-government-in-sweden\\\/#listItem\",\"position\":3,\"name\":\"Still no government in Sweden\",\"previousItem\":{\"@type\":\"ListItem\",\"@id\":\"https:\\\/\\\/blogs.transparent.com\\\/swedish\\\/category\\\/swedish-language\\\/#listItem\",\"name\":\"Swedish Language\"}}]},{\"@type\":\"Organization\",\"@id\":\"https:\\\/\\\/blogs.transparent.com\\\/swedish\\\/#organization\",\"name\":\"Swedish Language Blog\",\"description\":\"Language and Culture of the Swedish-Speaking World\",\"url\":\"https:\\\/\\\/blogs.transparent.com\\\/swedish\\\/\"},{\"@type\":\"Person\",\"@id\":\"https:\\\/\\\/blogs.transparent.com\\\/swedish\\\/author\\\/tibor\\\/#author\",\"url\":\"https:\\\/\\\/blogs.transparent.com\\\/swedish\\\/author\\\/tibor\\\/\",\"name\":\"Tibor\",\"image\":{\"@type\":\"ImageObject\",\"@id\":\"https:\\\/\\\/blogs.transparent.com\\\/swedish\\\/still-no-government-in-sweden\\\/#authorImage\",\"url\":\"https:\\\/\\\/secure.gravatar.com\\\/avatar\\\/0918f53b516cd486a8bc63711094486d1196b1515a7c8c4631a1646e68cad37b?s=96&d=mm&r=g\",\"width\":96,\"height\":96,\"caption\":\"Tibor\"}},{\"@type\":\"WebPage\",\"@id\":\"https:\\\/\\\/blogs.transparent.com\\\/swedish\\\/still-no-government-in-sweden\\\/#webpage\",\"url\":\"https:\\\/\\\/blogs.transparent.com\\\/swedish\\\/still-no-government-in-sweden\\\/\",\"name\":\"Still no government in Sweden | Swedish Language Blog\",\"description\":\"The 25 September voted most of the Swedish parliament (Riksdagen) against Stefan L\\u00f6fv\\u00e9n the sitting prime minister (statsminister) from the Socialdemocratic party. The most recent elections was held on 9\\\/9 where the turn out was very close between the right and the left block: Alliance coalition between: (Moderate Party, Liberals, Center, Christian Democrats) 40,2 % Red-green\",\"inLanguage\":\"en-US\",\"isPartOf\":{\"@id\":\"https:\\\/\\\/blogs.transparent.com\\\/swedish\\\/#website\"},\"breadcrumb\":{\"@id\":\"https:\\\/\\\/blogs.transparent.com\\\/swedish\\\/still-no-government-in-sweden\\\/#breadcrumblist\"},\"author\":{\"@id\":\"https:\\\/\\\/blogs.transparent.com\\\/swedish\\\/author\\\/tibor\\\/#author\"},\"creator\":{\"@id\":\"https:\\\/\\\/blogs.transparent.com\\\/swedish\\\/author\\\/tibor\\\/#author\"},\"image\":{\"@type\":\"ImageObject\",\"url\":\"https:\\\/\\\/blogs.transparent.com\\\/swedish\\\/wp-content\\\/uploads\\\/sites\\\/9\\\/2018\\\/11\\\/rapport.jpg\",\"@id\":\"https:\\\/\\\/blogs.transparent.com\\\/swedish\\\/still-no-government-in-sweden\\\/#mainImage\",\"width\":562,\"height\":750},\"primaryImageOfPage\":{\"@id\":\"https:\\\/\\\/blogs.transparent.com\\\/swedish\\\/still-no-government-in-sweden\\\/#mainImage\"},\"datePublished\":\"2018-11-12T10:00:41+00:00\",\"dateModified\":\"2018-11-19T20:47:46+00:00\"},{\"@type\":\"WebSite\",\"@id\":\"https:\\\/\\\/blogs.transparent.com\\\/swedish\\\/#website\",\"url\":\"https:\\\/\\\/blogs.transparent.com\\\/swedish\\\/\",\"name\":\"Swedish Language Blog\",\"description\":\"Language and Culture of the Swedish-Speaking World\",\"inLanguage\":\"en-US\",\"publisher\":{\"@id\":\"https:\\\/\\\/blogs.transparent.com\\\/swedish\\\/#organization\"}}]}\n\t\t<\/script>\n\t\t<!-- All in One SEO -->\n\n","aioseo_head_json":{"title":"Still no government in Sweden | Swedish Language Blog","description":"The 25 September voted most of the Swedish parliament (Riksdagen) against Stefan L\u00f6fv\u00e9n the sitting prime minister (statsminister) from the Socialdemocratic party. The most recent elections was held on 9\/9 where the turn out was very close between the right and the left block: Alliance coalition between: (Moderate Party, Liberals, Center, Christian Democrats) 40,2 % Red-green","canonical_url":"https:\/\/blogs.transparent.com\/swedish\/still-no-government-in-sweden\/","robots":"max-image-preview:large","keywords":"elections,j-\u00e5 lindstedt,rapportfr\u00e5nsandl\u00e5dan,sweden,swedish,swedish blog","webmasterTools":{"miscellaneous":""},"schema":{"@context":"https:\/\/schema.org","@graph":[{"@type":"Article","@id":"https:\/\/blogs.transparent.com\/swedish\/still-no-government-in-sweden\/#article","name":"Still no government in Sweden | Swedish Language Blog","headline":"Still no government in Sweden","author":{"@id":"https:\/\/blogs.transparent.com\/swedish\/author\/tibor\/#author"},"publisher":{"@id":"https:\/\/blogs.transparent.com\/swedish\/#organization"},"image":{"@type":"ImageObject","url":"https:\/\/blogs.transparent.com\/swedish\/wp-content\/uploads\/sites\/9\/2018\/11\/rapport.jpg","width":562,"height":750},"datePublished":"2018-11-12T10:00:41+00:00","dateModified":"2018-11-19T20:47:46+00:00","inLanguage":"en-US","mainEntityOfPage":{"@id":"https:\/\/blogs.transparent.com\/swedish\/still-no-government-in-sweden\/#webpage"},"isPartOf":{"@id":"https:\/\/blogs.transparent.com\/swedish\/still-no-government-in-sweden\/#webpage"},"articleSection":"Swedish Language, elections, j-\u00e5 lindstedt, rapportfr\u00e5nsandl\u00e5dan, Sweden, Swedish, Swedish blog"},{"@type":"BreadcrumbList","@id":"https:\/\/blogs.transparent.com\/swedish\/still-no-government-in-sweden\/#breadcrumblist","itemListElement":[{"@type":"ListItem","@id":"https:\/\/blogs.transparent.com\/swedish#listItem","position":1,"name":"Home","item":"https:\/\/blogs.transparent.com\/swedish","nextItem":{"@type":"ListItem","@id":"https:\/\/blogs.transparent.com\/swedish\/category\/swedish-language\/#listItem","name":"Swedish Language"}},{"@type":"ListItem","@id":"https:\/\/blogs.transparent.com\/swedish\/category\/swedish-language\/#listItem","position":2,"name":"Swedish Language","item":"https:\/\/blogs.transparent.com\/swedish\/category\/swedish-language\/","nextItem":{"@type":"ListItem","@id":"https:\/\/blogs.transparent.com\/swedish\/still-no-government-in-sweden\/#listItem","name":"Still no government in Sweden"},"previousItem":{"@type":"ListItem","@id":"https:\/\/blogs.transparent.com\/swedish#listItem","name":"Home"}},{"@type":"ListItem","@id":"https:\/\/blogs.transparent.com\/swedish\/still-no-government-in-sweden\/#listItem","position":3,"name":"Still no government in Sweden","previousItem":{"@type":"ListItem","@id":"https:\/\/blogs.transparent.com\/swedish\/category\/swedish-language\/#listItem","name":"Swedish Language"}}]},{"@type":"Organization","@id":"https:\/\/blogs.transparent.com\/swedish\/#organization","name":"Swedish Language Blog","description":"Language and Culture of the Swedish-Speaking World","url":"https:\/\/blogs.transparent.com\/swedish\/"},{"@type":"Person","@id":"https:\/\/blogs.transparent.com\/swedish\/author\/tibor\/#author","url":"https:\/\/blogs.transparent.com\/swedish\/author\/tibor\/","name":"Tibor","image":{"@type":"ImageObject","@id":"https:\/\/blogs.transparent.com\/swedish\/still-no-government-in-sweden\/#authorImage","url":"https:\/\/secure.gravatar.com\/avatar\/0918f53b516cd486a8bc63711094486d1196b1515a7c8c4631a1646e68cad37b?s=96&d=mm&r=g","width":96,"height":96,"caption":"Tibor"}},{"@type":"WebPage","@id":"https:\/\/blogs.transparent.com\/swedish\/still-no-government-in-sweden\/#webpage","url":"https:\/\/blogs.transparent.com\/swedish\/still-no-government-in-sweden\/","name":"Still no government in Sweden | Swedish Language Blog","description":"The 25 September voted most of the Swedish parliament (Riksdagen) against Stefan L\u00f6fv\u00e9n the sitting prime minister (statsminister) from the Socialdemocratic party. The most recent elections was held on 9\/9 where the turn out was very close between the right and the left block: Alliance coalition between: (Moderate Party, Liberals, Center, Christian Democrats) 40,2 % Red-green","inLanguage":"en-US","isPartOf":{"@id":"https:\/\/blogs.transparent.com\/swedish\/#website"},"breadcrumb":{"@id":"https:\/\/blogs.transparent.com\/swedish\/still-no-government-in-sweden\/#breadcrumblist"},"author":{"@id":"https:\/\/blogs.transparent.com\/swedish\/author\/tibor\/#author"},"creator":{"@id":"https:\/\/blogs.transparent.com\/swedish\/author\/tibor\/#author"},"image":{"@type":"ImageObject","url":"https:\/\/blogs.transparent.com\/swedish\/wp-content\/uploads\/sites\/9\/2018\/11\/rapport.jpg","@id":"https:\/\/blogs.transparent.com\/swedish\/still-no-government-in-sweden\/#mainImage","width":562,"height":750},"primaryImageOfPage":{"@id":"https:\/\/blogs.transparent.com\/swedish\/still-no-government-in-sweden\/#mainImage"},"datePublished":"2018-11-12T10:00:41+00:00","dateModified":"2018-11-19T20:47:46+00:00"},{"@type":"WebSite","@id":"https:\/\/blogs.transparent.com\/swedish\/#website","url":"https:\/\/blogs.transparent.com\/swedish\/","name":"Swedish Language Blog","description":"Language and Culture of the Swedish-Speaking World","inLanguage":"en-US","publisher":{"@id":"https:\/\/blogs.transparent.com\/swedish\/#organization"}}]},"og:locale":"en_US","og:site_name":"Swedish Language Blog | Language and Culture of the Swedish-Speaking World","og:type":"article","og:title":"Still no government in Sweden | Swedish Language Blog","og:description":"The 25 September voted most of the Swedish parliament (Riksdagen) against Stefan L\u00f6fv\u00e9n the sitting prime minister (statsminister) from the Socialdemocratic party. The most recent elections was held on 9\/9 where the turn out was very close between the right and the left block: Alliance coalition between: (Moderate Party, Liberals, Center, Christian Democrats) 40,2 % Red-green","og:url":"https:\/\/blogs.transparent.com\/swedish\/still-no-government-in-sweden\/","article:published_time":"2018-11-12T10:00:41+00:00","article:modified_time":"2018-11-19T20:47:46+00:00","twitter:card":"summary_large_image","twitter:title":"Still no government in Sweden | Swedish Language Blog","twitter:description":"The 25 September voted most of the Swedish parliament (Riksdagen) against Stefan L\u00f6fv\u00e9n the sitting prime minister (statsminister) from the Socialdemocratic party. The most recent elections was held on 9\/9 where the turn out was very close between the right and the left block: Alliance coalition between: (Moderate Party, Liberals, Center, Christian Democrats) 40,2 % Red-green"},"aioseo_meta_data":{"post_id":"8297","title":null,"description":null,"keywords":null,"keyphrases":null,"primary_term":null,"canonical_url":null,"og_title":null,"og_description":null,"og_object_type":"default","og_image_type":"default","og_image_url":null,"og_image_width":null,"og_image_height":null,"og_image_custom_url":null,"og_image_custom_fields":null,"og_video":null,"og_custom_url":null,"og_article_section":null,"og_article_tags":null,"twitter_use_og":false,"twitter_card":"default","twitter_image_type":"default","twitter_image_url":null,"twitter_image_custom_url":null,"twitter_image_custom_fields":null,"twitter_title":null,"twitter_description":null,"schema":{"blockGraphs":[],"customGraphs":[],"default":{"data":{"Article":[],"Course":[],"Dataset":[],"FAQPage":[],"Movie":[],"Person":[],"Product":[],"ProductReview":[],"Car":[],"Recipe":[],"Service":[],"SoftwareApplication":[],"WebPage":[]},"graphName":"Article","isEnabled":true},"graphs":[]},"schema_type":null,"schema_type_options":null,"pillar_content":false,"robots_default":true,"robots_noindex":false,"robots_noarchive":false,"robots_nosnippet":false,"robots_nofollow":false,"robots_noimageindex":false,"robots_noodp":false,"robots_notranslate":false,"robots_max_snippet":null,"robots_max_videopreview":null,"robots_max_imagepreview":"large","priority":null,"frequency":null,"location":null,"local_seo":null,"breadcrumb_settings":null,"limit_modified_date":false,"ai":null,"created":"2020-12-21 16:05:47","updated":"2025-07-09 18:02:25","focus_keyword":null,"additional_keywords":null,"truseo_locale":null,"seo_analyzer_scan_date":null},"_links":{"self":[{"href":"https:\/\/blogs.transparent.com\/swedish\/wp-json\/wp\/v2\/posts\/8297","targetHints":{"allow":["GET"]}}],"collection":[{"href":"https:\/\/blogs.transparent.com\/swedish\/wp-json\/wp\/v2\/posts"}],"about":[{"href":"https:\/\/blogs.transparent.com\/swedish\/wp-json\/wp\/v2\/types\/post"}],"author":[{"embeddable":true,"href":"https:\/\/blogs.transparent.com\/swedish\/wp-json\/wp\/v2\/users\/27"}],"replies":[{"embeddable":true,"href":"https:\/\/blogs.transparent.com\/swedish\/wp-json\/wp\/v2\/comments?post=8297"}],"version-history":[{"count":5,"href":"https:\/\/blogs.transparent.com\/swedish\/wp-json\/wp\/v2\/posts\/8297\/revisions"}],"predecessor-version":[{"id":8304,"href":"https:\/\/blogs.transparent.com\/swedish\/wp-json\/wp\/v2\/posts\/8297\/revisions\/8304"}],"wp:featuredmedia":[{"embeddable":true,"href":"https:\/\/blogs.transparent.com\/swedish\/wp-json\/wp\/v2\/media\/8299"}],"wp:attachment":[{"href":"https:\/\/blogs.transparent.com\/swedish\/wp-json\/wp\/v2\/media?parent=8297"}],"wp:term":[{"taxonomy":"category","embeddable":true,"href":"https:\/\/blogs.transparent.com\/swedish\/wp-json\/wp\/v2\/categories?post=8297"},{"taxonomy":"post_tag","embeddable":true,"href":"https:\/\/blogs.transparent.com\/swedish\/wp-json\/wp\/v2\/tags?post=8297"}],"curies":[{"name":"wp","href":"https:\/\/api.w.org\/{rel}","templated":true}]}}